{"id":14849,"date":"2021-09-02T14:10:57","date_gmt":"2021-09-02T17:10:57","guid":{"rendered":"https:\/\/abrelivros.org.br\/site\/?p=14849"},"modified":"2021-09-02T14:10:57","modified_gmt":"2021-09-02T17:10:57","slug":"camara-aprova-projeto-que-prorroga-mudancas-no-calendario-escolar-ate-o-fim-do-ano-2","status":"publish","type":"post","link":"https:\/\/abrelivros.org.br\/site\/camara-aprova-projeto-que-prorroga-mudancas-no-calendario-escolar-ate-o-fim-do-ano-2\/","title":{"rendered":"C\u00e2mara aprova projeto que prorroga mudan\u00e7as no calend\u00e1rio escolar at\u00e9 o fim do ano"},"content":{"rendered":"<p>A C\u00e2mara dos Deputados aprovou nesta quarta-feira (1\u00ba) o Projeto de Lei 486\/21, da deputada<a href=\"https:\/\/www.camara.leg.br\/deputados\/160639\" target=\"_blank\" rel=\"noopener noreferrer\"> Professora Dorinha Seabra Rezende (DEM-TO)<\/a>, que desvincula a vig\u00eancia de normas excepcionais sobre o ensino, na pandemia de Covid-19, do decreto de calamidade p\u00fablica que perdeu a vig\u00eancia no fim do ano passado. A mat\u00e9ria ser\u00e1 votada ainda pelo Senado.<!--more--><\/p>\n<p>Segundo a autora, o projeto d\u00e1 seguran\u00e7a jur\u00eddica aos secret\u00e1rios de Educa\u00e7\u00e3o para aplicarem as normas neste ano. \u201cO projeto foi apresentado a pedido dos secret\u00e1rios estaduais e municipais de Educa\u00e7\u00e3o e busca dar seguran\u00e7a para que cada escola possa organizar o seu calend\u00e1rio em raz\u00e3o da pandemia\u201d, afirmou.<\/p>\n<p>O Decreto Legislativo 6\/20 reconheceu a calamidade principalmente para fins or\u00e7ament\u00e1rios e foi citado em v\u00e1rias leis relacionadas \u00e0s consequ\u00eancias das medidas de combate \u00e0 dissemina\u00e7\u00e3o do v\u00edrus.<\/p>\n<p>&nbsp;<\/p>\n<p><strong>Medidas poss\u00edveis<\/strong><\/p>\n<p>O texto aprovado em Plen\u00e1rio \u00e9 um substitutivo da Comiss\u00e3o de Educa\u00e7\u00e3o da C\u00e2mara, elaborado pelo deputado <a href=\"https:\/\/www.camara.leg.br\/deputados\/204533\" target=\"_blank\" rel=\"noopener noreferrer\">Idilvan Alencar (PDT-CE)<\/a>. Segundo o texto, at\u00e9 o encerramento do ano letivo de 2021 poder\u00e3o ser adotadas medidas da <a href=\"https:\/\/www2.camara.leg.br\/legin\/fed\/lei\/2020\/lei-14040-18-agosto-2020-790546-norma-pl.html\" target=\"_blank\" rel=\"noopener noreferrer\">Lei 14.040\/20<\/a>.<\/p>\n<p>Entre essas medidas est\u00e3o a suspens\u00e3o da obrigatoriedade de escolas e universidades cumprirem a quantidade m\u00ednima de dias letivos; a aglutina\u00e7\u00e3o de duas s\u00e9ries ou anos escolares; a permiss\u00e3o para o ensino remoto; e a antecipa\u00e7\u00e3o da conclus\u00e3o de cursos de medicina ou cursos t\u00e9cnicos relacionados ao combate \u00e0 Covid-19, se cumpridos 75% da carga hor\u00e1ria.<\/p>\n<p>\u201cConsiderando-se a continuidade da pandemia, agravada nesse primeiro trimestre, o projeto suprime qualquer d\u00favida em rela\u00e7\u00e3o \u00e0 possibilidade de continuidade de aplica\u00e7\u00e3o das medidas educacionais que n\u00e3o t\u00eam impacto or\u00e7ament\u00e1rio\u201d, afirmou o relator.<\/p>\n<p>Pela Comiss\u00e3o de Constitui\u00e7\u00e3o e Justi\u00e7a e de Cidadania (CCJ), a deputada<a href=\"https:\/\/www.camara.leg.br\/deputados\/74057\" target=\"_blank\" rel=\"noopener noreferrer\"> Alice Portugal (PCdoB-BA)<\/a> apresentou parecer favor\u00e1vel ao substitutivo.<\/p>\n<p><a href=\"https:\/\/www.camara.leg.br\/noticias\/573454-SAIBA-MAIS-SOBRE-A-TRAMITACAO-DE-PROJETOS-DE-LEI\" target=\"_blank\" rel=\"noopener noreferrer\">Saiba mais sobre a tramita\u00e7\u00e3o de projetos de le<\/a><\/p>\n","protected":false},"excerpt":{"rendered":"<p>A C\u00e2mara dos Deputados aprovou nesta quarta-feira (1\u00ba) o Projeto de Lei 486\/21, da deputada Professora Dorinha Seabra Rezende (DEM-TO), que desvincula a vig\u00eancia de normas excepcionais sobre o ensino, na pandemia de Covid-19, do decreto de calamidade p\u00fablica que perdeu a vig\u00eancia no fim do ano passado. A mat\u00e9ria ser\u00e1 votada ainda pelo Senado.<\/p>\n","protected":false},"author":4,"featured_media":0,"comment_status":"closed","ping_status":"closed","sticky":false,"template":"","format":"standard","meta":{"footnotes":"","_links_to":"","_links_to_target":""},"categories":[9],"tags":[],"class_list":["post-14849","post","type-post","status-publish","format-standard","hentry","category-noticias-da-imprensa"],"yoast_head":"<!-- This site is optimized with the Yoast SEO plugin v15.1 - https:\/\/yoast.com\/wordpress\/plugins\/seo\/ -->\n<title>C\u00e2mara aprova projeto que prorroga mudan\u00e7as no calend\u00e1rio escolar at\u00e9 o fim do ano &raquo; Abrelivros<\/title>\n<meta name=\"robots\" content=\"index, follow, max-snippet:-1, max-image-preview:large, max-video-preview:-1\" \/>\n<link rel=\"canonical\" href=\"https:\/\/abrelivros.org.br\/site\/camara-aprova-projeto-que-prorroga-mudancas-no-calendario-escolar-ate-o-fim-do-ano-2\/\" \/>\n<meta property=\"og:locale\" content=\"pt_BR\" \/>\n<meta property=\"og:type\" content=\"article\" \/>\n<meta property=\"og:title\" content=\"C\u00e2mara aprova projeto que prorroga mudan\u00e7as no calend\u00e1rio escolar at\u00e9 o fim do ano &raquo; Abrelivros\" \/>\n<meta property=\"og:description\" content=\"A C\u00e2mara dos Deputados aprovou nesta quarta-feira (1\u00ba) o Projeto de Lei 486\/21, da deputada Professora Dorinha Seabra Rezende (DEM-TO), que desvincula a vig\u00eancia de normas excepcionais sobre o ensino, na pandemia de Covid-19, do decreto de calamidade p\u00fablica que perdeu a vig\u00eancia no fim do ano passado. A mat\u00e9ria ser\u00e1 votada ainda pelo Senado.\" \/>\n<meta property=\"og:url\" content=\"https:\/\/abrelivros.org.br\/site\/camara-aprova-projeto-que-prorroga-mudancas-no-calendario-escolar-ate-o-fim-do-ano-2\/\" \/>\n<meta property=\"og:site_name\" content=\"Abrelivros\" \/>\n<meta property=\"article:published_time\" content=\"2021-09-02T17:10:57+00:00\" \/>\n<meta name=\"twitter:card\" content=\"summary_large_image\" \/>\n<script type=\"application\/ld+json\" class=\"yoast-schema-graph\">{\"@context\":\"https:\/\/schema.org\",\"@graph\":[{\"@type\":\"WebSite\",\"@id\":\"https:\/\/abrelivros.org.br\/site\/#website\",\"url\":\"https:\/\/abrelivros.org.br\/site\/\",\"name\":\"Abrelivros\",\"description\":\"\",\"potentialAction\":[{\"@type\":\"SearchAction\",\"target\":\"https:\/\/abrelivros.org.br\/site\/?s={search_term_string}\",\"query-input\":\"required name=search_term_string\"}],\"inLanguage\":\"pt-BR\"},{\"@type\":\"WebPage\",\"@id\":\"https:\/\/abrelivros.org.br\/site\/camara-aprova-projeto-que-prorroga-mudancas-no-calendario-escolar-ate-o-fim-do-ano-2\/#webpage\",\"url\":\"https:\/\/abrelivros.org.br\/site\/camara-aprova-projeto-que-prorroga-mudancas-no-calendario-escolar-ate-o-fim-do-ano-2\/\",\"name\":\"C\\u00e2mara aprova projeto que prorroga mudan\\u00e7as no calend\\u00e1rio escolar at\\u00e9 o fim do ano &raquo; Abrelivros\",\"isPartOf\":{\"@id\":\"https:\/\/abrelivros.org.br\/site\/#website\"},\"datePublished\":\"2021-09-02T17:10:57+00:00\",\"dateModified\":\"2021-09-02T17:10:57+00:00\",\"author\":{\"@id\":\"https:\/\/abrelivros.org.br\/site\/#\/schema\/person\/65db80e26409802ce15ac5feec6a15fd\"},\"breadcrumb\":{\"@id\":\"https:\/\/abrelivros.org.br\/site\/camara-aprova-projeto-que-prorroga-mudancas-no-calendario-escolar-ate-o-fim-do-ano-2\/#breadcrumb\"},\"inLanguage\":\"pt-BR\",\"potentialAction\":[{\"@type\":\"ReadAction\",\"target\":[\"https:\/\/abrelivros.org.br\/site\/camara-aprova-projeto-que-prorroga-mudancas-no-calendario-escolar-ate-o-fim-do-ano-2\/\"]}]},{\"@type\":\"BreadcrumbList\",\"@id\":\"https:\/\/abrelivros.org.br\/site\/camara-aprova-projeto-que-prorroga-mudancas-no-calendario-escolar-ate-o-fim-do-ano-2\/#breadcrumb\",\"itemListElement\":[{\"@type\":\"ListItem\",\"position\":1,\"item\":{\"@type\":\"WebPage\",\"@id\":\"https:\/\/abrelivros.org.br\/site\/\",\"url\":\"https:\/\/abrelivros.org.br\/site\/\",\"name\":\"In\\u00edcio\"}},{\"@type\":\"ListItem\",\"position\":2,\"item\":{\"@type\":\"WebPage\",\"@id\":\"https:\/\/abrelivros.org.br\/site\/category\/noticias\/\",\"url\":\"https:\/\/abrelivros.org.br\/site\/category\/noticias\/\",\"name\":\"Not\\u00edcias\"}},{\"@type\":\"ListItem\",\"position\":3,\"item\":{\"@type\":\"WebPage\",\"@id\":\"https:\/\/abrelivros.org.br\/site\/category\/noticias\/noticias-da-imprensa\/\",\"url\":\"https:\/\/abrelivros.org.br\/site\/category\/noticias\/noticias-da-imprensa\/\",\"name\":\"Not\\u00edcias da imprensa\"}},{\"@type\":\"ListItem\",\"position\":4,\"item\":{\"@type\":\"WebPage\",\"@id\":\"https:\/\/abrelivros.org.br\/site\/camara-aprova-projeto-que-prorroga-mudancas-no-calendario-escolar-ate-o-fim-do-ano-2\/\",\"url\":\"https:\/\/abrelivros.org.br\/site\/camara-aprova-projeto-que-prorroga-mudancas-no-calendario-escolar-ate-o-fim-do-ano-2\/\",\"name\":\"C\\u00e2mara aprova projeto que prorroga mudan\\u00e7as no calend\\u00e1rio escolar at\\u00e9 o fim do ano\"}}]},{\"@type\":\"Person\",\"@id\":\"https:\/\/abrelivros.org.br\/site\/#\/schema\/person\/65db80e26409802ce15ac5feec6a15fd\",\"name\":\"Reda\\u00e7\\u00e3o Abrelivros\",\"image\":{\"@type\":\"ImageObject\",\"@id\":\"https:\/\/abrelivros.org.br\/site\/#personlogo\",\"inLanguage\":\"pt-BR\",\"url\":\"https:\/\/secure.gravatar.com\/avatar\/c4e57f9c7e3482965bd428192061218520756c39080b1d1820b679fa5e9af192?s=96&d=mm&r=g\",\"caption\":\"Reda\\u00e7\\u00e3o Abrelivros\"}}]}<\/script>\n<!-- \/ Yoast SEO plugin. -->","_links":{"self":[{"href":"https:\/\/abrelivros.org.br\/site\/wp-json\/wp\/v2\/posts\/14849","targetHints":{"allow":["GET"]}}],"collection":[{"href":"https:\/\/abrelivros.org.br\/site\/wp-json\/wp\/v2\/posts"}],"about":[{"href":"https:\/\/abrelivros.org.br\/site\/wp-json\/wp\/v2\/types\/post"}],"author":[{"embeddable":true,"href":"https:\/\/abrelivros.org.br\/site\/wp-json\/wp\/v2\/users\/4"}],"replies":[{"embeddable":true,"href":"https:\/\/abrelivros.org.br\/site\/wp-json\/wp\/v2\/comments?post=14849"}],"version-history":[{"count":1,"href":"https:\/\/abrelivros.org.br\/site\/wp-json\/wp\/v2\/posts\/14849\/revisions"}],"predecessor-version":[{"id":14850,"href":"https:\/\/abrelivros.org.br\/site\/wp-json\/wp\/v2\/posts\/14849\/revisions\/14850"}],"wp:attachment":[{"href":"https:\/\/abrelivros.org.br\/site\/wp-json\/wp\/v2\/media?parent=14849"}],"wp:term":[{"taxonomy":"category","embeddable":true,"href":"https:\/\/abrelivros.org.br\/site\/wp-json\/wp\/v2\/categories?post=14849"},{"taxonomy":"post_tag","embeddable":true,"href":"https:\/\/abrelivros.org.br\/site\/wp-json\/wp\/v2\/tags?post=14849"}],"curies":[{"name":"wp","href":"https:\/\/api.w.org\/{rel}","templated":true}]}}