{"id":14847,"date":"2021-09-02T14:10:26","date_gmt":"2021-09-02T17:10:26","guid":{"rendered":"https:\/\/abrelivros.org.br\/site\/?p=14847"},"modified":"2021-09-02T14:10:26","modified_gmt":"2021-09-02T17:10:26","slug":"2o-seminario-internacional-docencia-e-diferencas-na-educacao-infantil-2","status":"publish","type":"post","link":"https:\/\/abrelivros.org.br\/site\/2o-seminario-internacional-docencia-e-diferencas-na-educacao-infantil-2\/","title":{"rendered":"2\u00ba Semin\u00e1rio Internacional \u201cDoc\u00eancia e Diferen\u00e7as na Educa\u00e7\u00e3o Infantil\u201d"},"content":{"rendered":"<p>Ag\u00eancia FAPESP \u2013 A segunda edi\u00e7\u00e3o do semin\u00e1rio internacional \u201cDoc\u00eancia e Diferen\u00e7as na Educa\u00e7\u00e3o Infantil\u201d ser\u00e1 realizada virtualmente de 6 a 8 de setembro de 2021.<!--more--><\/p>\n<p>O evento \u00e9 organizado conjuntamente pela Universidade Federal de S\u00e3o Carlos (UFSCar), Universidade Estadual de Campinas (Unicamp), Universidade de S\u00e3o Paulo (USP), Universidade Federal de S\u00e3o Paulo (Unifesp), Universidade Federal de Alfenas (Unifal) e Universidade da Integra\u00e7\u00e3o Internacional da Lusofonia Afro-Brasileira (Unilab).<\/p>\n<p>O objetivo \u00e9 contribuir para a forma\u00e7\u00e3o de professores e pesquisadores da educa\u00e7\u00e3o infantil e possibilitar a socializa\u00e7\u00e3o de pesquisas e experi\u00eancias sobre os seguintes eixos tem\u00e1ticos: \u201cG\u00eanero, sexualidades, diversidade sexual e doc\u00eancias\u201d, \u201cRela\u00e7\u00f5es \u00e9tnico-raciais e doc\u00eancia\u201d, \u201cCulturas, diferen\u00e7as e doc\u00eancia\u201d, \u201cInf\u00e2ncia(s), diferen\u00e7as e desafios atuais para a doc\u00eancia\u201d e \u201cCorpo e diferen\u00e7as\u201d.<\/p>\n<p>Conferencistas do Brasil e de outros pa\u00edses discutir\u00e3o temas como \u201cEduca\u00e7\u00e3o Infantil e Diferen\u00e7as: contribui\u00e7\u00f5es das ontoepistemologias ind\u00edgena e do feminismo negro\u201d; \u201c(Trans)sexualidade e os desafios da doc\u00eancia da educa\u00e7\u00e3o infantil\u201d; \u201cPerspectivas sul-africanas sobre Educa\u00e7\u00e3o Infantil e diferen\u00e7a\u201d; \u201cDiferen\u00e7a e diversidade na doc\u00eancia da Educa\u00e7\u00e3o Infantil\u201d; \u201cUm olhar ind\u00edgena sobre inf\u00e2ncia e educa\u00e7\u00e3o\u201d.<\/p>\n<p>As inscri\u00e7\u00f5es custam entre R$ 100 e R$ 220 e devem ser feitas pelo <a href=\"https:\/\/www.fe.unicamp.br\/eventos\/docencia-e-diferencas-na-educacao-infantil\/arquivos\/inscricoes.html\" target=\"_blank\" rel=\"noopener noreferrer\">site do evento<\/a>. O p\u00fablico inscrito receber\u00e1 o link de transmiss\u00e3o das atividades.<\/p>\n<p>Mais informa\u00e7\u00f5es: <a href=\"https:\/\/bit.ly\/3xWkj5i\" target=\"_blank\" rel=\"noopener noreferrer\">https:\/\/bit.ly\/3xWkj5i<\/a> ou pelo e-mail <a href=\"mailto:eventofe@unicamp.br\" target=\"_blank\" rel=\"noopener noreferrer\">eventofe@unicamp.br<\/a>.<\/p>\n","protected":false},"excerpt":{"rendered":"<p>Ag\u00eancia FAPESP \u2013 A segunda edi\u00e7\u00e3o do semin\u00e1rio internacional \u201cDoc\u00eancia e Diferen\u00e7as na Educa\u00e7\u00e3o Infantil\u201d ser\u00e1 realizada virtualmente de 6 a 8 de setembro de 2021.<\/p>\n","protected":false},"author":4,"featured_media":0,"comment_status":"closed","ping_status":"closed","sticky":false,"template":"","format":"standard","meta":{"footnotes":"","_links_to":"","_links_to_target":""},"categories":[9],"tags":[],"class_list":["post-14847","post","type-post","status-publish","format-standard","hentry","category-noticias-da-imprensa"],"yoast_head":"<!-- This site is optimized with the Yoast SEO plugin v15.1 - https:\/\/yoast.com\/wordpress\/plugins\/seo\/ -->\n<title>2\u00ba Semin\u00e1rio Internacional \u201cDoc\u00eancia e Diferen\u00e7as na Educa\u00e7\u00e3o Infantil\u201d &raquo; Abrelivros<\/title>\n<meta name=\"robots\" content=\"index, follow, max-snippet:-1, max-image-preview:large, max-video-preview:-1\" \/>\n<link rel=\"canonical\" href=\"https:\/\/abrelivros.org.br\/site\/2o-seminario-internacional-docencia-e-diferencas-na-educacao-infantil-2\/\" \/>\n<meta property=\"og:locale\" content=\"pt_BR\" \/>\n<meta property=\"og:type\" content=\"article\" \/>\n<meta property=\"og:title\" content=\"2\u00ba Semin\u00e1rio Internacional \u201cDoc\u00eancia e Diferen\u00e7as na Educa\u00e7\u00e3o Infantil\u201d &raquo; Abrelivros\" \/>\n<meta property=\"og:description\" content=\"Ag\u00eancia FAPESP \u2013 A segunda edi\u00e7\u00e3o do semin\u00e1rio internacional \u201cDoc\u00eancia e Diferen\u00e7as na Educa\u00e7\u00e3o Infantil\u201d ser\u00e1 realizada virtualmente de 6 a 8 de setembro de 2021.\" \/>\n<meta property=\"og:url\" content=\"https:\/\/abrelivros.org.br\/site\/2o-seminario-internacional-docencia-e-diferencas-na-educacao-infantil-2\/\" \/>\n<meta property=\"og:site_name\" content=\"Abrelivros\" \/>\n<meta property=\"article:published_time\" content=\"2021-09-02T17:10:26+00:00\" \/>\n<meta name=\"twitter:card\" content=\"summary_large_image\" \/>\n<script type=\"application\/ld+json\" class=\"yoast-schema-graph\">{\"@context\":\"https:\/\/schema.org\",\"@graph\":[{\"@type\":\"WebSite\",\"@id\":\"https:\/\/abrelivros.org.br\/site\/#website\",\"url\":\"https:\/\/abrelivros.org.br\/site\/\",\"name\":\"Abrelivros\",\"description\":\"\",\"potentialAction\":[{\"@type\":\"SearchAction\",\"target\":\"https:\/\/abrelivros.org.br\/site\/?s={search_term_string}\",\"query-input\":\"required name=search_term_string\"}],\"inLanguage\":\"pt-BR\"},{\"@type\":\"WebPage\",\"@id\":\"https:\/\/abrelivros.org.br\/site\/2o-seminario-internacional-docencia-e-diferencas-na-educacao-infantil-2\/#webpage\",\"url\":\"https:\/\/abrelivros.org.br\/site\/2o-seminario-internacional-docencia-e-diferencas-na-educacao-infantil-2\/\",\"name\":\"2\\u00ba Semin\\u00e1rio Internacional \\u201cDoc\\u00eancia e Diferen\\u00e7as na Educa\\u00e7\\u00e3o Infantil\\u201d &raquo; Abrelivros\",\"isPartOf\":{\"@id\":\"https:\/\/abrelivros.org.br\/site\/#website\"},\"datePublished\":\"2021-09-02T17:10:26+00:00\",\"dateModified\":\"2021-09-02T17:10:26+00:00\",\"author\":{\"@id\":\"https:\/\/abrelivros.org.br\/site\/#\/schema\/person\/65db80e26409802ce15ac5feec6a15fd\"},\"breadcrumb\":{\"@id\":\"https:\/\/abrelivros.org.br\/site\/2o-seminario-internacional-docencia-e-diferencas-na-educacao-infantil-2\/#breadcrumb\"},\"inLanguage\":\"pt-BR\",\"potentialAction\":[{\"@type\":\"ReadAction\",\"target\":[\"https:\/\/abrelivros.org.br\/site\/2o-seminario-internacional-docencia-e-diferencas-na-educacao-infantil-2\/\"]}]},{\"@type\":\"BreadcrumbList\",\"@id\":\"https:\/\/abrelivros.org.br\/site\/2o-seminario-internacional-docencia-e-diferencas-na-educacao-infantil-2\/#breadcrumb\",\"itemListElement\":[{\"@type\":\"ListItem\",\"position\":1,\"item\":{\"@type\":\"WebPage\",\"@id\":\"https:\/\/abrelivros.org.br\/site\/\",\"url\":\"https:\/\/abrelivros.org.br\/site\/\",\"name\":\"In\\u00edcio\"}},{\"@type\":\"ListItem\",\"position\":2,\"item\":{\"@type\":\"WebPage\",\"@id\":\"https:\/\/abrelivros.org.br\/site\/category\/noticias\/\",\"url\":\"https:\/\/abrelivros.org.br\/site\/category\/noticias\/\",\"name\":\"Not\\u00edcias\"}},{\"@type\":\"ListItem\",\"position\":3,\"item\":{\"@type\":\"WebPage\",\"@id\":\"https:\/\/abrelivros.org.br\/site\/category\/noticias\/noticias-da-imprensa\/\",\"url\":\"https:\/\/abrelivros.org.br\/site\/category\/noticias\/noticias-da-imprensa\/\",\"name\":\"Not\\u00edcias da imprensa\"}},{\"@type\":\"ListItem\",\"position\":4,\"item\":{\"@type\":\"WebPage\",\"@id\":\"https:\/\/abrelivros.org.br\/site\/2o-seminario-internacional-docencia-e-diferencas-na-educacao-infantil-2\/\",\"url\":\"https:\/\/abrelivros.org.br\/site\/2o-seminario-internacional-docencia-e-diferencas-na-educacao-infantil-2\/\",\"name\":\"2\\u00ba Semin\\u00e1rio Internacional \\u201cDoc\\u00eancia e Diferen\\u00e7as na Educa\\u00e7\\u00e3o Infantil\\u201d\"}}]},{\"@type\":\"Person\",\"@id\":\"https:\/\/abrelivros.org.br\/site\/#\/schema\/person\/65db80e26409802ce15ac5feec6a15fd\",\"name\":\"Reda\\u00e7\\u00e3o Abrelivros\",\"image\":{\"@type\":\"ImageObject\",\"@id\":\"https:\/\/abrelivros.org.br\/site\/#personlogo\",\"inLanguage\":\"pt-BR\",\"url\":\"https:\/\/secure.gravatar.com\/avatar\/c4e57f9c7e3482965bd428192061218520756c39080b1d1820b679fa5e9af192?s=96&d=mm&r=g\",\"caption\":\"Reda\\u00e7\\u00e3o Abrelivros\"}}]}<\/script>\n<!-- \/ Yoast SEO plugin. -->","_links":{"self":[{"href":"https:\/\/abrelivros.org.br\/site\/wp-json\/wp\/v2\/posts\/14847","targetHints":{"allow":["GET"]}}],"collection":[{"href":"https:\/\/abrelivros.org.br\/site\/wp-json\/wp\/v2\/posts"}],"about":[{"href":"https:\/\/abrelivros.org.br\/site\/wp-json\/wp\/v2\/types\/post"}],"author":[{"embeddable":true,"href":"https:\/\/abrelivros.org.br\/site\/wp-json\/wp\/v2\/users\/4"}],"replies":[{"embeddable":true,"href":"https:\/\/abrelivros.org.br\/site\/wp-json\/wp\/v2\/comments?post=14847"}],"version-history":[{"count":1,"href":"https:\/\/abrelivros.org.br\/site\/wp-json\/wp\/v2\/posts\/14847\/revisions"}],"predecessor-version":[{"id":14848,"href":"https:\/\/abrelivros.org.br\/site\/wp-json\/wp\/v2\/posts\/14847\/revisions\/14848"}],"wp:attachment":[{"href":"https:\/\/abrelivros.org.br\/site\/wp-json\/wp\/v2\/media?parent=14847"}],"wp:term":[{"taxonomy":"category","embeddable":true,"href":"https:\/\/abrelivros.org.br\/site\/wp-json\/wp\/v2\/categories?post=14847"},{"taxonomy":"post_tag","embeddable":true,"href":"https:\/\/abrelivros.org.br\/site\/wp-json\/wp\/v2\/tags?post=14847"}],"curies":[{"name":"wp","href":"https:\/\/api.w.org\/{rel}","templated":true}]}}