{"id":1478,"date":"2006-07-11T14:43:00","date_gmt":"2006-07-11T17:43:00","guid":{"rendered":"https:\/\/abrelivros.org.br\/site\/2006\/07\/11\/ministro-defende-mobilizacao-social-para-melhorar-educacao\/"},"modified":"2006-07-11T14:43:00","modified_gmt":"2006-07-11T17:43:00","slug":"ministro-defende-mobilizacao-social-para-melhorar-educacao","status":"publish","type":"post","link":"https:\/\/abrelivros.org.br\/site\/ministro-defende-mobilizacao-social-para-melhorar-educacao\/","title":{"rendered":"Ministro defende mobiliza\u00e7\u00e3o social para melhorar educa\u00e7\u00e3o"},"content":{"rendered":"<p>O Ministro da Educa\u00e7\u00e3o, Fernando Haddad, disse que a sociedade paulistana, mais do que o Estado, \u00e9 quem precisa se mobilizar para melhorar a qualidade da educa\u00e7\u00e3o p\u00fablica no Estado. \u201cEssa mobiliza\u00e7\u00e3o precisa ter um car\u00e1ter social, n\u00e3o estatal\u201c. afirmou. Em entrevista ao programa Roda Viva, na TV Cultura, na noite de segunda-feira (10), o ministro comentou os resultados do Prova Brasil, uma avalia\u00e7\u00e3o feito pelo MEC que colocou a 4\u00aa s\u00e9rie da rede de ensino da Prefeitura de S\u00e3o Paulo entre as sete piores do pa\u00eds. \u201cO que S\u00e3o Paulo pode fazer com esses dados? S\u00e3o Paulo pode lamentar. Mais do que lamentar, S\u00e3o Paulo pode se mobilizar e n\u00e3o aceitar esse resultado\u201c, afirmou. Segundo o ministro, \u00e9 precisa investir na forma\u00e7\u00e3o do professor e refor\u00e7as a perman\u00eancia do aluno na escola, entre outras medidas. &nbsp;<br \/> &nbsp;<br \/> O ministro chamou o Prova Brasil de \u201crevolu\u00e7\u00e3o\u201c, por avaliar a qualidade das escolas e divulgar os resultados. \u201cDivulgamos os dados por escola por entender que isso mobilizaria mais a sociedade\u201c, afirmou. A chave para melhor o ensino, segundo ele, \u00e9 tornar \u201ca escola mais p\u00fablica e menos estatal\u201c. Haddad afirmou que estuda retirar o regime de urg\u00eancia do projeto de reforma universit\u00e1ria enviado ao Congresso. \u201cH\u00e1 quest\u00f5es que precisam de maior amadurecimento, sobre as quais n\u00e3o houve consenso\u201c, afirmou, e citou como exemplo o financiamento aos hospitais de ensino. Ele admite que \u00e9 dif\u00edcil votar o projeto ainda neste ano.&nbsp;<br \/> &nbsp;<br \/> Sobre o projeto de cotas, Haddad reiterou uma afirma\u00e7\u00e3o do ministro Tarso Genro (Rela\u00e7\u00f5es Institucionais) e disse que a prioridade do governo s\u00e3o as cotas sociais &#8211;para os alunos egressos das escolas p\u00fablicas. A quest\u00e3o das cotas para minorias raciais, como negros e \u00edndios, segundo o ministro, \u00e9 \u201csubsidi\u00e1ria\u201c. Haddad tamb\u00e9m afirmou que um dos objetivos da reforma universit\u00e1ria \u00e9 \u201csuperar a contradi\u00e7\u00e3o entre educa\u00e7\u00e3o b\u00e1sica e superior\u201c. Segundo ele, o governo n\u00e3o pode escolher entre um e outro, mas precisa privilegiar ambos. \u201c\u00c9 como perguntar a um m\u00e9dico se ele \u00e9 a favor do atendimento b\u00e1sico ou de alta complexidade. Ambos s\u00e3o importantes\u201c, disse.&nbsp;<br \/>  &nbsp;<\/p>\n","protected":false},"excerpt":{"rendered":"<p>O Ministro da Educa\u00e7\u00e3o, Fernando Haddad, disse que a sociedade paulistana, mais do que o Estado, \u00e9 quem precisa se mobilizar para melhorar a qualidade da educa\u00e7\u00e3o p\u00fablica no Estado. \u201cEssa mobiliza\u00e7\u00e3o precisa ter um car\u00e1ter social, n\u00e3o estatal\u201c. afirmou. Em entrevista ao programa Roda Viva, na TV Cultura, na noite de segunda-feira (10), o [&hellip;]<\/p>\n","protected":false},"author":1,"featured_media":0,"comment_status":"closed","ping_status":"closed","sticky":false,"template":"","format":"standard","meta":{"footnotes":"","_links_to":"","_links_to_target":""},"categories":[9],"tags":[],"class_list":["post-1478","post","type-post","status-publish","format-standard","hentry","category-noticias-da-imprensa"],"yoast_head":"<!-- This site is optimized with the Yoast SEO plugin v15.1 - https:\/\/yoast.com\/wordpress\/plugins\/seo\/ -->\n<title>Ministro defende mobiliza\u00e7\u00e3o social para melhorar educa\u00e7\u00e3o &raquo; Abrelivros<\/title>\n<meta name=\"robots\" content=\"index, follow, max-snippet:-1, max-image-preview:large, max-video-preview:-1\" \/>\n<link rel=\"canonical\" href=\"https:\/\/abrelivros.org.br\/site\/ministro-defende-mobilizacao-social-para-melhorar-educacao\/\" \/>\n<meta property=\"og:locale\" content=\"pt_BR\" \/>\n<meta property=\"og:type\" content=\"article\" \/>\n<meta property=\"og:title\" content=\"Ministro defende mobiliza\u00e7\u00e3o social para melhorar educa\u00e7\u00e3o &raquo; Abrelivros\" \/>\n<meta property=\"og:description\" content=\"O Ministro da Educa\u00e7\u00e3o, Fernando Haddad, disse que a sociedade paulistana, mais do que o Estado, \u00e9 quem precisa se mobilizar para melhorar a qualidade da educa\u00e7\u00e3o p\u00fablica no Estado. \u201cEssa mobiliza\u00e7\u00e3o precisa ter um car\u00e1ter social, n\u00e3o estatal\u201c. afirmou. Em entrevista ao programa Roda Viva, na TV Cultura, na noite de segunda-feira (10), o [&hellip;]\" \/>\n<meta property=\"og:url\" content=\"https:\/\/abrelivros.org.br\/site\/ministro-defende-mobilizacao-social-para-melhorar-educacao\/\" \/>\n<meta property=\"og:site_name\" content=\"Abrelivros\" \/>\n<meta property=\"article:published_time\" content=\"2006-07-11T17:43:00+00:00\" \/>\n<meta name=\"twitter:card\" content=\"summary_large_image\" \/>\n<script type=\"application\/ld+json\" class=\"yoast-schema-graph\">{\"@context\":\"https:\/\/schema.org\",\"@graph\":[{\"@type\":\"WebSite\",\"@id\":\"https:\/\/abrelivros.org.br\/site\/#website\",\"url\":\"https:\/\/abrelivros.org.br\/site\/\",\"name\":\"Abrelivros\",\"description\":\"\",\"potentialAction\":[{\"@type\":\"SearchAction\",\"target\":\"https:\/\/abrelivros.org.br\/site\/?s={search_term_string}\",\"query-input\":\"required name=search_term_string\"}],\"inLanguage\":\"pt-BR\"},{\"@type\":\"WebPage\",\"@id\":\"https:\/\/abrelivros.org.br\/site\/ministro-defende-mobilizacao-social-para-melhorar-educacao\/#webpage\",\"url\":\"https:\/\/abrelivros.org.br\/site\/ministro-defende-mobilizacao-social-para-melhorar-educacao\/\",\"name\":\"Ministro defende mobiliza\\u00e7\\u00e3o social para melhorar educa\\u00e7\\u00e3o &raquo; Abrelivros\",\"isPartOf\":{\"@id\":\"https:\/\/abrelivros.org.br\/site\/#website\"},\"datePublished\":\"2006-07-11T17:43:00+00:00\",\"dateModified\":\"2006-07-11T17:43:00+00:00\",\"author\":{\"@id\":\"https:\/\/abrelivros.org.br\/site\/#\/schema\/person\/2b867f13a717bb230f1a3555505f5593\"},\"breadcrumb\":{\"@id\":\"https:\/\/abrelivros.org.br\/site\/ministro-defende-mobilizacao-social-para-melhorar-educacao\/#breadcrumb\"},\"inLanguage\":\"pt-BR\",\"potentialAction\":[{\"@type\":\"ReadAction\",\"target\":[\"https:\/\/abrelivros.org.br\/site\/ministro-defende-mobilizacao-social-para-melhorar-educacao\/\"]}]},{\"@type\":\"BreadcrumbList\",\"@id\":\"https:\/\/abrelivros.org.br\/site\/ministro-defende-mobilizacao-social-para-melhorar-educacao\/#breadcrumb\",\"itemListElement\":[{\"@type\":\"ListItem\",\"position\":1,\"item\":{\"@type\":\"WebPage\",\"@id\":\"https:\/\/abrelivros.org.br\/site\/\",\"url\":\"https:\/\/abrelivros.org.br\/site\/\",\"name\":\"In\\u00edcio\"}},{\"@type\":\"ListItem\",\"position\":2,\"item\":{\"@type\":\"WebPage\",\"@id\":\"https:\/\/abrelivros.org.br\/site\/category\/noticias\/\",\"url\":\"https:\/\/abrelivros.org.br\/site\/category\/noticias\/\",\"name\":\"Not\\u00edcias\"}},{\"@type\":\"ListItem\",\"position\":3,\"item\":{\"@type\":\"WebPage\",\"@id\":\"https:\/\/abrelivros.org.br\/site\/category\/noticias\/noticias-da-imprensa\/\",\"url\":\"https:\/\/abrelivros.org.br\/site\/category\/noticias\/noticias-da-imprensa\/\",\"name\":\"Not\\u00edcias da imprensa\"}},{\"@type\":\"ListItem\",\"position\":4,\"item\":{\"@type\":\"WebPage\",\"@id\":\"https:\/\/abrelivros.org.br\/site\/ministro-defende-mobilizacao-social-para-melhorar-educacao\/\",\"url\":\"https:\/\/abrelivros.org.br\/site\/ministro-defende-mobilizacao-social-para-melhorar-educacao\/\",\"name\":\"Ministro defende mobiliza\\u00e7\\u00e3o social para melhorar educa\\u00e7\\u00e3o\"}}]},{\"@type\":\"Person\",\"@id\":\"https:\/\/abrelivros.org.br\/site\/#\/schema\/person\/2b867f13a717bb230f1a3555505f5593\",\"name\":\"\\u00a0\",\"image\":{\"@type\":\"ImageObject\",\"@id\":\"https:\/\/abrelivros.org.br\/site\/#personlogo\",\"inLanguage\":\"pt-BR\",\"url\":\"https:\/\/secure.gravatar.com\/avatar\/e80b7f5231be2fff5040a8023da424898002831c5439420df182ae62676d2a6f?s=96&d=mm&r=g\",\"caption\":\"\\u00a0\"}}]}<\/script>\n<!-- \/ Yoast SEO plugin. -->","_links":{"self":[{"href":"https:\/\/abrelivros.org.br\/site\/wp-json\/wp\/v2\/posts\/1478","targetHints":{"allow":["GET"]}}],"collection":[{"href":"https:\/\/abrelivros.org.br\/site\/wp-json\/wp\/v2\/posts"}],"about":[{"href":"https:\/\/abrelivros.org.br\/site\/wp-json\/wp\/v2\/types\/post"}],"author":[{"embeddable":true,"href":"https:\/\/abrelivros.org.br\/site\/wp-json\/wp\/v2\/users\/1"}],"replies":[{"embeddable":true,"href":"https:\/\/abrelivros.org.br\/site\/wp-json\/wp\/v2\/comments?post=1478"}],"version-history":[{"count":0,"href":"https:\/\/abrelivros.org.br\/site\/wp-json\/wp\/v2\/posts\/1478\/revisions"}],"wp:attachment":[{"href":"https:\/\/abrelivros.org.br\/site\/wp-json\/wp\/v2\/media?parent=1478"}],"wp:term":[{"taxonomy":"category","embeddable":true,"href":"https:\/\/abrelivros.org.br\/site\/wp-json\/wp\/v2\/categories?post=1478"},{"taxonomy":"post_tag","embeddable":true,"href":"https:\/\/abrelivros.org.br\/site\/wp-json\/wp\/v2\/tags?post=1478"}],"curies":[{"name":"wp","href":"https:\/\/api.w.org\/{rel}","templated":true}]}}