{"id":14620,"date":"2021-08-09T14:31:03","date_gmt":"2021-08-09T17:31:03","guid":{"rendered":"https:\/\/abrelivros.org.br\/site\/?p=14620"},"modified":"2021-08-09T14:31:03","modified_gmt":"2021-08-09T17:31:03","slug":"fnde-promove-2a-capacitacao-de-tecnicos-e-gestores-educacionais-a-partir-de-16-de-agosto","status":"publish","type":"post","link":"https:\/\/abrelivros.org.br\/site\/fnde-promove-2a-capacitacao-de-tecnicos-e-gestores-educacionais-a-partir-de-16-de-agosto\/","title":{"rendered":"FNDE promove 2\u00aa capacita\u00e7\u00e3o de t\u00e9cnicos e gestores educacionais a partir de 16 de agosto"},"content":{"rendered":"<p>O Fundo Nacional de Desenvolvimento da Educa\u00e7\u00e3o (FNDE) promove, de 16 a 20 de agosto, a 2\u00aa Capacita\u00e7\u00e3o para T\u00e9cnicos e Gestores Educacionais. O encontro, que ocorrer\u00e1 em formato virtual, tem por objetivo apresentar pol\u00edticas p\u00fablicas e programas educacionais, al\u00e9m de esclarecer d\u00favidas dos participantes.<!--more--><\/p>\n<p>Capacitar prefeitos, secret\u00e1rios de educa\u00e7\u00e3o, t\u00e9cnicos educacionais e comunidade escolar para que tenham acesso aos programas e a\u00e7\u00f5es educacionais \u00e9 o prop\u00f3sito do evento, que ser\u00e1 ministrado por gestores e especialistas do FNDE. No encontro, ser\u00e1 poss\u00edvel entender como funcionam o Plano Nacional de Educa\u00e7\u00e3o (PNE), o Fundo de Manuten\u00e7\u00e3o e Desenvolvimento da Educa\u00e7\u00e3o B\u00e1sica e de Valoriza\u00e7\u00e3o dos Profissionais da Educa\u00e7\u00e3o (Fundeb) e os programas de alimenta\u00e7\u00e3o escolar, de transporte escolar, o Dinheiro Direto na Escola, o Programa Nacional do Livro e do Material Did\u00e1tico (PNLD), entre outros. Tamb\u00e9m ser\u00e3o apresentados os sistemas de informa\u00e7\u00e3o e de gest\u00e3o financeira.<\/p>\n<p>Saber como funcionam os programas e os sistemas \u00e9 fundamental para o desenvolvimento de todas as etapas da educa\u00e7\u00e3o b\u00e1sica p\u00fablica, da creche ao ensino m\u00e9dio. Esse apoio t\u00e9cnico tamb\u00e9m permite que os entes federativos tenham acesso \u00e0s pol\u00edticas p\u00fablicas educacionais e recebam os recursos do governo federal, o que impactar\u00e1 diretamente na qualidade da educa\u00e7\u00e3o municipal e estadual.<\/p>\n<p>O evento, que ocorre de 16 a 20 de agosto, com transmiss\u00e3o ao vivo no <a href=\"https:\/\/www.youtube.com\/user\/FNDEMEC\" target=\"_blank\" rel=\"noopener noreferrer\">canal do FNDE<\/a> no Youtube e no Instagram (@) da autarquia, ter\u00e1 uma novidade: uma live exclusiva no Instagram para tirar d\u00favidas dos participantes na segunda-feira, dia 23, p\u00f3s-evento. A capacita\u00e7\u00e3o \u00e9 aberta ao p\u00fablico em geral. Quem quiser receber certificado de participa\u00e7\u00e3o deve se inscrever at\u00e9 o dia 16 de agosto, primeiro dia do encontro. Para fazer a inscri\u00e7\u00e3o, basta <a href=\"https:\/\/www.fnde.gov.br\/educacaocorporativa\/index.php?option=com_k2&amp;view=item&amp;layout=item&amp;id=69&amp;Itemid=255\" target=\"_blank\" rel=\"noopener noreferrer\">clicar aqui<\/a>.<\/p>\n<p>&nbsp;<\/p>\n<p>Confira a programa\u00e7\u00e3o completa:<\/p>\n<p><strong>Dia 1<\/strong><br \/>\n<strong>16\/08\/2021<\/strong><\/p>\n<p>09h \u2013 Abertura<br \/>\n09h30 \u2013 Palestra Minist\u00e9rio da Educa\u00e7\u00e3o &#8211; MEC<br \/>\n10h \u2013 Plano Nacional de Educa\u00e7\u00e3o- PNE<br \/>\n10h30 \u2013 Plano de A\u00e7\u00f5es Articulas &#8211; PAR<br \/>\n11h \u2013 D\u00favidas PAR<br \/>\n15h \u2013 Monitoramento &#8211; OBRAS<br \/>\n15h30 \u2013 Presta\u00e7\u00e3o de Contas &#8211; OBRAS<br \/>\n16h30 \u2013 D\u00favidas Monitoramento e Presta\u00e7\u00e3o de Contas \u2013 OBRAS<\/p>\n<p><strong>Dia 2<\/strong><br \/>\n<strong>17\/08\/2021<\/strong><\/p>\n<p>10h \u2013 Fundo de Manuten\u00e7\u00e3o e Desenvolvimento da Educa\u00e7\u00e3o B\u00e1sica &#8211; FUNDEB<br \/>\n10h30 \u2013 Sistema de Informa\u00e7\u00f5es sobre Or\u00e7amentos P\u00fablicos em Educa\u00e7\u00e3o &#8211; SIOPE<br \/>\n11h \u2013 D\u00favidas SIOPE<br \/>\n15h \u2013 Programas Suplementares<br \/>\n15h40 \u2013 D\u00favidas Programas Suplementares<\/p>\n<p><strong>Dia 3<\/strong><br \/>\n<strong>18\/08\/2021<\/strong><\/p>\n<p>10h \u2013 Programa Nacional de Alimenta\u00e7\u00e3o Escolar &#8211; PNAE<br \/>\n10h40 \u2013 D\u00favidas PNAE<br \/>\n15h \u2013 Programa Nacional de Transporte Escolar &#8211; PNATE<br \/>\n15h30 \u2013 Programa Caminho da Escola<br \/>\n16h \u2013 D\u00favidas PNATE e Caminho da Escola<\/p>\n<p><strong>Dia 4<\/strong><br \/>\n<strong>19\/08\/2021<\/strong><\/p>\n<p>15h \u2013 Programa Dinheiro Direto na Escola &#8211; PDDE<br \/>\n15h40 \u2013 D\u00favidas PDDE<\/p>\n<p><strong>Dia 5<\/strong><br \/>\n<strong>20\/08\/2021<\/strong><\/p>\n<p>10h \u2013 Presta\u00e7\u00e3o de Contas &#8211; SIGPC<br \/>\n10h40 \u2013 D\u00favidas Presta\u00e7\u00e3o de Contas &#8211; SIGPC<br \/>\n15h \u2013 Programa Nacional do Livro Did\u00e1tico &#8211; PNLD<br \/>\n15h40 \u2013 D\u00favidas PNLD<\/p>\n<p>*Programa\u00e7\u00e3o sujeita a altera\u00e7\u00f5es.<\/p>\n","protected":false},"excerpt":{"rendered":"<p>O Fundo Nacional de Desenvolvimento da Educa\u00e7\u00e3o (FNDE) promove, de 16 a 20 de agosto, a 2\u00aa Capacita\u00e7\u00e3o para T\u00e9cnicos e Gestores Educacionais. O encontro, que ocorrer\u00e1 em formato virtual, tem por objetivo apresentar pol\u00edticas p\u00fablicas e programas educacionais, al\u00e9m de esclarecer d\u00favidas dos participantes.<\/p>\n","protected":false},"author":4,"featured_media":0,"comment_status":"closed","ping_status":"closed","sticky":false,"template":"","format":"standard","meta":{"footnotes":"","_links_to":"","_links_to_target":""},"categories":[9,10],"tags":[],"class_list":["post-14620","post","type-post","status-publish","format-standard","hentry","category-noticias-da-imprensa","category-pnld-programa-nacional-do-livro-e-do-material-didatico"],"yoast_head":"<!-- This site is optimized with the Yoast SEO plugin v15.1 - https:\/\/yoast.com\/wordpress\/plugins\/seo\/ -->\n<title>FNDE promove 2\u00aa capacita\u00e7\u00e3o de t\u00e9cnicos e gestores educacionais a partir de 16 de agosto &raquo; Abrelivros<\/title>\n<meta name=\"robots\" content=\"index, follow, max-snippet:-1, max-image-preview:large, max-video-preview:-1\" \/>\n<link rel=\"canonical\" href=\"https:\/\/abrelivros.org.br\/site\/fnde-promove-2a-capacitacao-de-tecnicos-e-gestores-educacionais-a-partir-de-16-de-agosto\/\" \/>\n<meta property=\"og:locale\" content=\"pt_BR\" \/>\n<meta property=\"og:type\" content=\"article\" \/>\n<meta property=\"og:title\" content=\"FNDE promove 2\u00aa capacita\u00e7\u00e3o de t\u00e9cnicos e gestores educacionais a partir de 16 de agosto &raquo; Abrelivros\" \/>\n<meta property=\"og:description\" content=\"O Fundo Nacional de Desenvolvimento da Educa\u00e7\u00e3o (FNDE) promove, de 16 a 20 de agosto, a 2\u00aa Capacita\u00e7\u00e3o para T\u00e9cnicos e Gestores Educacionais. O encontro, que ocorrer\u00e1 em formato virtual, tem por objetivo apresentar pol\u00edticas p\u00fablicas e programas educacionais, al\u00e9m de esclarecer d\u00favidas dos participantes.\" \/>\n<meta property=\"og:url\" content=\"https:\/\/abrelivros.org.br\/site\/fnde-promove-2a-capacitacao-de-tecnicos-e-gestores-educacionais-a-partir-de-16-de-agosto\/\" \/>\n<meta property=\"og:site_name\" content=\"Abrelivros\" \/>\n<meta property=\"article:published_time\" content=\"2021-08-09T17:31:03+00:00\" \/>\n<meta name=\"twitter:card\" content=\"summary_large_image\" \/>\n<script type=\"application\/ld+json\" class=\"yoast-schema-graph\">{\"@context\":\"https:\/\/schema.org\",\"@graph\":[{\"@type\":\"WebSite\",\"@id\":\"https:\/\/abrelivros.org.br\/site\/#website\",\"url\":\"https:\/\/abrelivros.org.br\/site\/\",\"name\":\"Abrelivros\",\"description\":\"\",\"potentialAction\":[{\"@type\":\"SearchAction\",\"target\":\"https:\/\/abrelivros.org.br\/site\/?s={search_term_string}\",\"query-input\":\"required name=search_term_string\"}],\"inLanguage\":\"pt-BR\"},{\"@type\":\"WebPage\",\"@id\":\"https:\/\/abrelivros.org.br\/site\/fnde-promove-2a-capacitacao-de-tecnicos-e-gestores-educacionais-a-partir-de-16-de-agosto\/#webpage\",\"url\":\"https:\/\/abrelivros.org.br\/site\/fnde-promove-2a-capacitacao-de-tecnicos-e-gestores-educacionais-a-partir-de-16-de-agosto\/\",\"name\":\"FNDE promove 2\\u00aa capacita\\u00e7\\u00e3o de t\\u00e9cnicos e gestores educacionais a partir de 16 de agosto &raquo; Abrelivros\",\"isPartOf\":{\"@id\":\"https:\/\/abrelivros.org.br\/site\/#website\"},\"datePublished\":\"2021-08-09T17:31:03+00:00\",\"dateModified\":\"2021-08-09T17:31:03+00:00\",\"author\":{\"@id\":\"https:\/\/abrelivros.org.br\/site\/#\/schema\/person\/65db80e26409802ce15ac5feec6a15fd\"},\"breadcrumb\":{\"@id\":\"https:\/\/abrelivros.org.br\/site\/fnde-promove-2a-capacitacao-de-tecnicos-e-gestores-educacionais-a-partir-de-16-de-agosto\/#breadcrumb\"},\"inLanguage\":\"pt-BR\",\"potentialAction\":[{\"@type\":\"ReadAction\",\"target\":[\"https:\/\/abrelivros.org.br\/site\/fnde-promove-2a-capacitacao-de-tecnicos-e-gestores-educacionais-a-partir-de-16-de-agosto\/\"]}]},{\"@type\":\"BreadcrumbList\",\"@id\":\"https:\/\/abrelivros.org.br\/site\/fnde-promove-2a-capacitacao-de-tecnicos-e-gestores-educacionais-a-partir-de-16-de-agosto\/#breadcrumb\",\"itemListElement\":[{\"@type\":\"ListItem\",\"position\":1,\"item\":{\"@type\":\"WebPage\",\"@id\":\"https:\/\/abrelivros.org.br\/site\/\",\"url\":\"https:\/\/abrelivros.org.br\/site\/\",\"name\":\"In\\u00edcio\"}},{\"@type\":\"ListItem\",\"position\":2,\"item\":{\"@type\":\"WebPage\",\"@id\":\"https:\/\/abrelivros.org.br\/site\/category\/noticias\/\",\"url\":\"https:\/\/abrelivros.org.br\/site\/category\/noticias\/\",\"name\":\"Not\\u00edcias\"}},{\"@type\":\"ListItem\",\"position\":3,\"item\":{\"@type\":\"WebPage\",\"@id\":\"https:\/\/abrelivros.org.br\/site\/category\/noticias\/noticias-da-imprensa\/\",\"url\":\"https:\/\/abrelivros.org.br\/site\/category\/noticias\/noticias-da-imprensa\/\",\"name\":\"Not\\u00edcias da imprensa\"}},{\"@type\":\"ListItem\",\"position\":4,\"item\":{\"@type\":\"WebPage\",\"@id\":\"https:\/\/abrelivros.org.br\/site\/fnde-promove-2a-capacitacao-de-tecnicos-e-gestores-educacionais-a-partir-de-16-de-agosto\/\",\"url\":\"https:\/\/abrelivros.org.br\/site\/fnde-promove-2a-capacitacao-de-tecnicos-e-gestores-educacionais-a-partir-de-16-de-agosto\/\",\"name\":\"FNDE promove 2\\u00aa capacita\\u00e7\\u00e3o de t\\u00e9cnicos e gestores educacionais a partir de 16 de agosto\"}}]},{\"@type\":\"Person\",\"@id\":\"https:\/\/abrelivros.org.br\/site\/#\/schema\/person\/65db80e26409802ce15ac5feec6a15fd\",\"name\":\"Reda\\u00e7\\u00e3o Abrelivros\",\"image\":{\"@type\":\"ImageObject\",\"@id\":\"https:\/\/abrelivros.org.br\/site\/#personlogo\",\"inLanguage\":\"pt-BR\",\"url\":\"https:\/\/secure.gravatar.com\/avatar\/c4e57f9c7e3482965bd428192061218520756c39080b1d1820b679fa5e9af192?s=96&d=mm&r=g\",\"caption\":\"Reda\\u00e7\\u00e3o Abrelivros\"}}]}<\/script>\n<!-- \/ Yoast SEO plugin. -->","_links":{"self":[{"href":"https:\/\/abrelivros.org.br\/site\/wp-json\/wp\/v2\/posts\/14620","targetHints":{"allow":["GET"]}}],"collection":[{"href":"https:\/\/abrelivros.org.br\/site\/wp-json\/wp\/v2\/posts"}],"about":[{"href":"https:\/\/abrelivros.org.br\/site\/wp-json\/wp\/v2\/types\/post"}],"author":[{"embeddable":true,"href":"https:\/\/abrelivros.org.br\/site\/wp-json\/wp\/v2\/users\/4"}],"replies":[{"embeddable":true,"href":"https:\/\/abrelivros.org.br\/site\/wp-json\/wp\/v2\/comments?post=14620"}],"version-history":[{"count":1,"href":"https:\/\/abrelivros.org.br\/site\/wp-json\/wp\/v2\/posts\/14620\/revisions"}],"predecessor-version":[{"id":14621,"href":"https:\/\/abrelivros.org.br\/site\/wp-json\/wp\/v2\/posts\/14620\/revisions\/14621"}],"wp:attachment":[{"href":"https:\/\/abrelivros.org.br\/site\/wp-json\/wp\/v2\/media?parent=14620"}],"wp:term":[{"taxonomy":"category","embeddable":true,"href":"https:\/\/abrelivros.org.br\/site\/wp-json\/wp\/v2\/categories?post=14620"},{"taxonomy":"post_tag","embeddable":true,"href":"https:\/\/abrelivros.org.br\/site\/wp-json\/wp\/v2\/tags?post=14620"}],"curies":[{"name":"wp","href":"https:\/\/api.w.org\/{rel}","templated":true}]}}