{"id":14618,"date":"2021-08-09T14:26:09","date_gmt":"2021-08-09T17:26:09","guid":{"rendered":"https:\/\/abrelivros.org.br\/site\/?p=14618"},"modified":"2021-08-09T14:26:09","modified_gmt":"2021-08-09T17:26:09","slug":"com-avanco-na-vacinacao-paises-relaxam-protocolos-escolares","status":"publish","type":"post","link":"https:\/\/abrelivros.org.br\/site\/com-avanco-na-vacinacao-paises-relaxam-protocolos-escolares\/","title":{"rendered":"Com avan\u00e7o na vacina\u00e7\u00e3o, pa\u00edses relaxam protocolos escolares"},"content":{"rendered":"<p>Aula sem revezamento, crian\u00e7as sem m\u00e1scara no p\u00e1tio, fim da quarentena preventiva para alunos vacinados. Medidas como essas, adotadas recentemente por alguns pa\u00edses com vacina\u00e7\u00e3o adiantada, permitem vislumbrar o futuro das escolas p\u00f3s-pandemia.<!--more--><\/p>\n<p>No Brasil, por\u00e9m, especialistas alertam que ainda \u00e9 cedo para pensar em flexibiliza\u00e7\u00e3o diante do atual cen\u00e1rio epidemiol\u00f3gico.<\/p>\n<p>Na luta contra a contamina\u00e7\u00e3o por Covid-19 no ambiente escolar, jogam a favor do caminho da normalidade a libera\u00e7\u00e3o do retorno de 100% dos alunos adotada em parte dos col\u00e9gios e a perspectiva de vacina\u00e7\u00e3o dos adolescentes, que j\u00e1 come\u00e7ou em outros pa\u00edses e, em S\u00e3o Paulo, est\u00e1 prevista para o pr\u00f3ximo dia 18.<\/p>\n<p>Contra a perspectiva do \u201cvelho normal\u201d est\u00e1 a variante delta, mais transmiss\u00edvel, que ainda leva pa\u00edses com melhor cobertura vacinal a ter uma cautela extra. Mesmo assim eles t\u00eam flexibilizado os protocolos escolares.<\/p>\n<p>Na Fran\u00e7a, desde a semana passada alunos do ensino m\u00e9dio e superior vacinados n\u00e3o precisam mais ser afastados das aulas presenciais se tiverem tido contato de risco com algum colega infectado. Quase metade da popula\u00e7\u00e3o do pa\u00eds (49,5%) est\u00e1 totalmente vacinada, segundo o portal Our World in Data, contra 20,4% dos brasileiros.<\/p>\n<p>Nos Estados Unidos, tamb\u00e9m com cerca de metade da popula\u00e7\u00e3o imunizada, n\u00e3o se exige mais o uso de m\u00e1scaras em ambientes externos, inclusive escolares, desde que n\u00e3o haja aglomera\u00e7\u00e3o. H\u00e1 orienta\u00e7\u00e3o expressa para que n\u00e3o se fa\u00e7a revezamento de alunos, mesmo que n\u00e3o se possa respeitar a dist\u00e2ncia recomend\u00e1vel de um metro entre eles.<\/p>\n<p>Para essa decis\u00e3o das autoridades de sa\u00fade americanas, pesou a avalia\u00e7\u00e3o de que os danos decorrentes do fechamento das escolas, como os de sa\u00fade mental, sobrep\u00f5em-se ao risco de cont\u00e1gio.<\/p>\n<p>Estudos mostram que crian\u00e7as tendem a adoecer de Covid com menos gravidade, e que a din\u00e2mica de circula\u00e7\u00e3o do v\u00edrus nas escolas n\u00e3o \u00e9 diferente daquela observada nas comunidades onde elas est\u00e3o inseridas.<\/p>\n<p>Assim como na Fran\u00e7a, se estiver vacinado, o adolescente que teve contato pr\u00f3ximo com algum caso positivo pode continuar a ir \u00e0 escola nos EUA \u2014mas deve ser testado.<\/p>\n<p>Diante da variante delta, por outro lado, o governo Joe Biden passou a recomendar o uso de m\u00e1scara dentro da sala de aula. A determina\u00e7\u00e3o \u00e9 alvo de protestos de grupos de pais, que querem o banimento do acess\u00f3rio.<\/p>\n<p>No Reino Unido, onde o governo Boris Johnson decretou um relaxamento geral das medidas sanit\u00e1rias sob criticas de especialistas, h\u00e1 regi\u00f5es que institu\u00edram regras mais r\u00edgidas que outras.<\/p>\n<p>De forma geral, por\u00e9m, a frequ\u00eancia presencial \u00e0 escola \u00e9 obrigat\u00f3ria. E, a partir do dia 16, alunos de at\u00e9 18 anos n\u00e3o precisar\u00e3o fazer quarentena em caso de contato com caso positivo. O pa\u00eds tem mais de 57% da popula\u00e7\u00e3o com o esquema de imuniza\u00e7\u00e3o completo.<\/p>\n<p>No Brasil, sem uma coordena\u00e7\u00e3o nacional atuante no enfrentamento aos efeitos da pandemia sobre a educa\u00e7\u00e3o, as decis\u00f5es sobre os protocolos variam de acordo com o estado, a cidade e mesmo a escola.<\/p>\n<p>Para este semestre letivo, o Governo de S\u00e3o Paulo liberou a volta de at\u00e9 100% dos alunos desde que respeitada a dist\u00e2ncia de um metro entre eles, em conson\u00e2ncia com estudos recentes que consideraram esse par\u00e2metro adequado \u2014o anterior era de 1,5 metro.<\/p>\n<p>A mudan\u00e7a levou algumas escolas da capital, como o Santa Maria e o Pio XII, por exemplo, a acabar com o rod\u00edzio de alunos e unificar as turmas, sem adotar as chamadas bolhas \u2014grupos de alunos e profissionais que s\u00f3 convivem entre si no ambiente escolar.<\/p>\n<p>Outras, como Bandeirantes, Brasil Canad\u00e1, Pent\u00e1gono e Scuola Internacional Eugenio Montalecomo, preferiram manter as bolhas.<\/p>\n<p>Para Carla Kobayashi, infectologista do Hospital S\u00edrio-Liban\u00eas, as bolhas ainda s\u00e3o importantes para evitar a transmiss\u00e3o em grandes grupos e facilitar o rastreamento de contatos. Ela ressalta, por outro lado, que foram pouqu\u00edssimos os casos de transmiss\u00e3o dentro da escola identificados no primeiro semestre.<\/p>\n<p>O hospital tem prestado consultoria a col\u00e9gios privados. Em caso de aluno com Covid confirmada, a orienta\u00e7\u00e3o \u00e9 monitorar os demais colegas e afastar a turma toda s\u00f3 se houver ind\u00edcio de que houve transmiss\u00e3o dentro da turma \u2014como um segundo caso de contato pr\u00f3ximo, por exemplo.<\/p>\n<p>J\u00e1 no Albert Einstein, que tamb\u00e9m tem orientado col\u00e9gios, a indica\u00e7\u00e3o \u00e9 afastar a turma toda se houver um caso confirmado, ainda que somente um.<\/p>\n<p>Para Cl\u00e9ber de Moraes Motta, consultor m\u00e9dico de projetos em sa\u00fade, a vacina\u00e7\u00e3o de adolescentes n\u00e3o deve mudar a orienta\u00e7\u00e3o. \u201cQuando pensamos na pandemia, \u00e9 preciso pensar em medidas coletivas, pois mesmo a pessoa vacinada pode se infectar e transmitir.\u201d<\/p>\n<p>Infectologista e diretor cl\u00ednico do Grupo Fleury, Celso Granato acrescenta que os pais t\u00eam papel fundamental ao n\u00e3o enviar crian\u00e7as com qualquer sintoma. \u201cDificilmente o professor vai conseguir olhar o nariz de cada crian\u00e7a para ver se est\u00e1 resfriada, por exemplo.\u201d<\/p>\n<p>Ap\u00f3s mais de um ano de pandemia, parte das fam\u00edlias ainda tem receio de enviar os filhos de volta \u00e0 escola, principalmente na rede p\u00fablica.<\/p>\n<p>Enquanto escolas particulares como Humboldt e Santa Am\u00e1lia, entre outras, tiveram o retorno de quase todos os alunos, na rede municipal de S\u00e3o Paulo a frequ\u00eancia foi de cerca de dois ter\u00e7os dos estudantes.<\/p>\n<p>Esse receio inicial das fam\u00edlias aconteceu tamb\u00e9m em outros pa\u00edses, diz Carolina Campos, da consultoria Vozes da Educa\u00e7\u00e3o, que tem feito levantamentos sobre a resposta de diferentes governos aos impactos educacionais da pandemia.<\/p>\n<p>\u201cA gente tem que comparar com outros pa\u00edses quando eles estavam em uma situa\u00e7\u00e3o similar. Quando os Estados Unidos estavam com 20% de cobertura vacinal, n\u00e3o estavam tirando m\u00e1scara\u201d, diz. \u201cNa Fran\u00e7a e na Dinamarca, a ang\u00fastia dos pais de levar para a escola tamb\u00e9m aconteceu no in\u00edcio da volta das escolas, mas em maio do ano passado.\u201d<\/p>\n<p>Mesmo em pa\u00edses como Chile, com maior cobertura vacinal, mas onde ainda h\u00e1 uma incid\u00eancia relevante de casos, ainda se adota revezamento de alunos, m\u00e1scara e afastamento de contactantes.<\/p>\n<p>\u201cAs pessoas est\u00e3o achando que est\u00e1 todo mundo vacinado, mas a nossa cobertura vacinal ainda \u00e9 baixa. Os adolescentes, se come\u00e7arem a ser imunizados em agosto, s\u00f3 estar\u00e3o protegidos no final do ano. N\u00e3o d\u00e1 para imaginar um futuro com maior flexibiliza\u00e7\u00e3o nas escolas no Brasil antes de 2022\u201d, diz Carla, infectologista do S\u00edrio-Liban\u00eas.<\/p>\n","protected":false},"excerpt":{"rendered":"<p>Aula sem revezamento, crian\u00e7as sem m\u00e1scara no p\u00e1tio, fim da quarentena preventiva para alunos vacinados. Medidas como essas, adotadas recentemente por alguns pa\u00edses com vacina\u00e7\u00e3o adiantada, permitem vislumbrar o futuro das escolas p\u00f3s-pandemia.<\/p>\n","protected":false},"author":4,"featured_media":0,"comment_status":"closed","ping_status":"closed","sticky":false,"template":"","format":"standard","meta":{"footnotes":"","_links_to":"","_links_to_target":""},"categories":[9],"tags":[],"class_list":["post-14618","post","type-post","status-publish","format-standard","hentry","category-noticias-da-imprensa"],"yoast_head":"<!-- This site is optimized with the Yoast SEO plugin v15.1 - https:\/\/yoast.com\/wordpress\/plugins\/seo\/ -->\n<title>Com avan\u00e7o na vacina\u00e7\u00e3o, pa\u00edses relaxam protocolos escolares &raquo; Abrelivros<\/title>\n<meta name=\"robots\" content=\"index, follow, max-snippet:-1, max-image-preview:large, max-video-preview:-1\" \/>\n<link rel=\"canonical\" href=\"https:\/\/abrelivros.org.br\/site\/com-avanco-na-vacinacao-paises-relaxam-protocolos-escolares\/\" \/>\n<meta property=\"og:locale\" content=\"pt_BR\" \/>\n<meta property=\"og:type\" content=\"article\" \/>\n<meta property=\"og:title\" content=\"Com avan\u00e7o na vacina\u00e7\u00e3o, pa\u00edses relaxam protocolos escolares &raquo; Abrelivros\" \/>\n<meta property=\"og:description\" content=\"Aula sem revezamento, crian\u00e7as sem m\u00e1scara no p\u00e1tio, fim da quarentena preventiva para alunos vacinados. Medidas como essas, adotadas recentemente por alguns pa\u00edses com vacina\u00e7\u00e3o adiantada, permitem vislumbrar o futuro das escolas p\u00f3s-pandemia.\" \/>\n<meta property=\"og:url\" content=\"https:\/\/abrelivros.org.br\/site\/com-avanco-na-vacinacao-paises-relaxam-protocolos-escolares\/\" \/>\n<meta property=\"og:site_name\" content=\"Abrelivros\" \/>\n<meta property=\"article:published_time\" content=\"2021-08-09T17:26:09+00:00\" \/>\n<meta name=\"twitter:card\" content=\"summary_large_image\" \/>\n<script type=\"application\/ld+json\" class=\"yoast-schema-graph\">{\"@context\":\"https:\/\/schema.org\",\"@graph\":[{\"@type\":\"WebSite\",\"@id\":\"https:\/\/abrelivros.org.br\/site\/#website\",\"url\":\"https:\/\/abrelivros.org.br\/site\/\",\"name\":\"Abrelivros\",\"description\":\"\",\"potentialAction\":[{\"@type\":\"SearchAction\",\"target\":\"https:\/\/abrelivros.org.br\/site\/?s={search_term_string}\",\"query-input\":\"required name=search_term_string\"}],\"inLanguage\":\"pt-BR\"},{\"@type\":\"WebPage\",\"@id\":\"https:\/\/abrelivros.org.br\/site\/com-avanco-na-vacinacao-paises-relaxam-protocolos-escolares\/#webpage\",\"url\":\"https:\/\/abrelivros.org.br\/site\/com-avanco-na-vacinacao-paises-relaxam-protocolos-escolares\/\",\"name\":\"Com avan\\u00e7o na vacina\\u00e7\\u00e3o, pa\\u00edses relaxam protocolos escolares &raquo; Abrelivros\",\"isPartOf\":{\"@id\":\"https:\/\/abrelivros.org.br\/site\/#website\"},\"datePublished\":\"2021-08-09T17:26:09+00:00\",\"dateModified\":\"2021-08-09T17:26:09+00:00\",\"author\":{\"@id\":\"https:\/\/abrelivros.org.br\/site\/#\/schema\/person\/65db80e26409802ce15ac5feec6a15fd\"},\"breadcrumb\":{\"@id\":\"https:\/\/abrelivros.org.br\/site\/com-avanco-na-vacinacao-paises-relaxam-protocolos-escolares\/#breadcrumb\"},\"inLanguage\":\"pt-BR\",\"potentialAction\":[{\"@type\":\"ReadAction\",\"target\":[\"https:\/\/abrelivros.org.br\/site\/com-avanco-na-vacinacao-paises-relaxam-protocolos-escolares\/\"]}]},{\"@type\":\"BreadcrumbList\",\"@id\":\"https:\/\/abrelivros.org.br\/site\/com-avanco-na-vacinacao-paises-relaxam-protocolos-escolares\/#breadcrumb\",\"itemListElement\":[{\"@type\":\"ListItem\",\"position\":1,\"item\":{\"@type\":\"WebPage\",\"@id\":\"https:\/\/abrelivros.org.br\/site\/\",\"url\":\"https:\/\/abrelivros.org.br\/site\/\",\"name\":\"In\\u00edcio\"}},{\"@type\":\"ListItem\",\"position\":2,\"item\":{\"@type\":\"WebPage\",\"@id\":\"https:\/\/abrelivros.org.br\/site\/category\/noticias\/\",\"url\":\"https:\/\/abrelivros.org.br\/site\/category\/noticias\/\",\"name\":\"Not\\u00edcias\"}},{\"@type\":\"ListItem\",\"position\":3,\"item\":{\"@type\":\"WebPage\",\"@id\":\"https:\/\/abrelivros.org.br\/site\/category\/noticias\/noticias-da-imprensa\/\",\"url\":\"https:\/\/abrelivros.org.br\/site\/category\/noticias\/noticias-da-imprensa\/\",\"name\":\"Not\\u00edcias da imprensa\"}},{\"@type\":\"ListItem\",\"position\":4,\"item\":{\"@type\":\"WebPage\",\"@id\":\"https:\/\/abrelivros.org.br\/site\/com-avanco-na-vacinacao-paises-relaxam-protocolos-escolares\/\",\"url\":\"https:\/\/abrelivros.org.br\/site\/com-avanco-na-vacinacao-paises-relaxam-protocolos-escolares\/\",\"name\":\"Com avan\\u00e7o na vacina\\u00e7\\u00e3o, pa\\u00edses relaxam protocolos escolares\"}}]},{\"@type\":\"Person\",\"@id\":\"https:\/\/abrelivros.org.br\/site\/#\/schema\/person\/65db80e26409802ce15ac5feec6a15fd\",\"name\":\"Reda\\u00e7\\u00e3o Abrelivros\",\"image\":{\"@type\":\"ImageObject\",\"@id\":\"https:\/\/abrelivros.org.br\/site\/#personlogo\",\"inLanguage\":\"pt-BR\",\"url\":\"https:\/\/secure.gravatar.com\/avatar\/c4e57f9c7e3482965bd428192061218520756c39080b1d1820b679fa5e9af192?s=96&d=mm&r=g\",\"caption\":\"Reda\\u00e7\\u00e3o Abrelivros\"}}]}<\/script>\n<!-- \/ Yoast SEO plugin. -->","_links":{"self":[{"href":"https:\/\/abrelivros.org.br\/site\/wp-json\/wp\/v2\/posts\/14618","targetHints":{"allow":["GET"]}}],"collection":[{"href":"https:\/\/abrelivros.org.br\/site\/wp-json\/wp\/v2\/posts"}],"about":[{"href":"https:\/\/abrelivros.org.br\/site\/wp-json\/wp\/v2\/types\/post"}],"author":[{"embeddable":true,"href":"https:\/\/abrelivros.org.br\/site\/wp-json\/wp\/v2\/users\/4"}],"replies":[{"embeddable":true,"href":"https:\/\/abrelivros.org.br\/site\/wp-json\/wp\/v2\/comments?post=14618"}],"version-history":[{"count":1,"href":"https:\/\/abrelivros.org.br\/site\/wp-json\/wp\/v2\/posts\/14618\/revisions"}],"predecessor-version":[{"id":14619,"href":"https:\/\/abrelivros.org.br\/site\/wp-json\/wp\/v2\/posts\/14618\/revisions\/14619"}],"wp:attachment":[{"href":"https:\/\/abrelivros.org.br\/site\/wp-json\/wp\/v2\/media?parent=14618"}],"wp:term":[{"taxonomy":"category","embeddable":true,"href":"https:\/\/abrelivros.org.br\/site\/wp-json\/wp\/v2\/categories?post=14618"},{"taxonomy":"post_tag","embeddable":true,"href":"https:\/\/abrelivros.org.br\/site\/wp-json\/wp\/v2\/tags?post=14618"}],"curies":[{"name":"wp","href":"https:\/\/api.w.org\/{rel}","templated":true}]}}