{"id":14610,"date":"2021-08-06T13:54:50","date_gmt":"2021-08-06T16:54:50","guid":{"rendered":"https:\/\/abrelivros.org.br\/site\/?p=14610"},"modified":"2021-08-06T13:54:50","modified_gmt":"2021-08-06T16:54:50","slug":"medida-provisoria-garante-r-35-bi-para-financiar-internet-de-aluno-e-professor-da-rede-publica","status":"publish","type":"post","link":"https:\/\/abrelivros.org.br\/site\/medida-provisoria-garante-r-35-bi-para-financiar-internet-de-aluno-e-professor-da-rede-publica\/","title":{"rendered":"Medida provis\u00f3ria garante R$ 3,5 bi para financiar internet de aluno e professor da rede p\u00fablica"},"content":{"rendered":"<p>A Medida Provis\u00f3ria 1060\/21 resolve um impasse e garante o repasse de R$ 3,5 bilh\u00f5es para o acesso \u00e0 internet de alunos e professores da rede p\u00fablica. A MP, publicada em edi\u00e7\u00e3o extra do Di\u00e1rio Oficial da Uni\u00e3o na quarta-feira (4), altera a <a href=\"https:\/\/www.camara.leg.br\/noticias\/771716-lei-garante-r-35-bi-para-conectividade-de-alunos-e-professores-da-rede-publica\/\" target=\"_blank\" rel=\"noopener noreferrer\">Lei 14.172\/21<\/a>, que garante os recursos.<!--more--><\/p>\n<p>O que o governo faz agora \u00e9 retirar o prazo de 30 dias, ap\u00f3s a publica\u00e7\u00e3o da lei, para que a Uni\u00e3o realize a transfer\u00eancia do recurso a estados e ao Distrito Federal em parcela \u00fanica. O dinheiro poder\u00e1 ser usado na compra de pacotes de internet e dispositivos port\u00e1teis, que permitam o acompanhamento de atividades n\u00e3o presenciais das escolas.<\/p>\n<p>Por se tratar de medida provis\u00f3ria, a mudan\u00e7a j\u00e1 est\u00e1 valendo. No entanto, deputados e senadores ter\u00e3o 120 dias para votar a mat\u00e9ria ou ent\u00e3o seus dispositivos perdem efic\u00e1cia.<\/p>\n<p><strong>Veto<\/strong><\/p>\n<p>A Lei 14.172 foi sancionada em 11 de junho, ap\u00f3s o Congresso Nacional derrubar o veto integral do presidente Jair Bolsonaro ao texto. Na ocasi\u00e3o, o presidente da Rep\u00fablica afirmou que a mat\u00e9ria n\u00e3o apresentava estimativa do impacto or\u00e7ament\u00e1rio e financeiro.<\/p>\n<p>Ele tamb\u00e9m argumentou que a medida aumentaria a rigidez do Or\u00e7amento, o que dificultaria o cumprimento da meta fiscal e da regra de ouro, prevista na Constitui\u00e7\u00e3o Federal.<\/p>\n<p><strong>Valores n\u00e3o aplicados<\/strong><\/p>\n<p>A MP 1060 tamb\u00e9m retira os prazos para a restitui\u00e7\u00e3o \u00e0 Uni\u00e3o dos valores repassados e que n\u00e3o forem aplicados de acordo com as finalidades e as prioridades previstas.<\/p>\n<p>O texto ainda inclui trecho para conceder ao Poder Executivo federal a responsabilidade de disciplinar as regras para o repasse dos recursos, at\u00e9 mesmo quanto aos prazos, \u00e0 forma de repasse dos valores e \u00e0 presta\u00e7\u00e3o de contas de sua aplica\u00e7\u00e3o.<\/p>\n<p>O governo federal tamb\u00e9m ser\u00e1 o respons\u00e1vel por regulamentar o regime de colabora\u00e7\u00e3o dos estados com os munic\u00edpios.<\/p>\n<p><strong>Or\u00e7amento<\/strong><\/p>\n<p>De acordo com a MP, as dota\u00e7\u00f5es or\u00e7ament\u00e1rias da Uni\u00e3o para garantir acesso \u00e0 internet ser\u00e3o restritas \u00e0s \u201cconsignadas nos or\u00e7amentos Fiscal e da Seguridade Social da Uni\u00e3o\u201d que sejam relacionadas \u00e0 finalidade da Lei 14.172.<\/p>\n<p>J\u00e1 o uso do Fundo de Universaliza\u00e7\u00e3o dos Servi\u00e7os de Telecomunica\u00e7\u00f5es (Fust) como fonte de recurso n\u00e3o foi alterado pela MP.<\/p>\n<p>&nbsp;<\/p>\n","protected":false},"excerpt":{"rendered":"<p>A Medida Provis\u00f3ria 1060\/21 resolve um impasse e garante o repasse de R$ 3,5 bilh\u00f5es para o acesso \u00e0 internet de alunos e professores da rede p\u00fablica. A MP, publicada em edi\u00e7\u00e3o extra do Di\u00e1rio Oficial da Uni\u00e3o na quarta-feira (4), altera a Lei 14.172\/21, que garante os recursos.<\/p>\n","protected":false},"author":4,"featured_media":0,"comment_status":"closed","ping_status":"closed","sticky":false,"template":"","format":"standard","meta":{"footnotes":"","_links_to":"","_links_to_target":""},"categories":[9],"tags":[],"class_list":["post-14610","post","type-post","status-publish","format-standard","hentry","category-noticias-da-imprensa"],"yoast_head":"<!-- This site is optimized with the Yoast SEO plugin v15.1 - https:\/\/yoast.com\/wordpress\/plugins\/seo\/ -->\n<title>Medida provis\u00f3ria garante R$ 3,5 bi para financiar internet de aluno e professor da rede p\u00fablica &raquo; Abrelivros<\/title>\n<meta name=\"robots\" content=\"index, follow, max-snippet:-1, max-image-preview:large, max-video-preview:-1\" \/>\n<link rel=\"canonical\" href=\"https:\/\/abrelivros.org.br\/site\/medida-provisoria-garante-r-35-bi-para-financiar-internet-de-aluno-e-professor-da-rede-publica\/\" \/>\n<meta property=\"og:locale\" content=\"pt_BR\" \/>\n<meta property=\"og:type\" content=\"article\" \/>\n<meta property=\"og:title\" content=\"Medida provis\u00f3ria garante R$ 3,5 bi para financiar internet de aluno e professor da rede p\u00fablica &raquo; Abrelivros\" \/>\n<meta property=\"og:description\" content=\"A Medida Provis\u00f3ria 1060\/21 resolve um impasse e garante o repasse de R$ 3,5 bilh\u00f5es para o acesso \u00e0 internet de alunos e professores da rede p\u00fablica. A MP, publicada em edi\u00e7\u00e3o extra do Di\u00e1rio Oficial da Uni\u00e3o na quarta-feira (4), altera a Lei 14.172\/21, que garante os recursos.\" \/>\n<meta property=\"og:url\" content=\"https:\/\/abrelivros.org.br\/site\/medida-provisoria-garante-r-35-bi-para-financiar-internet-de-aluno-e-professor-da-rede-publica\/\" \/>\n<meta property=\"og:site_name\" content=\"Abrelivros\" \/>\n<meta property=\"article:published_time\" content=\"2021-08-06T16:54:50+00:00\" \/>\n<meta name=\"twitter:card\" content=\"summary_large_image\" \/>\n<script type=\"application\/ld+json\" class=\"yoast-schema-graph\">{\"@context\":\"https:\/\/schema.org\",\"@graph\":[{\"@type\":\"WebSite\",\"@id\":\"https:\/\/abrelivros.org.br\/site\/#website\",\"url\":\"https:\/\/abrelivros.org.br\/site\/\",\"name\":\"Abrelivros\",\"description\":\"\",\"potentialAction\":[{\"@type\":\"SearchAction\",\"target\":\"https:\/\/abrelivros.org.br\/site\/?s={search_term_string}\",\"query-input\":\"required name=search_term_string\"}],\"inLanguage\":\"pt-BR\"},{\"@type\":\"WebPage\",\"@id\":\"https:\/\/abrelivros.org.br\/site\/medida-provisoria-garante-r-35-bi-para-financiar-internet-de-aluno-e-professor-da-rede-publica\/#webpage\",\"url\":\"https:\/\/abrelivros.org.br\/site\/medida-provisoria-garante-r-35-bi-para-financiar-internet-de-aluno-e-professor-da-rede-publica\/\",\"name\":\"Medida provis\\u00f3ria garante R$ 3,5 bi para financiar internet de aluno e professor da rede p\\u00fablica &raquo; Abrelivros\",\"isPartOf\":{\"@id\":\"https:\/\/abrelivros.org.br\/site\/#website\"},\"datePublished\":\"2021-08-06T16:54:50+00:00\",\"dateModified\":\"2021-08-06T16:54:50+00:00\",\"author\":{\"@id\":\"https:\/\/abrelivros.org.br\/site\/#\/schema\/person\/65db80e26409802ce15ac5feec6a15fd\"},\"breadcrumb\":{\"@id\":\"https:\/\/abrelivros.org.br\/site\/medida-provisoria-garante-r-35-bi-para-financiar-internet-de-aluno-e-professor-da-rede-publica\/#breadcrumb\"},\"inLanguage\":\"pt-BR\",\"potentialAction\":[{\"@type\":\"ReadAction\",\"target\":[\"https:\/\/abrelivros.org.br\/site\/medida-provisoria-garante-r-35-bi-para-financiar-internet-de-aluno-e-professor-da-rede-publica\/\"]}]},{\"@type\":\"BreadcrumbList\",\"@id\":\"https:\/\/abrelivros.org.br\/site\/medida-provisoria-garante-r-35-bi-para-financiar-internet-de-aluno-e-professor-da-rede-publica\/#breadcrumb\",\"itemListElement\":[{\"@type\":\"ListItem\",\"position\":1,\"item\":{\"@type\":\"WebPage\",\"@id\":\"https:\/\/abrelivros.org.br\/site\/\",\"url\":\"https:\/\/abrelivros.org.br\/site\/\",\"name\":\"In\\u00edcio\"}},{\"@type\":\"ListItem\",\"position\":2,\"item\":{\"@type\":\"WebPage\",\"@id\":\"https:\/\/abrelivros.org.br\/site\/category\/noticias\/\",\"url\":\"https:\/\/abrelivros.org.br\/site\/category\/noticias\/\",\"name\":\"Not\\u00edcias\"}},{\"@type\":\"ListItem\",\"position\":3,\"item\":{\"@type\":\"WebPage\",\"@id\":\"https:\/\/abrelivros.org.br\/site\/category\/noticias\/noticias-da-imprensa\/\",\"url\":\"https:\/\/abrelivros.org.br\/site\/category\/noticias\/noticias-da-imprensa\/\",\"name\":\"Not\\u00edcias da imprensa\"}},{\"@type\":\"ListItem\",\"position\":4,\"item\":{\"@type\":\"WebPage\",\"@id\":\"https:\/\/abrelivros.org.br\/site\/medida-provisoria-garante-r-35-bi-para-financiar-internet-de-aluno-e-professor-da-rede-publica\/\",\"url\":\"https:\/\/abrelivros.org.br\/site\/medida-provisoria-garante-r-35-bi-para-financiar-internet-de-aluno-e-professor-da-rede-publica\/\",\"name\":\"Medida provis\\u00f3ria garante R$ 3,5 bi para financiar internet de aluno e professor da rede p\\u00fablica\"}}]},{\"@type\":\"Person\",\"@id\":\"https:\/\/abrelivros.org.br\/site\/#\/schema\/person\/65db80e26409802ce15ac5feec6a15fd\",\"name\":\"Reda\\u00e7\\u00e3o Abrelivros\",\"image\":{\"@type\":\"ImageObject\",\"@id\":\"https:\/\/abrelivros.org.br\/site\/#personlogo\",\"inLanguage\":\"pt-BR\",\"url\":\"https:\/\/secure.gravatar.com\/avatar\/c4e57f9c7e3482965bd428192061218520756c39080b1d1820b679fa5e9af192?s=96&d=mm&r=g\",\"caption\":\"Reda\\u00e7\\u00e3o Abrelivros\"}}]}<\/script>\n<!-- \/ Yoast SEO plugin. -->","_links":{"self":[{"href":"https:\/\/abrelivros.org.br\/site\/wp-json\/wp\/v2\/posts\/14610","targetHints":{"allow":["GET"]}}],"collection":[{"href":"https:\/\/abrelivros.org.br\/site\/wp-json\/wp\/v2\/posts"}],"about":[{"href":"https:\/\/abrelivros.org.br\/site\/wp-json\/wp\/v2\/types\/post"}],"author":[{"embeddable":true,"href":"https:\/\/abrelivros.org.br\/site\/wp-json\/wp\/v2\/users\/4"}],"replies":[{"embeddable":true,"href":"https:\/\/abrelivros.org.br\/site\/wp-json\/wp\/v2\/comments?post=14610"}],"version-history":[{"count":1,"href":"https:\/\/abrelivros.org.br\/site\/wp-json\/wp\/v2\/posts\/14610\/revisions"}],"predecessor-version":[{"id":14611,"href":"https:\/\/abrelivros.org.br\/site\/wp-json\/wp\/v2\/posts\/14610\/revisions\/14611"}],"wp:attachment":[{"href":"https:\/\/abrelivros.org.br\/site\/wp-json\/wp\/v2\/media?parent=14610"}],"wp:term":[{"taxonomy":"category","embeddable":true,"href":"https:\/\/abrelivros.org.br\/site\/wp-json\/wp\/v2\/categories?post=14610"},{"taxonomy":"post_tag","embeddable":true,"href":"https:\/\/abrelivros.org.br\/site\/wp-json\/wp\/v2\/tags?post=14610"}],"curies":[{"name":"wp","href":"https:\/\/api.w.org\/{rel}","templated":true}]}}