{"id":14604,"date":"2021-08-05T14:23:40","date_gmt":"2021-08-05T17:23:40","guid":{"rendered":"https:\/\/abrelivros.org.br\/site\/?p=14604"},"modified":"2021-08-05T14:25:19","modified_gmt":"2021-08-05T17:25:19","slug":"ministro-assina-portaria-com-orientacoes-para-aulas-presenciais","status":"publish","type":"post","link":"https:\/\/abrelivros.org.br\/site\/ministro-assina-portaria-com-orientacoes-para-aulas-presenciais\/","title":{"rendered":"Ministro assina portaria com orienta\u00e7\u00f5es para aulas presenciais"},"content":{"rendered":"<p>O ministro da Educa\u00e7\u00e3o, Milton Ribeiro, assinou ontem (4) uma portaria conjunta com o Minist\u00e9rio da Sa\u00fade com orienta\u00e7\u00f5es sobre o retorno \u00e0s aulas presenciais nas escolas p\u00fablicas durante a pandemia de covid-19.<!--more--><\/p>\n<p>A informa\u00e7\u00e3o foi dada durante audi\u00eancia p\u00fablica na Comiss\u00e3o de Fiscaliza\u00e7\u00e3o Financeira e Controle da C\u00e2mara dos Deputados, em resposta \u00e0 cobran\u00e7a de deputados sobre o avan\u00e7o da vacina\u00e7\u00e3o entre os profissionais de educa\u00e7\u00e3o.<\/p>\n<p>O presidente da comiss\u00e3o, Aureo Ribeiro (Solidariedade-RJ), defendeu que o retorno ao ensino presencial ocorra com efici\u00eancia e com a garantia de todos os protocolos sanit\u00e1rios necess\u00e1rios. O deputado disse ainda que a dificuldade no retorno \u00e0s aulas presenciais, de forma segura, tem prejudicado os estudantes e vai deixar sequelas na popula\u00e7\u00e3o brasileira.<\/p>\n<p>&#8220;O senhor tem a obriga\u00e7\u00e3o de convencer o ministro da Sa\u00fade sobre a import\u00e2ncia que \u00e9 para o futuro brasileiro retornamos as aulas com todas as garantias&#8221;, disse o deputado. &#8220;A prioridade do governo tem que ser vacina no bra\u00e7o e comida no prato&#8221;, acrescentou.<\/p>\n<p>Aureo cobrou ainda a utiliza\u00e7\u00e3o de recursos do Fundo de Universaliza\u00e7\u00e3o dos Servi\u00e7os de Telecomunica\u00e7\u00f5es (Fust) em a\u00e7\u00f5es como a compra de equipamentos como computadores e tablets para auxiliar no processo de ensino.<\/p>\n<p>&#8220;O dinheiro do Fust est\u00e1 parado, servindo apenas para fazer superavit prim\u00e1rio&#8221;, disse.<\/p>\n<p>Em resposta, Ribeiro disse que tem trabalhado desde mar\u00e7o do ano passado em apoio \u00e0s redes de ensino e na elabora\u00e7\u00e3o de protocolos que garantam um retorno seguro. O ministro disse ainda que tamb\u00e9m atuou junto ao Minist\u00e9rio da Sa\u00fade para inserir os profissionais de educa\u00e7\u00e3o como prioridade no Plano Nacional de Imuniza\u00e7\u00e3o (PNI).<\/p>\n<p>&#8220;Desenvolvemos protocolos em 2020 e, com rela\u00e7\u00e3o \u00e0 vacina\u00e7\u00e3o, eu fui o primeiro ministro que mandou um documento a Casa Civil pedindo prioridade aos professores e profissionais de educa\u00e7\u00e3o&#8221;, disse.<\/p>\n<p>Levantamento do<a href=\"https:\/\/consed.info\/ensinoremoto\/\" target=\"_blank\" rel=\"noopener noreferrer\"> Conselho Nacional de Secret\u00e1rios de Educa\u00e7\u00e3o (Consed)<\/a>, atualizado na \u00faltima quinta-feira (26), por nove estados e o Distrito Federal definiram os calend\u00e1rios ou sinalizaram a volta ao ensino presencial ao menos para uma parcela dos estudantes neste segundo semestre.<\/p>\n<p>O ministro, que participa da audi\u00eancia p\u00fablica, prestou esclarecimentos sobre a den\u00fancia contra o Centro Universit\u00e1rio Filad\u00e9lfia (Unifil), de Londrina (PR), suspeito de fraudar o Exame Nacional de Desempenho dos Estudantes (Enade), sistema que avalia o ensino superior, em 2019.<\/p>\n<p>Na den\u00fancia, estudantes do curso de Biomedicina teriam recebido as respostas dos testes da coordenadora, que teria tido acesso antecipadamente ao exame. Ap\u00f3s a den\u00fancia, investiga\u00e7\u00e3o do minist\u00e9rio e do Instituto Nacional de Estudos e Pesquisas An\u00edsio Teixeira (Inep), respons\u00e1vel pelo Enade, concluiu, no final do ano passado, n\u00e3o haver ind\u00edcios de fraude no exame.<\/p>\n<p>O autor do requerimento, Leo de Brito (PT-AC), citou uma reportagem do jornal Folha de S\u00e3o Paulo, apontando que houve interfer\u00eancia direta do ministro para favorecer a institui\u00e7\u00e3o e isent\u00e1-la de responsabilidades. A Unifil \u00e9 ligada \u00e0 Igreja Presbiteriana Central de Londrina, mesma denomina\u00e7\u00e3o religiosa do ministro.<\/p>\n<p>O deputado lembrou que o ministro chegou a visitar a institui\u00e7\u00e3o em duas ocasi\u00f5es e que se reuniu com o chanceler e o reitor da Unifil, durante o andamento das investiga\u00e7\u00f5es<\/p>\n<p>&#8220;A agenda de um ministro, sabemos, \u00e9 uma agenda disputada e o ministro vai, d\u00e1 palestra com elogios \u00e0 institui\u00e7\u00e3o e, no dia seguinte, vai na igreja que controla a universidade&#8221;, disse. &#8220;\u00c9 importante que o ministro esclare\u00e7a todas essas situa\u00e7\u00f5es. S\u00e3o diversos encontros. \u00c9 uma rela\u00e7\u00e3o de muita proximidade. Estamos falando de uma institui\u00e7\u00e3o que foi denunciada e que as notas estariam fora dos par\u00e2metros&#8221;, afirmou.<\/p>\n<p>O ministro negou haver ocorrido qualquer tipo de favorecimento e disse que encaminhou o resultado das investiga\u00e7\u00f5es para a Pol\u00edcia Federal. Ribeiro afirmou ainda que o fato de ter assistido a um culto n\u00e3o poderia ser classificado como indicativo de ter atuado em favor do centro universit\u00e1rio.<\/p>\n<p>&#8220;Houve uma tentativa feita por esse ou por aquele de dizer que eu estaria privilegiando uma institui\u00e7\u00e3o por ser desta ou daquela igreja, devido ao fato de eu ter assistido a um culto. Isso n\u00e3o pode ser um indicativo de que eu possa ter ido l\u00e1 para tentar fraudar um certame. Fui pela amizade que tenho. Quando fui, n\u00e3o fui s\u00f3 para a Unifil, fui nos institutos federais, na Universidade Tecnol\u00f3gica Federal do Paran\u00e1. Tamb\u00e9m tenho fam\u00edlia e fui visitar amigos em Londrina&#8221;, disse.<\/p>\n<p><strong>Recomenda\u00e7\u00f5es<\/strong><\/p>\n<p>Entre as recomenda\u00e7\u00f5es para evitar a dissemina\u00e7\u00e3o do novo <a href=\"https:\/\/www.uol.com.br\/vivabem\/noticias\/redacao\/2020\/01\/25\/tire-suas-principais-duvidas-sobre-o-coronavirus-que-se-espalha-pelo-mundo.htm\" target=\"_blank\" rel=\"noopener noreferrer\">coronav\u00edrus<\/a> est\u00e1 o uso de m\u00e1scaras por estudantes e profissionais que atuam nas unidades de ensino e higieniza\u00e7\u00e3o das m\u00e3os com \u00e1gua e sab\u00e3o ou com \u00e1lcool em gel. No caso das m\u00e1scaras, a indica\u00e7\u00e3o \u00e9 que haja unidades suficientes para trocar a cada tr\u00eas horas (m\u00e1scara de tecido) ou quatro horas (m\u00e1scara cir\u00fargica).<\/p>\n<p>Tamb\u00e9m \u00e9 sugerido um distanciamento m\u00ednimo de 1 metro entre as pessoas. \u00c1reas comuns devem ser evitadas, como bibliotecas, p\u00e1tios e quadras. As refei\u00e7\u00f5es devem ser feitas nas salas, e n\u00e3o nos refeit\u00f3rios.<\/p>\n<p>Os hor\u00e1rios de chegada e sa\u00edda, bem como o intervalo, devem ser escalonados, para evitar concentra\u00e7\u00e3o de alunos nos corredores e nos pontos de acesso a cada unidade escolar. N\u00e3o \u00e9 recomend\u00e1vel a autoriza\u00e7\u00e3o da entrada de pessoas externas \u00e0 escola.<\/p>\n<p>O documento orienta que os alunos n\u00e3o utilizem o bebedouro, preferindo levar \u00e1gua de casa. Tamb\u00e9m deve-se evitar o compartilhamento de materiais. O guia dos minist\u00e9rios coloca a import\u00e2ncia de evitar aglomera\u00e7\u00f5es, tanto nas escolas quanto ap\u00f3s as aulas.<\/p>\n<p>As gest\u00f5es de cada unidade de ensino devem refor\u00e7ar a higieniza\u00e7\u00e3o das escolas e de seus espa\u00e7os. Professores e gestores devem buscar manter os ambientes ventilados, com portas e janelas abertas.<\/p>\n<p>Se um estudante demonstrar<a href=\"https:\/\/www.uol.com.br\/vivabem\/noticias\/redacao\/2021\/02\/04\/saiba-quais-sao-os-principais-sintomas-da-covid-19.htm\" target=\"_blank\" rel=\"noopener noreferrer\"> sintomas de covid-19<\/a>, deve procurar um posto de sa\u00fade. Os pais ou respons\u00e1veis devem avisar a escola nessas situa\u00e7\u00f5es. A notifica\u00e7\u00e3o tamb\u00e9m vale para o caso de o aluno ter contato com algu\u00e9m que testou positivo para o novo coronav\u00edrus.<\/p>\n<p>O guia de retorno \u00e0s aulas do Minist\u00e9rio da Sa\u00fade coloca a import\u00e2ncia de uma comunica\u00e7\u00e3o constante entre gestores, trabalhadores da educa\u00e7\u00e3o, estudantes e familiares como forma de divulgar as a\u00e7\u00f5es de preven\u00e7\u00e3o e facilitar a sua execu\u00e7\u00e3o.<\/p>\n","protected":false},"excerpt":{"rendered":"<p>O ministro da Educa\u00e7\u00e3o, Milton Ribeiro, assinou ontem (4) uma portaria conjunta com o Minist\u00e9rio da Sa\u00fade com orienta\u00e7\u00f5es sobre o retorno \u00e0s aulas presenciais nas escolas p\u00fablicas durante a pandemia de covid-19.<\/p>\n","protected":false},"author":4,"featured_media":0,"comment_status":"closed","ping_status":"closed","sticky":false,"template":"","format":"standard","meta":{"footnotes":"","_links_to":"","_links_to_target":""},"categories":[9],"tags":[],"class_list":["post-14604","post","type-post","status-publish","format-standard","hentry","category-noticias-da-imprensa"],"yoast_head":"<!-- This site is optimized with the Yoast SEO plugin v15.1 - https:\/\/yoast.com\/wordpress\/plugins\/seo\/ -->\n<title>Ministro assina portaria com orienta\u00e7\u00f5es para aulas presenciais &raquo; Abrelivros<\/title>\n<meta name=\"robots\" content=\"index, follow, max-snippet:-1, max-image-preview:large, max-video-preview:-1\" \/>\n<link rel=\"canonical\" href=\"https:\/\/abrelivros.org.br\/site\/ministro-assina-portaria-com-orientacoes-para-aulas-presenciais\/\" \/>\n<meta property=\"og:locale\" content=\"pt_BR\" \/>\n<meta property=\"og:type\" content=\"article\" \/>\n<meta property=\"og:title\" content=\"Ministro assina portaria com orienta\u00e7\u00f5es para aulas presenciais &raquo; Abrelivros\" \/>\n<meta property=\"og:description\" content=\"O ministro da Educa\u00e7\u00e3o, Milton Ribeiro, assinou ontem (4) uma portaria conjunta com o Minist\u00e9rio da Sa\u00fade com orienta\u00e7\u00f5es sobre o retorno \u00e0s aulas presenciais nas escolas p\u00fablicas durante a pandemia de covid-19.\" \/>\n<meta property=\"og:url\" content=\"https:\/\/abrelivros.org.br\/site\/ministro-assina-portaria-com-orientacoes-para-aulas-presenciais\/\" \/>\n<meta property=\"og:site_name\" content=\"Abrelivros\" \/>\n<meta property=\"article:published_time\" content=\"2021-08-05T17:23:40+00:00\" \/>\n<meta property=\"article:modified_time\" content=\"2021-08-05T17:25:19+00:00\" \/>\n<meta name=\"twitter:card\" content=\"summary_large_image\" \/>\n<script type=\"application\/ld+json\" class=\"yoast-schema-graph\">{\"@context\":\"https:\/\/schema.org\",\"@graph\":[{\"@type\":\"WebSite\",\"@id\":\"https:\/\/abrelivros.org.br\/site\/#website\",\"url\":\"https:\/\/abrelivros.org.br\/site\/\",\"name\":\"Abrelivros\",\"description\":\"\",\"potentialAction\":[{\"@type\":\"SearchAction\",\"target\":\"https:\/\/abrelivros.org.br\/site\/?s={search_term_string}\",\"query-input\":\"required name=search_term_string\"}],\"inLanguage\":\"pt-BR\"},{\"@type\":\"WebPage\",\"@id\":\"https:\/\/abrelivros.org.br\/site\/ministro-assina-portaria-com-orientacoes-para-aulas-presenciais\/#webpage\",\"url\":\"https:\/\/abrelivros.org.br\/site\/ministro-assina-portaria-com-orientacoes-para-aulas-presenciais\/\",\"name\":\"Ministro assina portaria com orienta\\u00e7\\u00f5es para aulas presenciais &raquo; Abrelivros\",\"isPartOf\":{\"@id\":\"https:\/\/abrelivros.org.br\/site\/#website\"},\"datePublished\":\"2021-08-05T17:23:40+00:00\",\"dateModified\":\"2021-08-05T17:25:19+00:00\",\"author\":{\"@id\":\"https:\/\/abrelivros.org.br\/site\/#\/schema\/person\/65db80e26409802ce15ac5feec6a15fd\"},\"breadcrumb\":{\"@id\":\"https:\/\/abrelivros.org.br\/site\/ministro-assina-portaria-com-orientacoes-para-aulas-presenciais\/#breadcrumb\"},\"inLanguage\":\"pt-BR\",\"potentialAction\":[{\"@type\":\"ReadAction\",\"target\":[\"https:\/\/abrelivros.org.br\/site\/ministro-assina-portaria-com-orientacoes-para-aulas-presenciais\/\"]}]},{\"@type\":\"BreadcrumbList\",\"@id\":\"https:\/\/abrelivros.org.br\/site\/ministro-assina-portaria-com-orientacoes-para-aulas-presenciais\/#breadcrumb\",\"itemListElement\":[{\"@type\":\"ListItem\",\"position\":1,\"item\":{\"@type\":\"WebPage\",\"@id\":\"https:\/\/abrelivros.org.br\/site\/\",\"url\":\"https:\/\/abrelivros.org.br\/site\/\",\"name\":\"In\\u00edcio\"}},{\"@type\":\"ListItem\",\"position\":2,\"item\":{\"@type\":\"WebPage\",\"@id\":\"https:\/\/abrelivros.org.br\/site\/category\/noticias\/\",\"url\":\"https:\/\/abrelivros.org.br\/site\/category\/noticias\/\",\"name\":\"Not\\u00edcias\"}},{\"@type\":\"ListItem\",\"position\":3,\"item\":{\"@type\":\"WebPage\",\"@id\":\"https:\/\/abrelivros.org.br\/site\/category\/noticias\/noticias-da-imprensa\/\",\"url\":\"https:\/\/abrelivros.org.br\/site\/category\/noticias\/noticias-da-imprensa\/\",\"name\":\"Not\\u00edcias da imprensa\"}},{\"@type\":\"ListItem\",\"position\":4,\"item\":{\"@type\":\"WebPage\",\"@id\":\"https:\/\/abrelivros.org.br\/site\/ministro-assina-portaria-com-orientacoes-para-aulas-presenciais\/\",\"url\":\"https:\/\/abrelivros.org.br\/site\/ministro-assina-portaria-com-orientacoes-para-aulas-presenciais\/\",\"name\":\"Ministro assina portaria com orienta\\u00e7\\u00f5es para aulas presenciais\"}}]},{\"@type\":\"Person\",\"@id\":\"https:\/\/abrelivros.org.br\/site\/#\/schema\/person\/65db80e26409802ce15ac5feec6a15fd\",\"name\":\"Reda\\u00e7\\u00e3o Abrelivros\",\"image\":{\"@type\":\"ImageObject\",\"@id\":\"https:\/\/abrelivros.org.br\/site\/#personlogo\",\"inLanguage\":\"pt-BR\",\"url\":\"https:\/\/secure.gravatar.com\/avatar\/c4e57f9c7e3482965bd428192061218520756c39080b1d1820b679fa5e9af192?s=96&d=mm&r=g\",\"caption\":\"Reda\\u00e7\\u00e3o Abrelivros\"}}]}<\/script>\n<!-- \/ Yoast SEO plugin. -->","_links":{"self":[{"href":"https:\/\/abrelivros.org.br\/site\/wp-json\/wp\/v2\/posts\/14604","targetHints":{"allow":["GET"]}}],"collection":[{"href":"https:\/\/abrelivros.org.br\/site\/wp-json\/wp\/v2\/posts"}],"about":[{"href":"https:\/\/abrelivros.org.br\/site\/wp-json\/wp\/v2\/types\/post"}],"author":[{"embeddable":true,"href":"https:\/\/abrelivros.org.br\/site\/wp-json\/wp\/v2\/users\/4"}],"replies":[{"embeddable":true,"href":"https:\/\/abrelivros.org.br\/site\/wp-json\/wp\/v2\/comments?post=14604"}],"version-history":[{"count":1,"href":"https:\/\/abrelivros.org.br\/site\/wp-json\/wp\/v2\/posts\/14604\/revisions"}],"predecessor-version":[{"id":14605,"href":"https:\/\/abrelivros.org.br\/site\/wp-json\/wp\/v2\/posts\/14604\/revisions\/14605"}],"wp:attachment":[{"href":"https:\/\/abrelivros.org.br\/site\/wp-json\/wp\/v2\/media?parent=14604"}],"wp:term":[{"taxonomy":"category","embeddable":true,"href":"https:\/\/abrelivros.org.br\/site\/wp-json\/wp\/v2\/categories?post=14604"},{"taxonomy":"post_tag","embeddable":true,"href":"https:\/\/abrelivros.org.br\/site\/wp-json\/wp\/v2\/tags?post=14604"}],"curies":[{"name":"wp","href":"https:\/\/api.w.org\/{rel}","templated":true}]}}