{"id":14602,"date":"2021-08-05T13:34:55","date_gmt":"2021-08-05T16:34:55","guid":{"rendered":"https:\/\/abrelivros.org.br\/site\/?p=14602"},"modified":"2021-08-05T13:34:55","modified_gmt":"2021-08-05T16:34:55","slug":"prazo-para-escolha-de-obras-didaticas-para-o-ensino-medio-termina-na-proxima-quarta-feira-dia-11","status":"publish","type":"post","link":"https:\/\/abrelivros.org.br\/site\/prazo-para-escolha-de-obras-didaticas-para-o-ensino-medio-termina-na-proxima-quarta-feira-dia-11\/","title":{"rendered":"Prazo para escolha de obras did\u00e1ticas para o ensino m\u00e9dio termina na pr\u00f3xima quarta-feira, dia 11"},"content":{"rendered":"<p>Termina na pr\u00f3xima quarta-feira, dia 11, o prazo para a escolha de obras para o ensino m\u00e9dio do Programa Nacional do Livro e do Material Did\u00e1tico \u2013 PNLD 2021 \u2013 Objeto 2 \u2013 \u00c1reas do Conhecimento e Obras Did\u00e1ticas Espec\u00edficas.<!--more--> Gestores, coordenadores pedag\u00f3gicos e professores t\u00eam at\u00e9 essa data para selecionar os livros mais adequados aos projetos pedag\u00f3gicos de cada unidade de ensino. Ap\u00f3s essa decis\u00e3o conjunta, a escolha deve ser registrada pelo gestor escolar no sistema <a href=\"http:\/\/pddeinterativo.mec.gov.br\/\" target=\"_blank\" rel=\"noopener noreferrer\">PDDE Interativo\/Simec<\/a>.<\/p>\n<p>Para auxiliar na sele\u00e7\u00e3o, est\u00e1 dispon\u00edvel no portal eletr\u00f4nico do Fundo Nacional de Desenvolvimento da Educa\u00e7\u00e3o (FNDE) o <a href=\"https:\/\/www.gov.br\/fnde\/pt-br\/acesso-a-informacao\/acoes-e-programas\/programas\/programas-do-livro\/pnld\/escolha-pnld-2021-2013-objeto-2-areas-do-conhecimento\" target=\"_blank\" rel=\"noopener noreferrer\">Guia do PNLD 2021<\/a>, que cont\u00e9m resenhas das obras que integram o programa e o acesso a cada livro na \u00edntegra. Est\u00e3o dispon\u00edveis para escolha obras por \u00e1rea do conhecimento (Linguagens e suas Tecnologias, Matem\u00e1tica e suas Tecnologias, Ci\u00eancias da Natureza e suas Tecnologias e Ci\u00eancias Humanas e Sociais Aplicadas), al\u00e9m de obras did\u00e1ticas espec\u00edficas (L\u00edngua Portuguesa, L\u00edngua Inglesa e Ci\u00eancias Humanas e Sociais Aplicadas em di\u00e1logo com a Matem\u00e1tica).<\/p>\n<p>\u201c\u00c9 um material did\u00e1tico original, elaborado com base nas diretrizes do Novo Ensino M\u00e9dio, e que ser\u00e1 distribu\u00eddo pela primeira vez para as escolas p\u00fablicas de todo o pa\u00eds\u201d, afirma a coordenadora-geral dos Programas do Livro do FNDE, N\u00e1dja C\u00e9zar.<\/p>\n<p>Como regra b\u00e1sica, se a escola n\u00e3o deseja receber livros de alguma \u00e1rea, \u00e9 obrigat\u00f3rio indicar essa inten\u00e7\u00e3o no sistema. Al\u00e9m disso, ser\u00e1 preciso apontar quais volumes ser\u00e3o utilizados em cada ano\/s\u00e9rie, j\u00e1 que o FNDE far\u00e1 a distribui\u00e7\u00e3o com base no alunado registrado no Censo Escolar, que agrupa os estudantes por s\u00e9rie. Tamb\u00e9m \u00e9 necess\u00e1ria a inclus\u00e3o da ata de reuni\u00e3o da escolha no sistema PDDE Interativo\/Simec, demonstrando que o registro de escolha \u00e9 resultado de uma decis\u00e3o coletiva do corpo docente. Mais orienta\u00e7\u00f5es est\u00e3o dispon\u00edveis no portal do FNDE.<\/p>\n","protected":false},"excerpt":{"rendered":"<p>Termina na pr\u00f3xima quarta-feira, dia 11, o prazo para a escolha de obras para o ensino m\u00e9dio do Programa Nacional do Livro e do Material Did\u00e1tico \u2013 PNLD 2021 \u2013 Objeto 2 \u2013 \u00c1reas do Conhecimento e Obras Did\u00e1ticas Espec\u00edficas.<\/p>\n","protected":false},"author":4,"featured_media":0,"comment_status":"closed","ping_status":"closed","sticky":false,"template":"","format":"standard","meta":{"footnotes":"","_links_to":"","_links_to_target":""},"categories":[9,10],"tags":[],"class_list":["post-14602","post","type-post","status-publish","format-standard","hentry","category-noticias-da-imprensa","category-pnld-programa-nacional-do-livro-e-do-material-didatico"],"yoast_head":"<!-- This site is optimized with the Yoast SEO plugin v15.1 - https:\/\/yoast.com\/wordpress\/plugins\/seo\/ -->\n<title>Prazo para escolha de obras did\u00e1ticas para o ensino m\u00e9dio termina na pr\u00f3xima quarta-feira, dia 11 &raquo; Abrelivros<\/title>\n<meta name=\"robots\" content=\"index, follow, max-snippet:-1, max-image-preview:large, max-video-preview:-1\" \/>\n<link rel=\"canonical\" href=\"https:\/\/abrelivros.org.br\/site\/prazo-para-escolha-de-obras-didaticas-para-o-ensino-medio-termina-na-proxima-quarta-feira-dia-11\/\" \/>\n<meta property=\"og:locale\" content=\"pt_BR\" \/>\n<meta property=\"og:type\" content=\"article\" \/>\n<meta property=\"og:title\" content=\"Prazo para escolha de obras did\u00e1ticas para o ensino m\u00e9dio termina na pr\u00f3xima quarta-feira, dia 11 &raquo; Abrelivros\" \/>\n<meta property=\"og:description\" content=\"Termina na pr\u00f3xima quarta-feira, dia 11, o prazo para a escolha de obras para o ensino m\u00e9dio do Programa Nacional do Livro e do Material Did\u00e1tico \u2013 PNLD 2021 \u2013 Objeto 2 \u2013 \u00c1reas do Conhecimento e Obras Did\u00e1ticas Espec\u00edficas.\" \/>\n<meta property=\"og:url\" content=\"https:\/\/abrelivros.org.br\/site\/prazo-para-escolha-de-obras-didaticas-para-o-ensino-medio-termina-na-proxima-quarta-feira-dia-11\/\" \/>\n<meta property=\"og:site_name\" content=\"Abrelivros\" \/>\n<meta property=\"article:published_time\" content=\"2021-08-05T16:34:55+00:00\" \/>\n<meta name=\"twitter:card\" content=\"summary_large_image\" \/>\n<script type=\"application\/ld+json\" class=\"yoast-schema-graph\">{\"@context\":\"https:\/\/schema.org\",\"@graph\":[{\"@type\":\"WebSite\",\"@id\":\"https:\/\/abrelivros.org.br\/site\/#website\",\"url\":\"https:\/\/abrelivros.org.br\/site\/\",\"name\":\"Abrelivros\",\"description\":\"\",\"potentialAction\":[{\"@type\":\"SearchAction\",\"target\":\"https:\/\/abrelivros.org.br\/site\/?s={search_term_string}\",\"query-input\":\"required name=search_term_string\"}],\"inLanguage\":\"pt-BR\"},{\"@type\":\"WebPage\",\"@id\":\"https:\/\/abrelivros.org.br\/site\/prazo-para-escolha-de-obras-didaticas-para-o-ensino-medio-termina-na-proxima-quarta-feira-dia-11\/#webpage\",\"url\":\"https:\/\/abrelivros.org.br\/site\/prazo-para-escolha-de-obras-didaticas-para-o-ensino-medio-termina-na-proxima-quarta-feira-dia-11\/\",\"name\":\"Prazo para escolha de obras did\\u00e1ticas para o ensino m\\u00e9dio termina na pr\\u00f3xima quarta-feira, dia 11 &raquo; Abrelivros\",\"isPartOf\":{\"@id\":\"https:\/\/abrelivros.org.br\/site\/#website\"},\"datePublished\":\"2021-08-05T16:34:55+00:00\",\"dateModified\":\"2021-08-05T16:34:55+00:00\",\"author\":{\"@id\":\"https:\/\/abrelivros.org.br\/site\/#\/schema\/person\/65db80e26409802ce15ac5feec6a15fd\"},\"breadcrumb\":{\"@id\":\"https:\/\/abrelivros.org.br\/site\/prazo-para-escolha-de-obras-didaticas-para-o-ensino-medio-termina-na-proxima-quarta-feira-dia-11\/#breadcrumb\"},\"inLanguage\":\"pt-BR\",\"potentialAction\":[{\"@type\":\"ReadAction\",\"target\":[\"https:\/\/abrelivros.org.br\/site\/prazo-para-escolha-de-obras-didaticas-para-o-ensino-medio-termina-na-proxima-quarta-feira-dia-11\/\"]}]},{\"@type\":\"BreadcrumbList\",\"@id\":\"https:\/\/abrelivros.org.br\/site\/prazo-para-escolha-de-obras-didaticas-para-o-ensino-medio-termina-na-proxima-quarta-feira-dia-11\/#breadcrumb\",\"itemListElement\":[{\"@type\":\"ListItem\",\"position\":1,\"item\":{\"@type\":\"WebPage\",\"@id\":\"https:\/\/abrelivros.org.br\/site\/\",\"url\":\"https:\/\/abrelivros.org.br\/site\/\",\"name\":\"In\\u00edcio\"}},{\"@type\":\"ListItem\",\"position\":2,\"item\":{\"@type\":\"WebPage\",\"@id\":\"https:\/\/abrelivros.org.br\/site\/category\/noticias\/\",\"url\":\"https:\/\/abrelivros.org.br\/site\/category\/noticias\/\",\"name\":\"Not\\u00edcias\"}},{\"@type\":\"ListItem\",\"position\":3,\"item\":{\"@type\":\"WebPage\",\"@id\":\"https:\/\/abrelivros.org.br\/site\/category\/noticias\/noticias-da-imprensa\/\",\"url\":\"https:\/\/abrelivros.org.br\/site\/category\/noticias\/noticias-da-imprensa\/\",\"name\":\"Not\\u00edcias da imprensa\"}},{\"@type\":\"ListItem\",\"position\":4,\"item\":{\"@type\":\"WebPage\",\"@id\":\"https:\/\/abrelivros.org.br\/site\/prazo-para-escolha-de-obras-didaticas-para-o-ensino-medio-termina-na-proxima-quarta-feira-dia-11\/\",\"url\":\"https:\/\/abrelivros.org.br\/site\/prazo-para-escolha-de-obras-didaticas-para-o-ensino-medio-termina-na-proxima-quarta-feira-dia-11\/\",\"name\":\"Prazo para escolha de obras did\\u00e1ticas para o ensino m\\u00e9dio termina na pr\\u00f3xima quarta-feira, dia 11\"}}]},{\"@type\":\"Person\",\"@id\":\"https:\/\/abrelivros.org.br\/site\/#\/schema\/person\/65db80e26409802ce15ac5feec6a15fd\",\"name\":\"Reda\\u00e7\\u00e3o Abrelivros\",\"image\":{\"@type\":\"ImageObject\",\"@id\":\"https:\/\/abrelivros.org.br\/site\/#personlogo\",\"inLanguage\":\"pt-BR\",\"url\":\"https:\/\/secure.gravatar.com\/avatar\/c4e57f9c7e3482965bd428192061218520756c39080b1d1820b679fa5e9af192?s=96&d=mm&r=g\",\"caption\":\"Reda\\u00e7\\u00e3o Abrelivros\"}}]}<\/script>\n<!-- \/ Yoast SEO plugin. -->","_links":{"self":[{"href":"https:\/\/abrelivros.org.br\/site\/wp-json\/wp\/v2\/posts\/14602","targetHints":{"allow":["GET"]}}],"collection":[{"href":"https:\/\/abrelivros.org.br\/site\/wp-json\/wp\/v2\/posts"}],"about":[{"href":"https:\/\/abrelivros.org.br\/site\/wp-json\/wp\/v2\/types\/post"}],"author":[{"embeddable":true,"href":"https:\/\/abrelivros.org.br\/site\/wp-json\/wp\/v2\/users\/4"}],"replies":[{"embeddable":true,"href":"https:\/\/abrelivros.org.br\/site\/wp-json\/wp\/v2\/comments?post=14602"}],"version-history":[{"count":1,"href":"https:\/\/abrelivros.org.br\/site\/wp-json\/wp\/v2\/posts\/14602\/revisions"}],"predecessor-version":[{"id":14603,"href":"https:\/\/abrelivros.org.br\/site\/wp-json\/wp\/v2\/posts\/14602\/revisions\/14603"}],"wp:attachment":[{"href":"https:\/\/abrelivros.org.br\/site\/wp-json\/wp\/v2\/media?parent=14602"}],"wp:term":[{"taxonomy":"category","embeddable":true,"href":"https:\/\/abrelivros.org.br\/site\/wp-json\/wp\/v2\/categories?post=14602"},{"taxonomy":"post_tag","embeddable":true,"href":"https:\/\/abrelivros.org.br\/site\/wp-json\/wp\/v2\/tags?post=14602"}],"curies":[{"name":"wp","href":"https:\/\/api.w.org\/{rel}","templated":true}]}}