{"id":14598,"date":"2021-08-05T13:22:44","date_gmt":"2021-08-05T16:22:44","guid":{"rendered":"https:\/\/abrelivros.org.br\/site\/?p=14598"},"modified":"2021-08-05T13:22:44","modified_gmt":"2021-08-05T16:22:44","slug":"ftd-educacao-lanca-podcast-sobre-universo-da-arte-e-cultura","status":"publish","type":"post","link":"https:\/\/abrelivros.org.br\/site\/ftd-educacao-lanca-podcast-sobre-universo-da-arte-e-cultura\/","title":{"rendered":"FTD Educa\u00e7\u00e3o lan\u00e7a podcast sobre universo da arte e cultura"},"content":{"rendered":"<p>O &#8216;Diversando&#8217; apresenta entrevistas de escritores, educadores e artistas contempor\u00e2neos e ainda relaciona os epis\u00f3dios com temas de literatura da editora a conte\u00fados do Novo Ensino M\u00e9dio.<!--more--><\/p>\n<p>A FTD Educa\u00e7\u00e3o acaba de lan\u00e7ar o seu podcast voltado para temas contempor\u00e2neos relacionados ao universo da arte, cultura e mundo digital, o Diversando. Para oferecer informa\u00e7\u00e3o de qualidade, com curadoria apurada, a primeira temporada do podcast ter\u00e1 nove epis\u00f3dios com convidados como a slammer Thalita de Freitas e o escritor Tino Freitas.No epis\u00f3dio de estreia, intitulado Poesia no livro, poesia na rua e que foi ao ar nesta ter\u00e7a (03), os entrevistados debateram assuntos como a voz das ruas e a democratiza\u00e7\u00e3o da arte. Para o epis\u00f3dio dois (Atr\u00e1s das c\u00e2meras, no fundo do palco, longe dos microfones), que discute os bastidores do trabalho art\u00edstico, os convidados s\u00e3o o ator e dramaturgo Fernando Paz e o jovem cantor Ph Silva. Voltado para o p\u00fablico interessado em arte e cultura, com destaque para temas da atualidade, o podcast tamb\u00e9m conversa com estudantes e professores, j\u00e1 que tem como proposta relacionar temas de literatura da editora a conte\u00fados do Novo Ensino M\u00e9dio, com linguagem \u00e1gil e coloquial. Aprese<br \/>\nntado pelo escritor e editor de literatura da FTD Educa\u00e7\u00e3o, Estev\u00e3o Azevedo, o Diversando tem epis\u00f3dios semanais de 30 minutos, temporadas semestrais e est\u00e1 dispon\u00edvel nas principais plataformas de streaming.<\/p>\n","protected":false},"excerpt":{"rendered":"<p>O &#8216;Diversando&#8217; apresenta entrevistas de escritores, educadores e artistas contempor\u00e2neos e ainda relaciona os epis\u00f3dios com temas de literatura da editora a conte\u00fados do Novo Ensino M\u00e9dio.<\/p>\n","protected":false},"author":4,"featured_media":0,"comment_status":"closed","ping_status":"closed","sticky":false,"template":"","format":"standard","meta":{"footnotes":"","_links_to":"","_links_to_target":""},"categories":[9],"tags":[],"class_list":["post-14598","post","type-post","status-publish","format-standard","hentry","category-noticias-da-imprensa"],"yoast_head":"<!-- This site is optimized with the Yoast SEO plugin v15.1 - https:\/\/yoast.com\/wordpress\/plugins\/seo\/ -->\n<title>FTD Educa\u00e7\u00e3o lan\u00e7a podcast sobre universo da arte e cultura &raquo; Abrelivros<\/title>\n<meta name=\"robots\" content=\"index, follow, max-snippet:-1, max-image-preview:large, max-video-preview:-1\" \/>\n<link rel=\"canonical\" href=\"https:\/\/abrelivros.org.br\/site\/ftd-educacao-lanca-podcast-sobre-universo-da-arte-e-cultura\/\" \/>\n<meta property=\"og:locale\" content=\"pt_BR\" \/>\n<meta property=\"og:type\" content=\"article\" \/>\n<meta property=\"og:title\" content=\"FTD Educa\u00e7\u00e3o lan\u00e7a podcast sobre universo da arte e cultura &raquo; Abrelivros\" \/>\n<meta property=\"og:description\" content=\"O &#8216;Diversando&#8217; apresenta entrevistas de escritores, educadores e artistas contempor\u00e2neos e ainda relaciona os epis\u00f3dios com temas de literatura da editora a conte\u00fados do Novo Ensino M\u00e9dio.\" \/>\n<meta property=\"og:url\" content=\"https:\/\/abrelivros.org.br\/site\/ftd-educacao-lanca-podcast-sobre-universo-da-arte-e-cultura\/\" \/>\n<meta property=\"og:site_name\" content=\"Abrelivros\" \/>\n<meta property=\"article:published_time\" content=\"2021-08-05T16:22:44+00:00\" \/>\n<meta name=\"twitter:card\" content=\"summary_large_image\" \/>\n<script type=\"application\/ld+json\" class=\"yoast-schema-graph\">{\"@context\":\"https:\/\/schema.org\",\"@graph\":[{\"@type\":\"WebSite\",\"@id\":\"https:\/\/abrelivros.org.br\/site\/#website\",\"url\":\"https:\/\/abrelivros.org.br\/site\/\",\"name\":\"Abrelivros\",\"description\":\"\",\"potentialAction\":[{\"@type\":\"SearchAction\",\"target\":\"https:\/\/abrelivros.org.br\/site\/?s={search_term_string}\",\"query-input\":\"required name=search_term_string\"}],\"inLanguage\":\"pt-BR\"},{\"@type\":\"WebPage\",\"@id\":\"https:\/\/abrelivros.org.br\/site\/ftd-educacao-lanca-podcast-sobre-universo-da-arte-e-cultura\/#webpage\",\"url\":\"https:\/\/abrelivros.org.br\/site\/ftd-educacao-lanca-podcast-sobre-universo-da-arte-e-cultura\/\",\"name\":\"FTD Educa\\u00e7\\u00e3o lan\\u00e7a podcast sobre universo da arte e cultura &raquo; Abrelivros\",\"isPartOf\":{\"@id\":\"https:\/\/abrelivros.org.br\/site\/#website\"},\"datePublished\":\"2021-08-05T16:22:44+00:00\",\"dateModified\":\"2021-08-05T16:22:44+00:00\",\"author\":{\"@id\":\"https:\/\/abrelivros.org.br\/site\/#\/schema\/person\/65db80e26409802ce15ac5feec6a15fd\"},\"breadcrumb\":{\"@id\":\"https:\/\/abrelivros.org.br\/site\/ftd-educacao-lanca-podcast-sobre-universo-da-arte-e-cultura\/#breadcrumb\"},\"inLanguage\":\"pt-BR\",\"potentialAction\":[{\"@type\":\"ReadAction\",\"target\":[\"https:\/\/abrelivros.org.br\/site\/ftd-educacao-lanca-podcast-sobre-universo-da-arte-e-cultura\/\"]}]},{\"@type\":\"BreadcrumbList\",\"@id\":\"https:\/\/abrelivros.org.br\/site\/ftd-educacao-lanca-podcast-sobre-universo-da-arte-e-cultura\/#breadcrumb\",\"itemListElement\":[{\"@type\":\"ListItem\",\"position\":1,\"item\":{\"@type\":\"WebPage\",\"@id\":\"https:\/\/abrelivros.org.br\/site\/\",\"url\":\"https:\/\/abrelivros.org.br\/site\/\",\"name\":\"In\\u00edcio\"}},{\"@type\":\"ListItem\",\"position\":2,\"item\":{\"@type\":\"WebPage\",\"@id\":\"https:\/\/abrelivros.org.br\/site\/category\/noticias\/\",\"url\":\"https:\/\/abrelivros.org.br\/site\/category\/noticias\/\",\"name\":\"Not\\u00edcias\"}},{\"@type\":\"ListItem\",\"position\":3,\"item\":{\"@type\":\"WebPage\",\"@id\":\"https:\/\/abrelivros.org.br\/site\/category\/noticias\/noticias-da-imprensa\/\",\"url\":\"https:\/\/abrelivros.org.br\/site\/category\/noticias\/noticias-da-imprensa\/\",\"name\":\"Not\\u00edcias da imprensa\"}},{\"@type\":\"ListItem\",\"position\":4,\"item\":{\"@type\":\"WebPage\",\"@id\":\"https:\/\/abrelivros.org.br\/site\/ftd-educacao-lanca-podcast-sobre-universo-da-arte-e-cultura\/\",\"url\":\"https:\/\/abrelivros.org.br\/site\/ftd-educacao-lanca-podcast-sobre-universo-da-arte-e-cultura\/\",\"name\":\"FTD Educa\\u00e7\\u00e3o lan\\u00e7a podcast sobre universo da arte e cultura\"}}]},{\"@type\":\"Person\",\"@id\":\"https:\/\/abrelivros.org.br\/site\/#\/schema\/person\/65db80e26409802ce15ac5feec6a15fd\",\"name\":\"Reda\\u00e7\\u00e3o Abrelivros\",\"image\":{\"@type\":\"ImageObject\",\"@id\":\"https:\/\/abrelivros.org.br\/site\/#personlogo\",\"inLanguage\":\"pt-BR\",\"url\":\"https:\/\/secure.gravatar.com\/avatar\/c4e57f9c7e3482965bd428192061218520756c39080b1d1820b679fa5e9af192?s=96&d=mm&r=g\",\"caption\":\"Reda\\u00e7\\u00e3o Abrelivros\"}}]}<\/script>\n<!-- \/ Yoast SEO plugin. -->","_links":{"self":[{"href":"https:\/\/abrelivros.org.br\/site\/wp-json\/wp\/v2\/posts\/14598","targetHints":{"allow":["GET"]}}],"collection":[{"href":"https:\/\/abrelivros.org.br\/site\/wp-json\/wp\/v2\/posts"}],"about":[{"href":"https:\/\/abrelivros.org.br\/site\/wp-json\/wp\/v2\/types\/post"}],"author":[{"embeddable":true,"href":"https:\/\/abrelivros.org.br\/site\/wp-json\/wp\/v2\/users\/4"}],"replies":[{"embeddable":true,"href":"https:\/\/abrelivros.org.br\/site\/wp-json\/wp\/v2\/comments?post=14598"}],"version-history":[{"count":1,"href":"https:\/\/abrelivros.org.br\/site\/wp-json\/wp\/v2\/posts\/14598\/revisions"}],"predecessor-version":[{"id":14599,"href":"https:\/\/abrelivros.org.br\/site\/wp-json\/wp\/v2\/posts\/14598\/revisions\/14599"}],"wp:attachment":[{"href":"https:\/\/abrelivros.org.br\/site\/wp-json\/wp\/v2\/media?parent=14598"}],"wp:term":[{"taxonomy":"category","embeddable":true,"href":"https:\/\/abrelivros.org.br\/site\/wp-json\/wp\/v2\/categories?post=14598"},{"taxonomy":"post_tag","embeddable":true,"href":"https:\/\/abrelivros.org.br\/site\/wp-json\/wp\/v2\/tags?post=14598"}],"curies":[{"name":"wp","href":"https:\/\/api.w.org\/{rel}","templated":true}]}}