{"id":14596,"date":"2021-08-05T13:16:57","date_gmt":"2021-08-05T16:16:57","guid":{"rendered":"https:\/\/abrelivros.org.br\/site\/?p=14596"},"modified":"2021-08-05T13:28:39","modified_gmt":"2021-08-05T16:28:39","slug":"os-impactos-da-pandemia-na-educacao-brasileira-e-tema-do-ciclo-de-webinarios","status":"publish","type":"post","link":"https:\/\/abrelivros.org.br\/site\/os-impactos-da-pandemia-na-educacao-brasileira-e-tema-do-ciclo-de-webinarios\/","title":{"rendered":"Os impactos da pandemia na educa\u00e7\u00e3o brasileira \u00e9 tema do ciclo de webin\u00e1rios"},"content":{"rendered":"<p>O primeiro encontro ocorreu hoje, dia 05\/08 e teve como tem\u00e1tica o \u201cRetorno \u00e0s aulas presenciais: a\u00e7\u00f5es concretas para o retorno seguro e roda de conversa para compartilhamento de experi\u00eancias\u201d.<!--more--><\/p>\n<p>O Minist\u00e9rio da Educa\u00e7\u00e3o (MEC) inicia um ciclo de webin\u00e1rios sobre os impactos da pandemia na educa\u00e7\u00e3o brasileira. O primeiro evento virtual aconteceu hoje, dia 05\/08, \u00e0s 10h, e teve como tema o \u201cRetorno \u00e0s aulas presenciais: a\u00e7\u00f5es concretas para o retorno seguro e roda de conversa para compartilhamento de experi\u00eancias\u201d. O evento foi transmitido pelo YouTube do Minist\u00e9rio, em parceria com o FNDE. Por meio do chat do canal, os participantes poderiam fazer coment\u00e1rios e enviar perguntas.<\/p>\n<p>Organizado em 12 encontros, todas as quintas-feiras at\u00e9 o final de outubro, o ciclo de debates visa apresentar diagn\u00f3sticos e propor solu\u00e7\u00f5es, que permitam a ado\u00e7\u00e3o de medidas articuladas para verificar as respostas aos efeitos provocados pela pandemia, atrav\u00e9s das trocas de experi\u00eancias entre os diversos atores sobre as principais quest\u00f5es relacionadas aos impactos da pandemia na educa\u00e7\u00e3o.<\/p>\n<p>Ademais, o debate levanta a quest\u00e3o de como profissionais da educa\u00e7\u00e3o e estudantes do pa\u00eds lidam diariamente com diversos desafios relacionados \u00e0 Crise da Covid-19, em aspectos afetos ao acesso, \u00e0 aprendizagem e \u00e0 trajet\u00f3ria de estudantes, em maior ou menor grau, de todas as institui\u00e7\u00f5es ou redes de ensino de educa\u00e7\u00e3o b\u00e1sica e ensino superior do Brasil.<\/p>\n<p>Ao longo do m\u00eas de agosto os semin\u00e1rios est\u00e3o organizados em quatro eixos tem\u00e1ticos: Retorno \u00e0s aulas presenciais; O que dizem as estat\u00edsticas educacionais sobre os impactos da pandemia na educa\u00e7\u00e3o b\u00e1sica; Impactos da pandemia na Educa\u00e7\u00e3o B\u00e1sica: desafios, boas pr\u00e1ticas e li\u00e7\u00f5es aprendidas; e busca ativa escolar no contexto p\u00f3s pandemia.<\/p>\n<p>Confira abaixo o calend\u00e1rio do ciclo de webn\u00e1rios:<\/p>\n<p>&nbsp;<\/p>\n<table>\n<tbody>\n<tr>\n<td>Mesas\/Webinar<\/td>\n<td>Mediador<\/td>\n<\/tr>\n<tr>\n<td>1<\/td>\n<td>SEB<\/p>\n<p>05\/08<\/p>\n<p>&nbsp;<\/td>\n<td>&nbsp;<\/p>\n<p>Retorno \u00e0s aulas presenciais: a\u00e7\u00f5es concretas para o retorno seguro e roda de conversa para compartilhamento de experi\u00eancias.<\/p>\n<p>&nbsp;<\/td>\n<td>Juliana Demonte Moreira<\/td>\n<\/tr>\n<tr>\n<td>2<\/td>\n<td>&nbsp;<\/p>\n<p>INEP<\/p>\n<p>12\/08<\/td>\n<td>O que dizem as estat\u00edsticas educacionais sobre os impactos da pandemia na educa\u00e7\u00e3o b\u00e1sica.<\/p>\n<p>&nbsp;<\/td>\n<td>Helber Ricardo Vieira<\/td>\n<\/tr>\n<tr>\n<td>3<\/td>\n<td>SEB<\/p>\n<p>19\/08<\/td>\n<td>Impactos da pandemia na Educa\u00e7\u00e3o B\u00e1sica: desafios, boas pr\u00e1ticas e li\u00e7\u00f5es aprendidas<\/td>\n<td>Fernando Wirthmann Ferreira<\/td>\n<\/tr>\n<tr>\n<td>4<\/td>\n<td>SEB<\/p>\n<p>26\/08<\/td>\n<td>Busca ativa escolar no contexto p\u00f3s pandemia.<\/td>\n<td>Ana Caroline Santos Calazans Vilasboas<\/td>\n<\/tr>\n<tr>\n<td>5<\/td>\n<td>SEMESP<\/p>\n<p>02\/09<\/td>\n<td><strong>Forma\u00e7\u00e3o continuada de professores do AEE no contexto da pandemia<\/strong><\/td>\n<td>Rosana Cipriano Jacinto da Silva, Coordenadora Geral\/DEE\/SEMESP<\/td>\n<\/tr>\n<tr>\n<td>6<\/td>\n<td>SEB<\/p>\n<p>(DPD)<\/p>\n<p>09\/09<\/td>\n<td>Ensino H\u00edbrido: limites e possibilidades.<\/p>\n<p>&nbsp;<\/td>\n<td>Myrian Caldeira Sartori<\/td>\n<\/tr>\n<tr>\n<td>7<\/td>\n<td>SEB<\/p>\n<p>(DARE)<\/p>\n<p>16\/09<\/td>\n<td>&nbsp;<\/p>\n<p>Utiliza\u00e7\u00e3o de avalia\u00e7\u00f5es diagn\u00f3sticas e formativas para identificar as defasagens de aprendizagem<\/td>\n<td>Myrian Caldeira Sartori<\/td>\n<\/tr>\n<tr>\n<td>8<\/td>\n<td>SEALF<\/p>\n<p>30\/09<\/td>\n<td>Exposi\u00e7\u00e3o de experi\u00eancias exitosas nacionais e internacionais no combate aos impactos da pandemia na educa\u00e7\u00e3o b\u00e1sica<\/td>\n<td>Anthony Tannus Wright<\/td>\n<\/tr>\n<tr>\n<td>9<\/td>\n<td>SETEC<\/p>\n<p>07\/10<\/p>\n<p>&nbsp;<\/td>\n<td>Roda de conversa para contar experi\u00eancias exitosas no retorno \u00e0s aulas presenciais nos Institutos Federais<\/td>\n<td>Reitora S\u00f4nia Regina de Souza Fernandes (Presidente Conif)<\/td>\n<\/tr>\n<tr>\n<td>10<\/td>\n<td>SESU<\/p>\n<p>14\/10<\/td>\n<td>Intelig\u00eancia artificial, Conectividade e Educa\u00e7\u00e3o no \u00e2mbito do Ensino Superior<\/td>\n<td>Andr\u00e9 &#8211; STIC<\/td>\n<\/tr>\n<tr>\n<td>11<\/td>\n<td>INEP<\/p>\n<p>21\/10<\/td>\n<td>Os impactos da pandemia na educa\u00e7\u00e3o e as metas do PNE<\/td>\n<td>Ana Elisabete<\/td>\n<\/tr>\n<tr>\n<td>12<\/td>\n<td>INEP<\/p>\n<p>28\/10<\/td>\n<td>Moderniza\u00e7\u00e3o do processo de avalia\u00e7\u00e3o\u00a0<em>in loco<\/em>, no \u00e2mbito do Sinaes<\/td>\n<td>M\u00e1rio C\u00e9sar Barreto Moraes (Conaes)<\/td>\n<\/tr>\n<\/tbody>\n<\/table>\n","protected":false},"excerpt":{"rendered":"<p>O primeiro encontro ocorreu hoje, dia 05\/08 e teve como tem\u00e1tica o \u201cRetorno \u00e0s aulas presenciais: a\u00e7\u00f5es concretas para o retorno seguro e roda de conversa para compartilhamento de experi\u00eancias\u201d.<\/p>\n","protected":false},"author":4,"featured_media":0,"comment_status":"closed","ping_status":"closed","sticky":false,"template":"","format":"standard","meta":{"footnotes":"","_links_to":"","_links_to_target":""},"categories":[9],"tags":[],"class_list":["post-14596","post","type-post","status-publish","format-standard","hentry","category-noticias-da-imprensa"],"yoast_head":"<!-- This site is optimized with the Yoast SEO plugin v15.1 - https:\/\/yoast.com\/wordpress\/plugins\/seo\/ -->\n<title>Os impactos da pandemia na educa\u00e7\u00e3o brasileira \u00e9 tema do ciclo de webin\u00e1rios &raquo; Abrelivros<\/title>\n<meta name=\"robots\" content=\"index, follow, max-snippet:-1, max-image-preview:large, max-video-preview:-1\" \/>\n<link rel=\"canonical\" href=\"https:\/\/abrelivros.org.br\/site\/os-impactos-da-pandemia-na-educacao-brasileira-e-tema-do-ciclo-de-webinarios\/\" \/>\n<meta property=\"og:locale\" content=\"pt_BR\" \/>\n<meta property=\"og:type\" content=\"article\" \/>\n<meta property=\"og:title\" content=\"Os impactos da pandemia na educa\u00e7\u00e3o brasileira \u00e9 tema do ciclo de webin\u00e1rios &raquo; Abrelivros\" \/>\n<meta property=\"og:description\" content=\"O primeiro encontro ocorreu hoje, dia 05\/08 e teve como tem\u00e1tica o \u201cRetorno \u00e0s aulas presenciais: a\u00e7\u00f5es concretas para o retorno seguro e roda de conversa para compartilhamento de experi\u00eancias\u201d.\" \/>\n<meta property=\"og:url\" content=\"https:\/\/abrelivros.org.br\/site\/os-impactos-da-pandemia-na-educacao-brasileira-e-tema-do-ciclo-de-webinarios\/\" \/>\n<meta property=\"og:site_name\" content=\"Abrelivros\" \/>\n<meta property=\"article:published_time\" content=\"2021-08-05T16:16:57+00:00\" \/>\n<meta property=\"article:modified_time\" content=\"2021-08-05T16:28:39+00:00\" \/>\n<meta name=\"twitter:card\" content=\"summary_large_image\" \/>\n<script type=\"application\/ld+json\" class=\"yoast-schema-graph\">{\"@context\":\"https:\/\/schema.org\",\"@graph\":[{\"@type\":\"WebSite\",\"@id\":\"https:\/\/abrelivros.org.br\/site\/#website\",\"url\":\"https:\/\/abrelivros.org.br\/site\/\",\"name\":\"Abrelivros\",\"description\":\"\",\"potentialAction\":[{\"@type\":\"SearchAction\",\"target\":\"https:\/\/abrelivros.org.br\/site\/?s={search_term_string}\",\"query-input\":\"required name=search_term_string\"}],\"inLanguage\":\"pt-BR\"},{\"@type\":\"WebPage\",\"@id\":\"https:\/\/abrelivros.org.br\/site\/os-impactos-da-pandemia-na-educacao-brasileira-e-tema-do-ciclo-de-webinarios\/#webpage\",\"url\":\"https:\/\/abrelivros.org.br\/site\/os-impactos-da-pandemia-na-educacao-brasileira-e-tema-do-ciclo-de-webinarios\/\",\"name\":\"Os impactos da pandemia na educa\\u00e7\\u00e3o brasileira \\u00e9 tema do ciclo de webin\\u00e1rios &raquo; Abrelivros\",\"isPartOf\":{\"@id\":\"https:\/\/abrelivros.org.br\/site\/#website\"},\"datePublished\":\"2021-08-05T16:16:57+00:00\",\"dateModified\":\"2021-08-05T16:28:39+00:00\",\"author\":{\"@id\":\"https:\/\/abrelivros.org.br\/site\/#\/schema\/person\/65db80e26409802ce15ac5feec6a15fd\"},\"breadcrumb\":{\"@id\":\"https:\/\/abrelivros.org.br\/site\/os-impactos-da-pandemia-na-educacao-brasileira-e-tema-do-ciclo-de-webinarios\/#breadcrumb\"},\"inLanguage\":\"pt-BR\",\"potentialAction\":[{\"@type\":\"ReadAction\",\"target\":[\"https:\/\/abrelivros.org.br\/site\/os-impactos-da-pandemia-na-educacao-brasileira-e-tema-do-ciclo-de-webinarios\/\"]}]},{\"@type\":\"BreadcrumbList\",\"@id\":\"https:\/\/abrelivros.org.br\/site\/os-impactos-da-pandemia-na-educacao-brasileira-e-tema-do-ciclo-de-webinarios\/#breadcrumb\",\"itemListElement\":[{\"@type\":\"ListItem\",\"position\":1,\"item\":{\"@type\":\"WebPage\",\"@id\":\"https:\/\/abrelivros.org.br\/site\/\",\"url\":\"https:\/\/abrelivros.org.br\/site\/\",\"name\":\"In\\u00edcio\"}},{\"@type\":\"ListItem\",\"position\":2,\"item\":{\"@type\":\"WebPage\",\"@id\":\"https:\/\/abrelivros.org.br\/site\/category\/noticias\/\",\"url\":\"https:\/\/abrelivros.org.br\/site\/category\/noticias\/\",\"name\":\"Not\\u00edcias\"}},{\"@type\":\"ListItem\",\"position\":3,\"item\":{\"@type\":\"WebPage\",\"@id\":\"https:\/\/abrelivros.org.br\/site\/category\/noticias\/noticias-da-imprensa\/\",\"url\":\"https:\/\/abrelivros.org.br\/site\/category\/noticias\/noticias-da-imprensa\/\",\"name\":\"Not\\u00edcias da imprensa\"}},{\"@type\":\"ListItem\",\"position\":4,\"item\":{\"@type\":\"WebPage\",\"@id\":\"https:\/\/abrelivros.org.br\/site\/os-impactos-da-pandemia-na-educacao-brasileira-e-tema-do-ciclo-de-webinarios\/\",\"url\":\"https:\/\/abrelivros.org.br\/site\/os-impactos-da-pandemia-na-educacao-brasileira-e-tema-do-ciclo-de-webinarios\/\",\"name\":\"Os impactos da pandemia na educa\\u00e7\\u00e3o brasileira \\u00e9 tema do ciclo de webin\\u00e1rios\"}}]},{\"@type\":\"Person\",\"@id\":\"https:\/\/abrelivros.org.br\/site\/#\/schema\/person\/65db80e26409802ce15ac5feec6a15fd\",\"name\":\"Reda\\u00e7\\u00e3o Abrelivros\",\"image\":{\"@type\":\"ImageObject\",\"@id\":\"https:\/\/abrelivros.org.br\/site\/#personlogo\",\"inLanguage\":\"pt-BR\",\"url\":\"https:\/\/secure.gravatar.com\/avatar\/c4e57f9c7e3482965bd428192061218520756c39080b1d1820b679fa5e9af192?s=96&d=mm&r=g\",\"caption\":\"Reda\\u00e7\\u00e3o Abrelivros\"}}]}<\/script>\n<!-- \/ Yoast SEO plugin. -->","_links":{"self":[{"href":"https:\/\/abrelivros.org.br\/site\/wp-json\/wp\/v2\/posts\/14596","targetHints":{"allow":["GET"]}}],"collection":[{"href":"https:\/\/abrelivros.org.br\/site\/wp-json\/wp\/v2\/posts"}],"about":[{"href":"https:\/\/abrelivros.org.br\/site\/wp-json\/wp\/v2\/types\/post"}],"author":[{"embeddable":true,"href":"https:\/\/abrelivros.org.br\/site\/wp-json\/wp\/v2\/users\/4"}],"replies":[{"embeddable":true,"href":"https:\/\/abrelivros.org.br\/site\/wp-json\/wp\/v2\/comments?post=14596"}],"version-history":[{"count":3,"href":"https:\/\/abrelivros.org.br\/site\/wp-json\/wp\/v2\/posts\/14596\/revisions"}],"predecessor-version":[{"id":14601,"href":"https:\/\/abrelivros.org.br\/site\/wp-json\/wp\/v2\/posts\/14596\/revisions\/14601"}],"wp:attachment":[{"href":"https:\/\/abrelivros.org.br\/site\/wp-json\/wp\/v2\/media?parent=14596"}],"wp:term":[{"taxonomy":"category","embeddable":true,"href":"https:\/\/abrelivros.org.br\/site\/wp-json\/wp\/v2\/categories?post=14596"},{"taxonomy":"post_tag","embeddable":true,"href":"https:\/\/abrelivros.org.br\/site\/wp-json\/wp\/v2\/tags?post=14596"}],"curies":[{"name":"wp","href":"https:\/\/api.w.org\/{rel}","templated":true}]}}