{"id":14591,"date":"2021-08-04T14:49:00","date_gmt":"2021-08-04T17:49:00","guid":{"rendered":"https:\/\/abrelivros.org.br\/site\/?p=14591"},"modified":"2021-08-04T14:49:00","modified_gmt":"2021-08-04T17:49:00","slug":"gestores-educacionais-podem-realizar-adesao-ao-pnld-ate-sexta-feira-dia-6","status":"publish","type":"post","link":"https:\/\/abrelivros.org.br\/site\/gestores-educacionais-podem-realizar-adesao-ao-pnld-ate-sexta-feira-dia-6\/","title":{"rendered":"Gestores educacionais podem realizar ades\u00e3o ao PNLD at\u00e9 sexta-feira, dia 6"},"content":{"rendered":"<p>A ades\u00e3o ao Programa Nacional do Livro e do Material Did\u00e1tico (PNLD) est\u00e1 aberta para registros e atualiza\u00e7\u00f5es no PDDE Interativo\/Simec at\u00e9 a pr\u00f3xima sexta-feira, dia 6. Pr\u00e9-requisito para receber as obras distribu\u00eddas pelo Fundo Nacional de Desenvolvimento da Educa\u00e7\u00e3o (FNDE), a ades\u00e3o \u00e9 a formaliza\u00e7\u00e3o das redes municipais e estaduais e das escolas federais ao PNLD.<!--more--> As secretarias de educa\u00e7\u00e3o e os gestores das unidades de ensino federais indicam no sistema as etapas de ensino e o tipo de material a serem enviados a suas escolas.<\/p>\n<p>Aqueles que j\u00e1 possuem ades\u00e3o ao programa n\u00e3o precisam aderir novamente. Contudo, caso haja mudan\u00e7as nas op\u00e7\u00f5es de atendimento, \u00e9 necess\u00e1rio que seja feita a atualiza\u00e7\u00e3o no sistema, registrando as etapas efetivamente atendidas pela rede ou escola federal. A ades\u00e3o \u00e9 v\u00e1lida por tempo indeterminado e as redes que n\u00e3o desejam mais receber os materiais do PNLD devem solicitar exclus\u00e3o no PDDE Interativo\/Simec.<\/p>\n<p>O FNDE sugere que as secretarias de educa\u00e7\u00e3o e escolas federais confiram a situa\u00e7\u00e3o da ades\u00e3o da entidade no sistema e verifiquem se desejam modificar as etapas de ensino atendidas e tipos de materiais selecionados. Essa atualiza\u00e7\u00e3o deve ser realizada com a senha do secret\u00e1rio de Educa\u00e7\u00e3o ou do diretor da escola federal. Tamb\u00e9m \u00e9 importante salvar o comprovante das altera\u00e7\u00f5es realizadas no sistema.<\/p>\n<p>Os manuais com orienta\u00e7\u00f5es sobre a ades\u00e3o ao PNLD podem ser consultados <a href=\"https:\/\/www.gov.br\/fnde\/pt-br\/acesso-a-informacao\/acoes-e-programas\/programas\/programas-do-livro\/pnld\/termo-de-adesao\" target=\"_blank\" rel=\"noopener noreferrer\">aqui<\/a>.<\/p>\n","protected":false},"excerpt":{"rendered":"<p>A ades\u00e3o ao Programa Nacional do Livro e do Material Did\u00e1tico (PNLD) est\u00e1 aberta para registros e atualiza\u00e7\u00f5es no PDDE Interativo\/Simec at\u00e9 a pr\u00f3xima sexta-feira, dia 6. Pr\u00e9-requisito para receber as obras distribu\u00eddas pelo Fundo Nacional de Desenvolvimento da Educa\u00e7\u00e3o (FNDE), a ades\u00e3o \u00e9 a formaliza\u00e7\u00e3o das redes municipais e estaduais e das escolas federais [&hellip;]<\/p>\n","protected":false},"author":4,"featured_media":0,"comment_status":"closed","ping_status":"closed","sticky":false,"template":"","format":"standard","meta":{"footnotes":"","_links_to":"","_links_to_target":""},"categories":[9,10],"tags":[],"class_list":["post-14591","post","type-post","status-publish","format-standard","hentry","category-noticias-da-imprensa","category-pnld-programa-nacional-do-livro-e-do-material-didatico"],"yoast_head":"<!-- This site is optimized with the Yoast SEO plugin v15.1 - https:\/\/yoast.com\/wordpress\/plugins\/seo\/ -->\n<title>Gestores educacionais podem realizar ades\u00e3o ao PNLD at\u00e9 sexta-feira, dia 6 &raquo; Abrelivros<\/title>\n<meta name=\"robots\" content=\"index, follow, max-snippet:-1, max-image-preview:large, max-video-preview:-1\" \/>\n<link rel=\"canonical\" href=\"https:\/\/abrelivros.org.br\/site\/gestores-educacionais-podem-realizar-adesao-ao-pnld-ate-sexta-feira-dia-6\/\" \/>\n<meta property=\"og:locale\" content=\"pt_BR\" \/>\n<meta property=\"og:type\" content=\"article\" \/>\n<meta property=\"og:title\" content=\"Gestores educacionais podem realizar ades\u00e3o ao PNLD at\u00e9 sexta-feira, dia 6 &raquo; Abrelivros\" \/>\n<meta property=\"og:description\" content=\"A ades\u00e3o ao Programa Nacional do Livro e do Material Did\u00e1tico (PNLD) est\u00e1 aberta para registros e atualiza\u00e7\u00f5es no PDDE Interativo\/Simec at\u00e9 a pr\u00f3xima sexta-feira, dia 6. Pr\u00e9-requisito para receber as obras distribu\u00eddas pelo Fundo Nacional de Desenvolvimento da Educa\u00e7\u00e3o (FNDE), a ades\u00e3o \u00e9 a formaliza\u00e7\u00e3o das redes municipais e estaduais e das escolas federais [&hellip;]\" \/>\n<meta property=\"og:url\" content=\"https:\/\/abrelivros.org.br\/site\/gestores-educacionais-podem-realizar-adesao-ao-pnld-ate-sexta-feira-dia-6\/\" \/>\n<meta property=\"og:site_name\" content=\"Abrelivros\" \/>\n<meta property=\"article:published_time\" content=\"2021-08-04T17:49:00+00:00\" \/>\n<meta name=\"twitter:card\" content=\"summary_large_image\" \/>\n<script type=\"application\/ld+json\" class=\"yoast-schema-graph\">{\"@context\":\"https:\/\/schema.org\",\"@graph\":[{\"@type\":\"WebSite\",\"@id\":\"https:\/\/abrelivros.org.br\/site\/#website\",\"url\":\"https:\/\/abrelivros.org.br\/site\/\",\"name\":\"Abrelivros\",\"description\":\"\",\"potentialAction\":[{\"@type\":\"SearchAction\",\"target\":\"https:\/\/abrelivros.org.br\/site\/?s={search_term_string}\",\"query-input\":\"required name=search_term_string\"}],\"inLanguage\":\"pt-BR\"},{\"@type\":\"WebPage\",\"@id\":\"https:\/\/abrelivros.org.br\/site\/gestores-educacionais-podem-realizar-adesao-ao-pnld-ate-sexta-feira-dia-6\/#webpage\",\"url\":\"https:\/\/abrelivros.org.br\/site\/gestores-educacionais-podem-realizar-adesao-ao-pnld-ate-sexta-feira-dia-6\/\",\"name\":\"Gestores educacionais podem realizar ades\\u00e3o ao PNLD at\\u00e9 sexta-feira, dia 6 &raquo; Abrelivros\",\"isPartOf\":{\"@id\":\"https:\/\/abrelivros.org.br\/site\/#website\"},\"datePublished\":\"2021-08-04T17:49:00+00:00\",\"dateModified\":\"2021-08-04T17:49:00+00:00\",\"author\":{\"@id\":\"https:\/\/abrelivros.org.br\/site\/#\/schema\/person\/65db80e26409802ce15ac5feec6a15fd\"},\"breadcrumb\":{\"@id\":\"https:\/\/abrelivros.org.br\/site\/gestores-educacionais-podem-realizar-adesao-ao-pnld-ate-sexta-feira-dia-6\/#breadcrumb\"},\"inLanguage\":\"pt-BR\",\"potentialAction\":[{\"@type\":\"ReadAction\",\"target\":[\"https:\/\/abrelivros.org.br\/site\/gestores-educacionais-podem-realizar-adesao-ao-pnld-ate-sexta-feira-dia-6\/\"]}]},{\"@type\":\"BreadcrumbList\",\"@id\":\"https:\/\/abrelivros.org.br\/site\/gestores-educacionais-podem-realizar-adesao-ao-pnld-ate-sexta-feira-dia-6\/#breadcrumb\",\"itemListElement\":[{\"@type\":\"ListItem\",\"position\":1,\"item\":{\"@type\":\"WebPage\",\"@id\":\"https:\/\/abrelivros.org.br\/site\/\",\"url\":\"https:\/\/abrelivros.org.br\/site\/\",\"name\":\"In\\u00edcio\"}},{\"@type\":\"ListItem\",\"position\":2,\"item\":{\"@type\":\"WebPage\",\"@id\":\"https:\/\/abrelivros.org.br\/site\/category\/noticias\/\",\"url\":\"https:\/\/abrelivros.org.br\/site\/category\/noticias\/\",\"name\":\"Not\\u00edcias\"}},{\"@type\":\"ListItem\",\"position\":3,\"item\":{\"@type\":\"WebPage\",\"@id\":\"https:\/\/abrelivros.org.br\/site\/category\/noticias\/noticias-da-imprensa\/\",\"url\":\"https:\/\/abrelivros.org.br\/site\/category\/noticias\/noticias-da-imprensa\/\",\"name\":\"Not\\u00edcias da imprensa\"}},{\"@type\":\"ListItem\",\"position\":4,\"item\":{\"@type\":\"WebPage\",\"@id\":\"https:\/\/abrelivros.org.br\/site\/gestores-educacionais-podem-realizar-adesao-ao-pnld-ate-sexta-feira-dia-6\/\",\"url\":\"https:\/\/abrelivros.org.br\/site\/gestores-educacionais-podem-realizar-adesao-ao-pnld-ate-sexta-feira-dia-6\/\",\"name\":\"Gestores educacionais podem realizar ades\\u00e3o ao PNLD at\\u00e9 sexta-feira, dia 6\"}}]},{\"@type\":\"Person\",\"@id\":\"https:\/\/abrelivros.org.br\/site\/#\/schema\/person\/65db80e26409802ce15ac5feec6a15fd\",\"name\":\"Reda\\u00e7\\u00e3o Abrelivros\",\"image\":{\"@type\":\"ImageObject\",\"@id\":\"https:\/\/abrelivros.org.br\/site\/#personlogo\",\"inLanguage\":\"pt-BR\",\"url\":\"https:\/\/secure.gravatar.com\/avatar\/c4e57f9c7e3482965bd428192061218520756c39080b1d1820b679fa5e9af192?s=96&d=mm&r=g\",\"caption\":\"Reda\\u00e7\\u00e3o Abrelivros\"}}]}<\/script>\n<!-- \/ Yoast SEO plugin. -->","_links":{"self":[{"href":"https:\/\/abrelivros.org.br\/site\/wp-json\/wp\/v2\/posts\/14591","targetHints":{"allow":["GET"]}}],"collection":[{"href":"https:\/\/abrelivros.org.br\/site\/wp-json\/wp\/v2\/posts"}],"about":[{"href":"https:\/\/abrelivros.org.br\/site\/wp-json\/wp\/v2\/types\/post"}],"author":[{"embeddable":true,"href":"https:\/\/abrelivros.org.br\/site\/wp-json\/wp\/v2\/users\/4"}],"replies":[{"embeddable":true,"href":"https:\/\/abrelivros.org.br\/site\/wp-json\/wp\/v2\/comments?post=14591"}],"version-history":[{"count":1,"href":"https:\/\/abrelivros.org.br\/site\/wp-json\/wp\/v2\/posts\/14591\/revisions"}],"predecessor-version":[{"id":14592,"href":"https:\/\/abrelivros.org.br\/site\/wp-json\/wp\/v2\/posts\/14591\/revisions\/14592"}],"wp:attachment":[{"href":"https:\/\/abrelivros.org.br\/site\/wp-json\/wp\/v2\/media?parent=14591"}],"wp:term":[{"taxonomy":"category","embeddable":true,"href":"https:\/\/abrelivros.org.br\/site\/wp-json\/wp\/v2\/categories?post=14591"},{"taxonomy":"post_tag","embeddable":true,"href":"https:\/\/abrelivros.org.br\/site\/wp-json\/wp\/v2\/tags?post=14591"}],"curies":[{"name":"wp","href":"https:\/\/api.w.org\/{rel}","templated":true}]}}