{"id":14587,"date":"2021-08-04T14:43:04","date_gmt":"2021-08-04T17:43:04","guid":{"rendered":"https:\/\/abrelivros.org.br\/site\/?p=14587"},"modified":"2021-08-04T14:43:04","modified_gmt":"2021-08-04T17:43:04","slug":"programa-fortalece-a-participacao-da-familia-nas-escolas-publicas","status":"publish","type":"post","link":"https:\/\/abrelivros.org.br\/site\/programa-fortalece-a-participacao-da-familia-nas-escolas-publicas\/","title":{"rendered":"Programa fortalece a participa\u00e7\u00e3o da fam\u00edlia nas escolas p\u00fablicas"},"content":{"rendered":"<p>Potencializar e qualificar a participa\u00e7\u00e3o ativa da fam\u00edlia na vida escolar e no projeto de vida do estudante. Esse \u00e9 o objetivo do Programa Educa\u00e7\u00e3o e Fam\u00edlia, que acaba de ser lan\u00e7ado pelo Minist\u00e9rio da Educa\u00e7\u00e3o (MEC), em portaria publicada na ter\u00e7a-feira (03).<!--more--><\/p>\n<p>Inicialmente, 5.755 escolas p\u00fablicas de educa\u00e7\u00e3o b\u00e1sica participar\u00e3o da iniciativa. Elas foram selecionadas com base em alguns indicadores, como o de complexidade de gest\u00e3o escolar, por exemplo. Para isso, ser\u00e3o destinados, no total, cerca de R$ 16 milh\u00f5es ainda em 2021 por meio do Programa Dinheiro Direto na Escola (PDDE Educa\u00e7\u00e3o e Fam\u00edlia). Os repasses ocorrer\u00e3o nos pr\u00f3ximos meses, quando come\u00e7a a vigorar o Programa. Em 2022, ser\u00e3o selecionadas mais de 17 mil escolas.<\/p>\n<p>Elas dever\u00e3o implementar a\u00e7\u00f5es \u2013 como visitas guiadas, oficinas e palestras \u2013 para aumentar a presen\u00e7a da fam\u00edlia no contexto escolar. \u201cA Educa\u00e7\u00e3o deve ser o elemento indutor da intera\u00e7\u00e3o fam\u00edlia e escola. Juntas, elas s\u00e3o respons\u00e1veis pela constru\u00e7\u00e3o do futuro do estudante\u201d, afirma o diretor de Forma\u00e7\u00e3o Docente e Valoriza\u00e7\u00e3o dos Profissionais da Educa\u00e7\u00e3o, da Secretaria de Educa\u00e7\u00e3o B\u00e1sica (SEB), Renato de Oliveira Brito.<\/p>\n<p>De acordo com o coordenador-geral de Forma\u00e7\u00e3o de Gestores T\u00e9cnicos da Educa\u00e7\u00e3o B\u00e1sica, Jos\u00e9 Roberto Ribeiro Junior, \u201co programa vai ampliar o debate de v\u00e1rias estrat\u00e9gias que podem ser \u00fateis na parceria escola e fam\u00edlia para o sucesso do aluno, desde as atitudes mais b\u00e1sicas (como atuar para que o filho chegue pontualmente \u00e0 escola) at\u00e9 a participa\u00e7\u00e3o ativa no Conselho Escolar\u201d.<\/p>\n<p>Outro ponto importante do Programa Educa\u00e7\u00e3o e Fam\u00edlia ser\u00e1 a ampla divulga\u00e7\u00e3o do Aplicativo Clique Escola, um refor\u00e7o na transpar\u00eancia das informa\u00e7\u00f5es educacionais e financeiras da gest\u00e3o escolar.<\/p>\n","protected":false},"excerpt":{"rendered":"<p>Potencializar e qualificar a participa\u00e7\u00e3o ativa da fam\u00edlia na vida escolar e no projeto de vida do estudante. Esse \u00e9 o objetivo do Programa Educa\u00e7\u00e3o e Fam\u00edlia, que acaba de ser lan\u00e7ado pelo Minist\u00e9rio da Educa\u00e7\u00e3o (MEC), em portaria publicada na ter\u00e7a-feira (03).<\/p>\n","protected":false},"author":4,"featured_media":0,"comment_status":"closed","ping_status":"closed","sticky":false,"template":"","format":"standard","meta":{"footnotes":"","_links_to":"","_links_to_target":""},"categories":[9],"tags":[],"class_list":["post-14587","post","type-post","status-publish","format-standard","hentry","category-noticias-da-imprensa"],"yoast_head":"<!-- This site is optimized with the Yoast SEO plugin v15.1 - https:\/\/yoast.com\/wordpress\/plugins\/seo\/ -->\n<title>Programa fortalece a participa\u00e7\u00e3o da fam\u00edlia nas escolas p\u00fablicas &raquo; Abrelivros<\/title>\n<meta name=\"robots\" content=\"index, follow, max-snippet:-1, max-image-preview:large, max-video-preview:-1\" \/>\n<link rel=\"canonical\" href=\"https:\/\/abrelivros.org.br\/site\/programa-fortalece-a-participacao-da-familia-nas-escolas-publicas\/\" \/>\n<meta property=\"og:locale\" content=\"pt_BR\" \/>\n<meta property=\"og:type\" content=\"article\" \/>\n<meta property=\"og:title\" content=\"Programa fortalece a participa\u00e7\u00e3o da fam\u00edlia nas escolas p\u00fablicas &raquo; Abrelivros\" \/>\n<meta property=\"og:description\" content=\"Potencializar e qualificar a participa\u00e7\u00e3o ativa da fam\u00edlia na vida escolar e no projeto de vida do estudante. Esse \u00e9 o objetivo do Programa Educa\u00e7\u00e3o e Fam\u00edlia, que acaba de ser lan\u00e7ado pelo Minist\u00e9rio da Educa\u00e7\u00e3o (MEC), em portaria publicada na ter\u00e7a-feira (03).\" \/>\n<meta property=\"og:url\" content=\"https:\/\/abrelivros.org.br\/site\/programa-fortalece-a-participacao-da-familia-nas-escolas-publicas\/\" \/>\n<meta property=\"og:site_name\" content=\"Abrelivros\" \/>\n<meta property=\"article:published_time\" content=\"2021-08-04T17:43:04+00:00\" \/>\n<meta name=\"twitter:card\" content=\"summary_large_image\" \/>\n<script type=\"application\/ld+json\" class=\"yoast-schema-graph\">{\"@context\":\"https:\/\/schema.org\",\"@graph\":[{\"@type\":\"WebSite\",\"@id\":\"https:\/\/abrelivros.org.br\/site\/#website\",\"url\":\"https:\/\/abrelivros.org.br\/site\/\",\"name\":\"Abrelivros\",\"description\":\"\",\"potentialAction\":[{\"@type\":\"SearchAction\",\"target\":\"https:\/\/abrelivros.org.br\/site\/?s={search_term_string}\",\"query-input\":\"required name=search_term_string\"}],\"inLanguage\":\"pt-BR\"},{\"@type\":\"WebPage\",\"@id\":\"https:\/\/abrelivros.org.br\/site\/programa-fortalece-a-participacao-da-familia-nas-escolas-publicas\/#webpage\",\"url\":\"https:\/\/abrelivros.org.br\/site\/programa-fortalece-a-participacao-da-familia-nas-escolas-publicas\/\",\"name\":\"Programa fortalece a participa\\u00e7\\u00e3o da fam\\u00edlia nas escolas p\\u00fablicas &raquo; Abrelivros\",\"isPartOf\":{\"@id\":\"https:\/\/abrelivros.org.br\/site\/#website\"},\"datePublished\":\"2021-08-04T17:43:04+00:00\",\"dateModified\":\"2021-08-04T17:43:04+00:00\",\"author\":{\"@id\":\"https:\/\/abrelivros.org.br\/site\/#\/schema\/person\/65db80e26409802ce15ac5feec6a15fd\"},\"breadcrumb\":{\"@id\":\"https:\/\/abrelivros.org.br\/site\/programa-fortalece-a-participacao-da-familia-nas-escolas-publicas\/#breadcrumb\"},\"inLanguage\":\"pt-BR\",\"potentialAction\":[{\"@type\":\"ReadAction\",\"target\":[\"https:\/\/abrelivros.org.br\/site\/programa-fortalece-a-participacao-da-familia-nas-escolas-publicas\/\"]}]},{\"@type\":\"BreadcrumbList\",\"@id\":\"https:\/\/abrelivros.org.br\/site\/programa-fortalece-a-participacao-da-familia-nas-escolas-publicas\/#breadcrumb\",\"itemListElement\":[{\"@type\":\"ListItem\",\"position\":1,\"item\":{\"@type\":\"WebPage\",\"@id\":\"https:\/\/abrelivros.org.br\/site\/\",\"url\":\"https:\/\/abrelivros.org.br\/site\/\",\"name\":\"In\\u00edcio\"}},{\"@type\":\"ListItem\",\"position\":2,\"item\":{\"@type\":\"WebPage\",\"@id\":\"https:\/\/abrelivros.org.br\/site\/category\/noticias\/\",\"url\":\"https:\/\/abrelivros.org.br\/site\/category\/noticias\/\",\"name\":\"Not\\u00edcias\"}},{\"@type\":\"ListItem\",\"position\":3,\"item\":{\"@type\":\"WebPage\",\"@id\":\"https:\/\/abrelivros.org.br\/site\/category\/noticias\/noticias-da-imprensa\/\",\"url\":\"https:\/\/abrelivros.org.br\/site\/category\/noticias\/noticias-da-imprensa\/\",\"name\":\"Not\\u00edcias da imprensa\"}},{\"@type\":\"ListItem\",\"position\":4,\"item\":{\"@type\":\"WebPage\",\"@id\":\"https:\/\/abrelivros.org.br\/site\/programa-fortalece-a-participacao-da-familia-nas-escolas-publicas\/\",\"url\":\"https:\/\/abrelivros.org.br\/site\/programa-fortalece-a-participacao-da-familia-nas-escolas-publicas\/\",\"name\":\"Programa fortalece a participa\\u00e7\\u00e3o da fam\\u00edlia nas escolas p\\u00fablicas\"}}]},{\"@type\":\"Person\",\"@id\":\"https:\/\/abrelivros.org.br\/site\/#\/schema\/person\/65db80e26409802ce15ac5feec6a15fd\",\"name\":\"Reda\\u00e7\\u00e3o Abrelivros\",\"image\":{\"@type\":\"ImageObject\",\"@id\":\"https:\/\/abrelivros.org.br\/site\/#personlogo\",\"inLanguage\":\"pt-BR\",\"url\":\"https:\/\/secure.gravatar.com\/avatar\/c4e57f9c7e3482965bd428192061218520756c39080b1d1820b679fa5e9af192?s=96&d=mm&r=g\",\"caption\":\"Reda\\u00e7\\u00e3o Abrelivros\"}}]}<\/script>\n<!-- \/ Yoast SEO plugin. -->","_links":{"self":[{"href":"https:\/\/abrelivros.org.br\/site\/wp-json\/wp\/v2\/posts\/14587","targetHints":{"allow":["GET"]}}],"collection":[{"href":"https:\/\/abrelivros.org.br\/site\/wp-json\/wp\/v2\/posts"}],"about":[{"href":"https:\/\/abrelivros.org.br\/site\/wp-json\/wp\/v2\/types\/post"}],"author":[{"embeddable":true,"href":"https:\/\/abrelivros.org.br\/site\/wp-json\/wp\/v2\/users\/4"}],"replies":[{"embeddable":true,"href":"https:\/\/abrelivros.org.br\/site\/wp-json\/wp\/v2\/comments?post=14587"}],"version-history":[{"count":1,"href":"https:\/\/abrelivros.org.br\/site\/wp-json\/wp\/v2\/posts\/14587\/revisions"}],"predecessor-version":[{"id":14588,"href":"https:\/\/abrelivros.org.br\/site\/wp-json\/wp\/v2\/posts\/14587\/revisions\/14588"}],"wp:attachment":[{"href":"https:\/\/abrelivros.org.br\/site\/wp-json\/wp\/v2\/media?parent=14587"}],"wp:term":[{"taxonomy":"category","embeddable":true,"href":"https:\/\/abrelivros.org.br\/site\/wp-json\/wp\/v2\/categories?post=14587"},{"taxonomy":"post_tag","embeddable":true,"href":"https:\/\/abrelivros.org.br\/site\/wp-json\/wp\/v2\/tags?post=14587"}],"curies":[{"name":"wp","href":"https:\/\/api.w.org\/{rel}","templated":true}]}}