{"id":14575,"date":"2021-08-03T15:01:38","date_gmt":"2021-08-03T18:01:38","guid":{"rendered":"https:\/\/abrelivros.org.br\/site\/?p=14575"},"modified":"2021-08-03T15:01:38","modified_gmt":"2021-08-03T18:01:38","slug":"gfk-faturamento-com-a-venda-de-livros-no-varejo-cresce-47-em-junho","status":"publish","type":"post","link":"https:\/\/abrelivros.org.br\/site\/gfk-faturamento-com-a-venda-de-livros-no-varejo-cresce-47-em-junho\/","title":{"rendered":"GfK: Faturamento com a venda de livros no varejo cresce 47% em junho"},"content":{"rendered":"<p>Resultado est\u00e1 no relat\u00f3rio mensal apresentado em parceria com a Associa\u00e7\u00e3o Nacional de Livrarias. No m\u00eas, os estabelecimentos monitorados pela GfK venderam 5,2 milh\u00f5es de c\u00f3pias e faturaram R$ 205 milh\u00f5es.<!--more--><br \/>\nA Associa\u00e7\u00e3o Nacional de Livrarias (ANL) e a GfK anunciaram os resultados do seu relat\u00f3rio mensal que apura a venda de livros em livrarias, supermercados e lojas de autoatendimento no Brasil. O relat\u00f3rio \u00e9 referente ao per\u00edodo de 07 de junho a 04 de julho. No per\u00edodo, foram vendidas 5,2 milh\u00f5es de c\u00f3pias e os estabelecimentos monitorados pela GfK apuraram faturamento de R$ 205 milh\u00f5es. Ao comparar esses n\u00fameros com os de 2020, o crescimento foi de 37% em volume e de 47% em valor. A an\u00e1lise completa do relat\u00f3rio pode ser lida no PublishNews+, a \u00e1rea exclusiva para assinantes do PN. Os artigos est\u00e3o dispon\u00edveis gratuitamente na plataforma e para acess\u00e1-los \u00e9 preciso fazer um cadastro pr\u00e9vio <a href=\"https:\/\/pnmais.com\/minha-conta\/\" target=\"_blank\" rel=\"noopener noreferrer\">clicando aqui<\/a>. Com o cadastro feito e logado na plataforma, voc\u00ea poder\u00e1 ler o artigo <a href=\"https:\/\/pnmais.com\/assinaturas\/?r=2323&amp;wcm_redirect_to=post&amp;wcm_redirect_id=2323\" target=\"_blank\" rel=\"noopener noreferrer\">clicando aqui<\/a>.<\/p>\n","protected":false},"excerpt":{"rendered":"<p>Resultado est\u00e1 no relat\u00f3rio mensal apresentado em parceria com a Associa\u00e7\u00e3o Nacional de Livrarias. No m\u00eas, os estabelecimentos monitorados pela GfK venderam 5,2 milh\u00f5es de c\u00f3pias e faturaram R$ 205 milh\u00f5es.<\/p>\n","protected":false},"author":4,"featured_media":0,"comment_status":"closed","ping_status":"closed","sticky":false,"template":"","format":"standard","meta":{"footnotes":"","_links_to":"","_links_to_target":""},"categories":[9],"tags":[],"class_list":["post-14575","post","type-post","status-publish","format-standard","hentry","category-noticias-da-imprensa"],"yoast_head":"<!-- This site is optimized with the Yoast SEO plugin v15.1 - https:\/\/yoast.com\/wordpress\/plugins\/seo\/ -->\n<title>GfK: Faturamento com a venda de livros no varejo cresce 47% em junho &raquo; Abrelivros<\/title>\n<meta name=\"robots\" content=\"index, follow, max-snippet:-1, max-image-preview:large, max-video-preview:-1\" \/>\n<link rel=\"canonical\" href=\"https:\/\/abrelivros.org.br\/site\/gfk-faturamento-com-a-venda-de-livros-no-varejo-cresce-47-em-junho\/\" \/>\n<meta property=\"og:locale\" content=\"pt_BR\" \/>\n<meta property=\"og:type\" content=\"article\" \/>\n<meta property=\"og:title\" content=\"GfK: Faturamento com a venda de livros no varejo cresce 47% em junho &raquo; Abrelivros\" \/>\n<meta property=\"og:description\" content=\"Resultado est\u00e1 no relat\u00f3rio mensal apresentado em parceria com a Associa\u00e7\u00e3o Nacional de Livrarias. No m\u00eas, os estabelecimentos monitorados pela GfK venderam 5,2 milh\u00f5es de c\u00f3pias e faturaram R$ 205 milh\u00f5es.\" \/>\n<meta property=\"og:url\" content=\"https:\/\/abrelivros.org.br\/site\/gfk-faturamento-com-a-venda-de-livros-no-varejo-cresce-47-em-junho\/\" \/>\n<meta property=\"og:site_name\" content=\"Abrelivros\" \/>\n<meta property=\"article:published_time\" content=\"2021-08-03T18:01:38+00:00\" \/>\n<meta name=\"twitter:card\" content=\"summary_large_image\" \/>\n<script type=\"application\/ld+json\" class=\"yoast-schema-graph\">{\"@context\":\"https:\/\/schema.org\",\"@graph\":[{\"@type\":\"WebSite\",\"@id\":\"https:\/\/abrelivros.org.br\/site\/#website\",\"url\":\"https:\/\/abrelivros.org.br\/site\/\",\"name\":\"Abrelivros\",\"description\":\"\",\"potentialAction\":[{\"@type\":\"SearchAction\",\"target\":\"https:\/\/abrelivros.org.br\/site\/?s={search_term_string}\",\"query-input\":\"required name=search_term_string\"}],\"inLanguage\":\"pt-BR\"},{\"@type\":\"WebPage\",\"@id\":\"https:\/\/abrelivros.org.br\/site\/gfk-faturamento-com-a-venda-de-livros-no-varejo-cresce-47-em-junho\/#webpage\",\"url\":\"https:\/\/abrelivros.org.br\/site\/gfk-faturamento-com-a-venda-de-livros-no-varejo-cresce-47-em-junho\/\",\"name\":\"GfK: Faturamento com a venda de livros no varejo cresce 47% em junho &raquo; Abrelivros\",\"isPartOf\":{\"@id\":\"https:\/\/abrelivros.org.br\/site\/#website\"},\"datePublished\":\"2021-08-03T18:01:38+00:00\",\"dateModified\":\"2021-08-03T18:01:38+00:00\",\"author\":{\"@id\":\"https:\/\/abrelivros.org.br\/site\/#\/schema\/person\/65db80e26409802ce15ac5feec6a15fd\"},\"breadcrumb\":{\"@id\":\"https:\/\/abrelivros.org.br\/site\/gfk-faturamento-com-a-venda-de-livros-no-varejo-cresce-47-em-junho\/#breadcrumb\"},\"inLanguage\":\"pt-BR\",\"potentialAction\":[{\"@type\":\"ReadAction\",\"target\":[\"https:\/\/abrelivros.org.br\/site\/gfk-faturamento-com-a-venda-de-livros-no-varejo-cresce-47-em-junho\/\"]}]},{\"@type\":\"BreadcrumbList\",\"@id\":\"https:\/\/abrelivros.org.br\/site\/gfk-faturamento-com-a-venda-de-livros-no-varejo-cresce-47-em-junho\/#breadcrumb\",\"itemListElement\":[{\"@type\":\"ListItem\",\"position\":1,\"item\":{\"@type\":\"WebPage\",\"@id\":\"https:\/\/abrelivros.org.br\/site\/\",\"url\":\"https:\/\/abrelivros.org.br\/site\/\",\"name\":\"In\\u00edcio\"}},{\"@type\":\"ListItem\",\"position\":2,\"item\":{\"@type\":\"WebPage\",\"@id\":\"https:\/\/abrelivros.org.br\/site\/category\/noticias\/\",\"url\":\"https:\/\/abrelivros.org.br\/site\/category\/noticias\/\",\"name\":\"Not\\u00edcias\"}},{\"@type\":\"ListItem\",\"position\":3,\"item\":{\"@type\":\"WebPage\",\"@id\":\"https:\/\/abrelivros.org.br\/site\/category\/noticias\/noticias-da-imprensa\/\",\"url\":\"https:\/\/abrelivros.org.br\/site\/category\/noticias\/noticias-da-imprensa\/\",\"name\":\"Not\\u00edcias da imprensa\"}},{\"@type\":\"ListItem\",\"position\":4,\"item\":{\"@type\":\"WebPage\",\"@id\":\"https:\/\/abrelivros.org.br\/site\/gfk-faturamento-com-a-venda-de-livros-no-varejo-cresce-47-em-junho\/\",\"url\":\"https:\/\/abrelivros.org.br\/site\/gfk-faturamento-com-a-venda-de-livros-no-varejo-cresce-47-em-junho\/\",\"name\":\"GfK: Faturamento com a venda de livros no varejo cresce 47% em junho\"}}]},{\"@type\":\"Person\",\"@id\":\"https:\/\/abrelivros.org.br\/site\/#\/schema\/person\/65db80e26409802ce15ac5feec6a15fd\",\"name\":\"Reda\\u00e7\\u00e3o Abrelivros\",\"image\":{\"@type\":\"ImageObject\",\"@id\":\"https:\/\/abrelivros.org.br\/site\/#personlogo\",\"inLanguage\":\"pt-BR\",\"url\":\"https:\/\/secure.gravatar.com\/avatar\/c4e57f9c7e3482965bd428192061218520756c39080b1d1820b679fa5e9af192?s=96&d=mm&r=g\",\"caption\":\"Reda\\u00e7\\u00e3o Abrelivros\"}}]}<\/script>\n<!-- \/ Yoast SEO plugin. -->","_links":{"self":[{"href":"https:\/\/abrelivros.org.br\/site\/wp-json\/wp\/v2\/posts\/14575","targetHints":{"allow":["GET"]}}],"collection":[{"href":"https:\/\/abrelivros.org.br\/site\/wp-json\/wp\/v2\/posts"}],"about":[{"href":"https:\/\/abrelivros.org.br\/site\/wp-json\/wp\/v2\/types\/post"}],"author":[{"embeddable":true,"href":"https:\/\/abrelivros.org.br\/site\/wp-json\/wp\/v2\/users\/4"}],"replies":[{"embeddable":true,"href":"https:\/\/abrelivros.org.br\/site\/wp-json\/wp\/v2\/comments?post=14575"}],"version-history":[{"count":1,"href":"https:\/\/abrelivros.org.br\/site\/wp-json\/wp\/v2\/posts\/14575\/revisions"}],"predecessor-version":[{"id":14576,"href":"https:\/\/abrelivros.org.br\/site\/wp-json\/wp\/v2\/posts\/14575\/revisions\/14576"}],"wp:attachment":[{"href":"https:\/\/abrelivros.org.br\/site\/wp-json\/wp\/v2\/media?parent=14575"}],"wp:term":[{"taxonomy":"category","embeddable":true,"href":"https:\/\/abrelivros.org.br\/site\/wp-json\/wp\/v2\/categories?post=14575"},{"taxonomy":"post_tag","embeddable":true,"href":"https:\/\/abrelivros.org.br\/site\/wp-json\/wp\/v2\/tags?post=14575"}],"curies":[{"name":"wp","href":"https:\/\/api.w.org\/{rel}","templated":true}]}}