{"id":14573,"date":"2021-08-03T14:58:33","date_gmt":"2021-08-03T17:58:33","guid":{"rendered":"https:\/\/abrelivros.org.br\/site\/?p=14573"},"modified":"2021-08-03T14:58:33","modified_gmt":"2021-08-03T17:58:33","slug":"conheca-as-principais-acoes-do-mec-na-educacao-basica-no-ultimo-ano","status":"publish","type":"post","link":"https:\/\/abrelivros.org.br\/site\/conheca-as-principais-acoes-do-mec-na-educacao-basica-no-ultimo-ano\/","title":{"rendered":"Conhe\u00e7a as principais a\u00e7\u00f5es do MEC na educa\u00e7\u00e3o b\u00e1sica no \u00faltimo ano"},"content":{"rendered":"<p>O Minist\u00e9rio da Educa\u00e7\u00e3o (MEC) realizou, dentro do \u00faltimo ano, diversas a\u00e7\u00f5es e investimentos na educa\u00e7\u00e3o b\u00e1sica p\u00fablica brasileira. Somente os recursos repassados pelas principais a\u00e7\u00f5es do MEC, de julho de 2020 a junho de 2021, somam mais de R$ 29 bilh\u00f5es, al\u00e9m dos diversos programas e a\u00e7\u00f5es de fomento realizados nesse mesmo per\u00edodo.<!--more--><\/p>\n<p>O Programa Nacional das Escolas C\u00edvico-Militares (Pecim) foi implantado em 2020, com o objetivo de apresentar um conceito de gest\u00e3o nas \u00e1reas educacional, did\u00e1tico-pedag\u00f3gica e administrativa com a participa\u00e7\u00e3o do corpo docente da escola e apoio dos militares. No ano em que foi institu\u00eddo, o Pecim j\u00e1 implantou 51 escolas. Em 2021, o Programa visa implantar 74 novas escolas. A previs\u00e3o \u00e9 de que sejam implantadas 216 escolas at\u00e9 2023.<\/p>\n<p>Confira outras a\u00e7\u00f5es e entregas realizadas pelo MEC no \u00faltimo ano:<\/p>\n<p>Mais de 10 mil exemplares em braille e tinta, que atenderam a 1.712 estudantes por meio do Programa Nacional do Livro e do Material Did\u00e1tico (PNLD);<\/p>\n<p>Mais de 8 mil salas de recursos multifuncionais equipadas, e previs\u00e3o de R$ 100 milh\u00f5es em investimentos em 2021;<\/p>\n<p>R$ 19 milh\u00f5es investidos em reformas de escolas de surdos para garantir a educa\u00e7\u00e3o bil\u00edngue;<\/p>\n<p>R$ 30 milh\u00f5es investidos no PDDE Campo\/\u00c1gua em 2020, que atenderam a mais de 191 mil estudantes;<\/p>\n<p>R$ 672 milh\u00f5es repassados \u00e0s escolas das redes estaduais, municipais e distrital, por meio do PDDE Emergencial;<\/p>\n<p>R$ 760,6 milh\u00f5es repassados em dezembro de 2020 e janeiro de 2021 por meio do Programa Nacional de Alimenta\u00e7\u00e3o Escolar (PNAE);<\/p>\n<p>Repasse de R$ 15,7 bilh\u00f5es de complementa\u00e7\u00e3o da Uni\u00e3o; e<\/p>\n<p>Repasse de R$ 12 bilh\u00f5es a estados e munic\u00edpios referente ao Sal\u00e1rio-Educa\u00e7\u00e3o.<\/p>\n<p>Ainda no \u00faltimo ano, o MEC concluiu 976 obras da educa\u00e7\u00e3o b\u00e1sica, totalizando um investimento de R$ 526,3 milh\u00f5es. O MEC tamb\u00e9m lan\u00e7ou o Programa Brasil na Escola (PBE), que visa iniciar as bases para uma agenda de inova\u00e7\u00f5es sobre a atual organiza\u00e7\u00e3o do ensino fundamental, bem como apoiar a execu\u00e7\u00e3o das metas 2 e 7 do Plano Nacional de Educa\u00e7\u00e3o (PNE). O PBE prev\u00ea um investimento de R$ 260 milh\u00f5es no bi\u00eanio 2021-2022, alcan\u00e7ando mais de 15 mil escolas p\u00fablicas.<\/p>\n","protected":false},"excerpt":{"rendered":"<p>O Minist\u00e9rio da Educa\u00e7\u00e3o (MEC) realizou, dentro do \u00faltimo ano, diversas a\u00e7\u00f5es e investimentos na educa\u00e7\u00e3o b\u00e1sica p\u00fablica brasileira. Somente os recursos repassados pelas principais a\u00e7\u00f5es do MEC, de julho de 2020 a junho de 2021, somam mais de R$ 29 bilh\u00f5es, al\u00e9m dos diversos programas e a\u00e7\u00f5es de fomento realizados nesse mesmo per\u00edodo.<\/p>\n","protected":false},"author":4,"featured_media":0,"comment_status":"closed","ping_status":"closed","sticky":false,"template":"","format":"standard","meta":{"footnotes":"","_links_to":"","_links_to_target":""},"categories":[9,10],"tags":[],"class_list":["post-14573","post","type-post","status-publish","format-standard","hentry","category-noticias-da-imprensa","category-pnld-programa-nacional-do-livro-e-do-material-didatico"],"yoast_head":"<!-- This site is optimized with the Yoast SEO plugin v15.1 - https:\/\/yoast.com\/wordpress\/plugins\/seo\/ -->\n<title>Conhe\u00e7a as principais a\u00e7\u00f5es do MEC na educa\u00e7\u00e3o b\u00e1sica no \u00faltimo ano &raquo; Abrelivros<\/title>\n<meta name=\"robots\" content=\"index, follow, max-snippet:-1, max-image-preview:large, max-video-preview:-1\" \/>\n<link rel=\"canonical\" href=\"https:\/\/abrelivros.org.br\/site\/conheca-as-principais-acoes-do-mec-na-educacao-basica-no-ultimo-ano\/\" \/>\n<meta property=\"og:locale\" content=\"pt_BR\" \/>\n<meta property=\"og:type\" content=\"article\" \/>\n<meta property=\"og:title\" content=\"Conhe\u00e7a as principais a\u00e7\u00f5es do MEC na educa\u00e7\u00e3o b\u00e1sica no \u00faltimo ano &raquo; Abrelivros\" \/>\n<meta property=\"og:description\" content=\"O Minist\u00e9rio da Educa\u00e7\u00e3o (MEC) realizou, dentro do \u00faltimo ano, diversas a\u00e7\u00f5es e investimentos na educa\u00e7\u00e3o b\u00e1sica p\u00fablica brasileira. Somente os recursos repassados pelas principais a\u00e7\u00f5es do MEC, de julho de 2020 a junho de 2021, somam mais de R$ 29 bilh\u00f5es, al\u00e9m dos diversos programas e a\u00e7\u00f5es de fomento realizados nesse mesmo per\u00edodo.\" \/>\n<meta property=\"og:url\" content=\"https:\/\/abrelivros.org.br\/site\/conheca-as-principais-acoes-do-mec-na-educacao-basica-no-ultimo-ano\/\" \/>\n<meta property=\"og:site_name\" content=\"Abrelivros\" \/>\n<meta property=\"article:published_time\" content=\"2021-08-03T17:58:33+00:00\" \/>\n<meta name=\"twitter:card\" content=\"summary_large_image\" \/>\n<script type=\"application\/ld+json\" class=\"yoast-schema-graph\">{\"@context\":\"https:\/\/schema.org\",\"@graph\":[{\"@type\":\"WebSite\",\"@id\":\"https:\/\/abrelivros.org.br\/site\/#website\",\"url\":\"https:\/\/abrelivros.org.br\/site\/\",\"name\":\"Abrelivros\",\"description\":\"\",\"potentialAction\":[{\"@type\":\"SearchAction\",\"target\":\"https:\/\/abrelivros.org.br\/site\/?s={search_term_string}\",\"query-input\":\"required name=search_term_string\"}],\"inLanguage\":\"pt-BR\"},{\"@type\":\"WebPage\",\"@id\":\"https:\/\/abrelivros.org.br\/site\/conheca-as-principais-acoes-do-mec-na-educacao-basica-no-ultimo-ano\/#webpage\",\"url\":\"https:\/\/abrelivros.org.br\/site\/conheca-as-principais-acoes-do-mec-na-educacao-basica-no-ultimo-ano\/\",\"name\":\"Conhe\\u00e7a as principais a\\u00e7\\u00f5es do MEC na educa\\u00e7\\u00e3o b\\u00e1sica no \\u00faltimo ano &raquo; Abrelivros\",\"isPartOf\":{\"@id\":\"https:\/\/abrelivros.org.br\/site\/#website\"},\"datePublished\":\"2021-08-03T17:58:33+00:00\",\"dateModified\":\"2021-08-03T17:58:33+00:00\",\"author\":{\"@id\":\"https:\/\/abrelivros.org.br\/site\/#\/schema\/person\/65db80e26409802ce15ac5feec6a15fd\"},\"breadcrumb\":{\"@id\":\"https:\/\/abrelivros.org.br\/site\/conheca-as-principais-acoes-do-mec-na-educacao-basica-no-ultimo-ano\/#breadcrumb\"},\"inLanguage\":\"pt-BR\",\"potentialAction\":[{\"@type\":\"ReadAction\",\"target\":[\"https:\/\/abrelivros.org.br\/site\/conheca-as-principais-acoes-do-mec-na-educacao-basica-no-ultimo-ano\/\"]}]},{\"@type\":\"BreadcrumbList\",\"@id\":\"https:\/\/abrelivros.org.br\/site\/conheca-as-principais-acoes-do-mec-na-educacao-basica-no-ultimo-ano\/#breadcrumb\",\"itemListElement\":[{\"@type\":\"ListItem\",\"position\":1,\"item\":{\"@type\":\"WebPage\",\"@id\":\"https:\/\/abrelivros.org.br\/site\/\",\"url\":\"https:\/\/abrelivros.org.br\/site\/\",\"name\":\"In\\u00edcio\"}},{\"@type\":\"ListItem\",\"position\":2,\"item\":{\"@type\":\"WebPage\",\"@id\":\"https:\/\/abrelivros.org.br\/site\/category\/noticias\/\",\"url\":\"https:\/\/abrelivros.org.br\/site\/category\/noticias\/\",\"name\":\"Not\\u00edcias\"}},{\"@type\":\"ListItem\",\"position\":3,\"item\":{\"@type\":\"WebPage\",\"@id\":\"https:\/\/abrelivros.org.br\/site\/category\/noticias\/noticias-da-imprensa\/\",\"url\":\"https:\/\/abrelivros.org.br\/site\/category\/noticias\/noticias-da-imprensa\/\",\"name\":\"Not\\u00edcias da imprensa\"}},{\"@type\":\"ListItem\",\"position\":4,\"item\":{\"@type\":\"WebPage\",\"@id\":\"https:\/\/abrelivros.org.br\/site\/conheca-as-principais-acoes-do-mec-na-educacao-basica-no-ultimo-ano\/\",\"url\":\"https:\/\/abrelivros.org.br\/site\/conheca-as-principais-acoes-do-mec-na-educacao-basica-no-ultimo-ano\/\",\"name\":\"Conhe\\u00e7a as principais a\\u00e7\\u00f5es do MEC na educa\\u00e7\\u00e3o b\\u00e1sica no \\u00faltimo ano\"}}]},{\"@type\":\"Person\",\"@id\":\"https:\/\/abrelivros.org.br\/site\/#\/schema\/person\/65db80e26409802ce15ac5feec6a15fd\",\"name\":\"Reda\\u00e7\\u00e3o Abrelivros\",\"image\":{\"@type\":\"ImageObject\",\"@id\":\"https:\/\/abrelivros.org.br\/site\/#personlogo\",\"inLanguage\":\"pt-BR\",\"url\":\"https:\/\/secure.gravatar.com\/avatar\/c4e57f9c7e3482965bd428192061218520756c39080b1d1820b679fa5e9af192?s=96&d=mm&r=g\",\"caption\":\"Reda\\u00e7\\u00e3o Abrelivros\"}}]}<\/script>\n<!-- \/ Yoast SEO plugin. -->","_links":{"self":[{"href":"https:\/\/abrelivros.org.br\/site\/wp-json\/wp\/v2\/posts\/14573","targetHints":{"allow":["GET"]}}],"collection":[{"href":"https:\/\/abrelivros.org.br\/site\/wp-json\/wp\/v2\/posts"}],"about":[{"href":"https:\/\/abrelivros.org.br\/site\/wp-json\/wp\/v2\/types\/post"}],"author":[{"embeddable":true,"href":"https:\/\/abrelivros.org.br\/site\/wp-json\/wp\/v2\/users\/4"}],"replies":[{"embeddable":true,"href":"https:\/\/abrelivros.org.br\/site\/wp-json\/wp\/v2\/comments?post=14573"}],"version-history":[{"count":1,"href":"https:\/\/abrelivros.org.br\/site\/wp-json\/wp\/v2\/posts\/14573\/revisions"}],"predecessor-version":[{"id":14574,"href":"https:\/\/abrelivros.org.br\/site\/wp-json\/wp\/v2\/posts\/14573\/revisions\/14574"}],"wp:attachment":[{"href":"https:\/\/abrelivros.org.br\/site\/wp-json\/wp\/v2\/media?parent=14573"}],"wp:term":[{"taxonomy":"category","embeddable":true,"href":"https:\/\/abrelivros.org.br\/site\/wp-json\/wp\/v2\/categories?post=14573"},{"taxonomy":"post_tag","embeddable":true,"href":"https:\/\/abrelivros.org.br\/site\/wp-json\/wp\/v2\/tags?post=14573"}],"curies":[{"name":"wp","href":"https:\/\/api.w.org\/{rel}","templated":true}]}}