{"id":14569,"date":"2021-08-03T14:42:14","date_gmt":"2021-08-03T17:42:14","guid":{"rendered":"https:\/\/abrelivros.org.br\/site\/?p=14569"},"modified":"2021-08-03T14:42:14","modified_gmt":"2021-08-03T17:42:14","slug":"ministerio-da-educacao-cria-programa-educacao-e-familia","status":"publish","type":"post","link":"https:\/\/abrelivros.org.br\/site\/ministerio-da-educacao-cria-programa-educacao-e-familia\/","title":{"rendered":"Minist\u00e9rio da Educa\u00e7\u00e3o cria Programa Educa\u00e7\u00e3o e Fam\u00edlia"},"content":{"rendered":"<p>O Minist\u00e9rio da Educa\u00e7\u00e3o publicou no Di\u00e1rio Oficial da Uni\u00e3o de hoje (3) a portaria que institui o Programa Educa\u00e7\u00e3o e Fam\u00edlia. Voltado \u00e0s escolas p\u00fablicas de educa\u00e7\u00e3o b\u00e1sica, o programa buscar\u00e1 \u201cfomentar e qualificar a participa\u00e7\u00e3o da fam\u00edlia na vida escolar do estudante e na constru\u00e7\u00e3o do seu projeto de vida, com foco no processo de reflex\u00e3o sobre o que cada estudante quer ser no futuro e no planejamento de a\u00e7\u00f5es para construir esse futuro\u201d.<!--more--><\/p>\n<p>A <a href=\"https:\/\/www.in.gov.br\/en\/web\/dou\/-\/portaria-n-571-de-2-de-agosto-de-2021-335760760\" target=\"_blank\" rel=\"noopener noreferrer\">Portaria n\u00ba 571<\/a> apresenta princ\u00edpios, objetivos, a\u00e7\u00f5es estrat\u00e9gicas e compet\u00eancias do programa, al\u00e9m de descrever como ser\u00e1 feito seu monitoramento e avalia\u00e7\u00e3o.<\/p>\n<p>Entre os objetivos, est\u00e3o os de promover a\u00e7\u00f5es de forma\u00e7\u00e3o que envolvam a fam\u00edlia e os profissionais da educa\u00e7\u00e3o; apoiar t\u00e9cnica e financeiramente as escolas participantes do Programa Dinheiro Direto na Escola, para a elabora\u00e7\u00e3o e implementa\u00e7\u00e3o do plano de a\u00e7\u00e3o da escola; e a promo\u00e7\u00e3o de a\u00e7\u00f5es que potencializem a participa\u00e7\u00e3o da fam\u00edlia na vida escolar dos estudantes.<\/p>\n<p>O programa pretende, tamb\u00e9m, apoiar a elabora\u00e7\u00e3o de materiais pedag\u00f3gicos que valorizem e versem sobre a integra\u00e7\u00e3o fam\u00edlia escola; promover a\u00e7\u00f5es que visem \u00e0 reflex\u00e3o sobre a import\u00e2ncia da fam\u00edlia e da escola na constru\u00e7\u00e3o do projeto de vida dos estudantes; fomentar a\u00e7\u00f5es de fortalecimento do conselho escolar, qualificando a atua\u00e7\u00e3o dos conselheiros; e promover a\u00e7\u00f5es que ampliem o acesso \u00e0s informa\u00e7\u00f5es educacionais e financeiras das escolas p\u00fablicas.<\/p>\n<p>Com o programa, o MEC buscar\u00e1 melhores condi\u00e7\u00f5es para a consecu\u00e7\u00e3o das metas do <a href=\"http:\/\/pne.mec.gov.br\/\" target=\"_blank\" rel=\"noopener noreferrer\">Plano Nacional de Educa\u00e7\u00e3o (PNE)<\/a>, bem como das premissas da <a href=\"http:\/\/basenacionalcomum.mec.gov.br\/\" target=\"_blank\" rel=\"noopener noreferrer\">Base Nacional Comum Curricular (BNCC).<\/a><\/p>\n","protected":false},"excerpt":{"rendered":"<p>O Minist\u00e9rio da Educa\u00e7\u00e3o publicou no Di\u00e1rio Oficial da Uni\u00e3o de hoje (3) a portaria que institui o Programa Educa\u00e7\u00e3o e Fam\u00edlia. Voltado \u00e0s escolas p\u00fablicas de educa\u00e7\u00e3o b\u00e1sica, o programa buscar\u00e1 \u201cfomentar e qualificar a participa\u00e7\u00e3o da fam\u00edlia na vida escolar do estudante e na constru\u00e7\u00e3o do seu projeto de vida, com foco no [&hellip;]<\/p>\n","protected":false},"author":4,"featured_media":0,"comment_status":"closed","ping_status":"closed","sticky":false,"template":"","format":"standard","meta":{"footnotes":"","_links_to":"","_links_to_target":""},"categories":[9],"tags":[],"class_list":["post-14569","post","type-post","status-publish","format-standard","hentry","category-noticias-da-imprensa"],"yoast_head":"<!-- This site is optimized with the Yoast SEO plugin v15.1 - https:\/\/yoast.com\/wordpress\/plugins\/seo\/ -->\n<title>Minist\u00e9rio da Educa\u00e7\u00e3o cria Programa Educa\u00e7\u00e3o e Fam\u00edlia &raquo; Abrelivros<\/title>\n<meta name=\"robots\" content=\"index, follow, max-snippet:-1, max-image-preview:large, max-video-preview:-1\" \/>\n<link rel=\"canonical\" href=\"https:\/\/abrelivros.org.br\/site\/ministerio-da-educacao-cria-programa-educacao-e-familia\/\" \/>\n<meta property=\"og:locale\" content=\"pt_BR\" \/>\n<meta property=\"og:type\" content=\"article\" \/>\n<meta property=\"og:title\" content=\"Minist\u00e9rio da Educa\u00e7\u00e3o cria Programa Educa\u00e7\u00e3o e Fam\u00edlia &raquo; Abrelivros\" \/>\n<meta property=\"og:description\" content=\"O Minist\u00e9rio da Educa\u00e7\u00e3o publicou no Di\u00e1rio Oficial da Uni\u00e3o de hoje (3) a portaria que institui o Programa Educa\u00e7\u00e3o e Fam\u00edlia. Voltado \u00e0s escolas p\u00fablicas de educa\u00e7\u00e3o b\u00e1sica, o programa buscar\u00e1 \u201cfomentar e qualificar a participa\u00e7\u00e3o da fam\u00edlia na vida escolar do estudante e na constru\u00e7\u00e3o do seu projeto de vida, com foco no [&hellip;]\" \/>\n<meta property=\"og:url\" content=\"https:\/\/abrelivros.org.br\/site\/ministerio-da-educacao-cria-programa-educacao-e-familia\/\" \/>\n<meta property=\"og:site_name\" content=\"Abrelivros\" \/>\n<meta property=\"article:published_time\" content=\"2021-08-03T17:42:14+00:00\" \/>\n<meta name=\"twitter:card\" content=\"summary_large_image\" \/>\n<script type=\"application\/ld+json\" class=\"yoast-schema-graph\">{\"@context\":\"https:\/\/schema.org\",\"@graph\":[{\"@type\":\"WebSite\",\"@id\":\"https:\/\/abrelivros.org.br\/site\/#website\",\"url\":\"https:\/\/abrelivros.org.br\/site\/\",\"name\":\"Abrelivros\",\"description\":\"\",\"potentialAction\":[{\"@type\":\"SearchAction\",\"target\":\"https:\/\/abrelivros.org.br\/site\/?s={search_term_string}\",\"query-input\":\"required name=search_term_string\"}],\"inLanguage\":\"pt-BR\"},{\"@type\":\"WebPage\",\"@id\":\"https:\/\/abrelivros.org.br\/site\/ministerio-da-educacao-cria-programa-educacao-e-familia\/#webpage\",\"url\":\"https:\/\/abrelivros.org.br\/site\/ministerio-da-educacao-cria-programa-educacao-e-familia\/\",\"name\":\"Minist\\u00e9rio da Educa\\u00e7\\u00e3o cria Programa Educa\\u00e7\\u00e3o e Fam\\u00edlia &raquo; Abrelivros\",\"isPartOf\":{\"@id\":\"https:\/\/abrelivros.org.br\/site\/#website\"},\"datePublished\":\"2021-08-03T17:42:14+00:00\",\"dateModified\":\"2021-08-03T17:42:14+00:00\",\"author\":{\"@id\":\"https:\/\/abrelivros.org.br\/site\/#\/schema\/person\/65db80e26409802ce15ac5feec6a15fd\"},\"breadcrumb\":{\"@id\":\"https:\/\/abrelivros.org.br\/site\/ministerio-da-educacao-cria-programa-educacao-e-familia\/#breadcrumb\"},\"inLanguage\":\"pt-BR\",\"potentialAction\":[{\"@type\":\"ReadAction\",\"target\":[\"https:\/\/abrelivros.org.br\/site\/ministerio-da-educacao-cria-programa-educacao-e-familia\/\"]}]},{\"@type\":\"BreadcrumbList\",\"@id\":\"https:\/\/abrelivros.org.br\/site\/ministerio-da-educacao-cria-programa-educacao-e-familia\/#breadcrumb\",\"itemListElement\":[{\"@type\":\"ListItem\",\"position\":1,\"item\":{\"@type\":\"WebPage\",\"@id\":\"https:\/\/abrelivros.org.br\/site\/\",\"url\":\"https:\/\/abrelivros.org.br\/site\/\",\"name\":\"In\\u00edcio\"}},{\"@type\":\"ListItem\",\"position\":2,\"item\":{\"@type\":\"WebPage\",\"@id\":\"https:\/\/abrelivros.org.br\/site\/category\/noticias\/\",\"url\":\"https:\/\/abrelivros.org.br\/site\/category\/noticias\/\",\"name\":\"Not\\u00edcias\"}},{\"@type\":\"ListItem\",\"position\":3,\"item\":{\"@type\":\"WebPage\",\"@id\":\"https:\/\/abrelivros.org.br\/site\/category\/noticias\/noticias-da-imprensa\/\",\"url\":\"https:\/\/abrelivros.org.br\/site\/category\/noticias\/noticias-da-imprensa\/\",\"name\":\"Not\\u00edcias da imprensa\"}},{\"@type\":\"ListItem\",\"position\":4,\"item\":{\"@type\":\"WebPage\",\"@id\":\"https:\/\/abrelivros.org.br\/site\/ministerio-da-educacao-cria-programa-educacao-e-familia\/\",\"url\":\"https:\/\/abrelivros.org.br\/site\/ministerio-da-educacao-cria-programa-educacao-e-familia\/\",\"name\":\"Minist\\u00e9rio da Educa\\u00e7\\u00e3o cria Programa Educa\\u00e7\\u00e3o e Fam\\u00edlia\"}}]},{\"@type\":\"Person\",\"@id\":\"https:\/\/abrelivros.org.br\/site\/#\/schema\/person\/65db80e26409802ce15ac5feec6a15fd\",\"name\":\"Reda\\u00e7\\u00e3o Abrelivros\",\"image\":{\"@type\":\"ImageObject\",\"@id\":\"https:\/\/abrelivros.org.br\/site\/#personlogo\",\"inLanguage\":\"pt-BR\",\"url\":\"https:\/\/secure.gravatar.com\/avatar\/c4e57f9c7e3482965bd428192061218520756c39080b1d1820b679fa5e9af192?s=96&d=mm&r=g\",\"caption\":\"Reda\\u00e7\\u00e3o Abrelivros\"}}]}<\/script>\n<!-- \/ Yoast SEO plugin. -->","_links":{"self":[{"href":"https:\/\/abrelivros.org.br\/site\/wp-json\/wp\/v2\/posts\/14569","targetHints":{"allow":["GET"]}}],"collection":[{"href":"https:\/\/abrelivros.org.br\/site\/wp-json\/wp\/v2\/posts"}],"about":[{"href":"https:\/\/abrelivros.org.br\/site\/wp-json\/wp\/v2\/types\/post"}],"author":[{"embeddable":true,"href":"https:\/\/abrelivros.org.br\/site\/wp-json\/wp\/v2\/users\/4"}],"replies":[{"embeddable":true,"href":"https:\/\/abrelivros.org.br\/site\/wp-json\/wp\/v2\/comments?post=14569"}],"version-history":[{"count":1,"href":"https:\/\/abrelivros.org.br\/site\/wp-json\/wp\/v2\/posts\/14569\/revisions"}],"predecessor-version":[{"id":14570,"href":"https:\/\/abrelivros.org.br\/site\/wp-json\/wp\/v2\/posts\/14569\/revisions\/14570"}],"wp:attachment":[{"href":"https:\/\/abrelivros.org.br\/site\/wp-json\/wp\/v2\/media?parent=14569"}],"wp:term":[{"taxonomy":"category","embeddable":true,"href":"https:\/\/abrelivros.org.br\/site\/wp-json\/wp\/v2\/categories?post=14569"},{"taxonomy":"post_tag","embeddable":true,"href":"https:\/\/abrelivros.org.br\/site\/wp-json\/wp\/v2\/tags?post=14569"}],"curies":[{"name":"wp","href":"https:\/\/api.w.org\/{rel}","templated":true}]}}