{"id":14560,"date":"2021-08-02T14:45:01","date_gmt":"2021-08-02T17:45:01","guid":{"rendered":"https:\/\/abrelivros.org.br\/site\/?p=14560"},"modified":"2021-08-02T16:00:04","modified_gmt":"2021-08-02T19:00:04","slug":"tributar-livros-revela-a-estreita-mentalidade-dos-que-o-propoem-avalia-ex-secretario-da-receita","status":"publish","type":"post","link":"https:\/\/abrelivros.org.br\/site\/tributar-livros-revela-a-estreita-mentalidade-dos-que-o-propoem-avalia-ex-secretario-da-receita\/","title":{"rendered":"\u2018Tributar livros revela a estreita mentalidade dos que o prop\u00f5em\u2019, avalia ex-secret\u00e1rio da Receita"},"content":{"rendered":"<p>A coluna de Ancelmo Gois, d&#8217;O Globo, reproduziu o artigo de Everardo Maciel, ex-secret\u00e1rio da Receita, com sua opini\u00e3o sobre a tributa\u00e7\u00e3o dos livros.<!--more--><\/p>\n<p>&#8220;Estamos vivendo um momento sombrio na hist\u00f3ria da tributa\u00e7\u00e3o brasileira para o qual concorrem agendas ocultas, desinforma\u00e7\u00f5es, ressentimentos, refer\u00eancias esp\u00farias, proje\u00e7\u00f5es fantasiosas, interesses dissimulados, inconstitucionalidades flagrantes etc.Tudo isso embutido em projetos de \u201creforma tribut\u00e1ria\u201d, assim designados para atrair a simpatia dos incautos.<\/p>\n<p>Nesse torneio de ideias ruins, ganha destaque a pretens\u00e3o de tributar com a Contribui\u00e7\u00e3o sobre Bens e Servi\u00e7os a edi\u00e7\u00e3o, comercializa\u00e7\u00e3o e importa\u00e7\u00e3o de livros, conforme o Projeto de Lei n\u00ba 3.887\/2020, em tramita\u00e7\u00e3o na C\u00e2mara dos Deputados.<\/p>\n<p>Desde 1946, por iniciativa do deputado constituinte Jorge Amado, os livros gozam de imunidade constitucional em rela\u00e7\u00e3o a impostos, juntamente com jornais, peri\u00f3dicos e papel para sua impress\u00e3o. Trata-se de prote\u00e7\u00e3o constitucional, no \u00e2mbito tribut\u00e1rio, \u00e0 liberdade de express\u00e3o.<\/p>\n<p>Em 2004, a Lei n\u00ba 10.865 estendeu a desonera\u00e7\u00e3o ao PIS e \u00e0 Cofins, aperfei\u00e7oando o prop\u00f3sito consignado na Constitui\u00e7\u00e3o.<\/p>\n<p>Como se sabe que tributar livros \u00e9 irrelevante em termos arrecadat\u00f3rios, essa malsinada ideia apenas revela a estreita mentalidade dos que a prop\u00f5em. O que pode ser revertido pela leitura&#8230; de um bom livro.\u201d<\/p>\n","protected":false},"excerpt":{"rendered":"<p>A coluna de Ancelmo Gois, d&#8217;O Globo, reproduziu o artigo de Everardo Maciel, ex-secret\u00e1rio da Receita, com sua opini\u00e3o sobre a tributa\u00e7\u00e3o dos livros.<\/p>\n","protected":false},"author":4,"featured_media":0,"comment_status":"closed","ping_status":"closed","sticky":false,"template":"","format":"standard","meta":{"footnotes":"","_links_to":"","_links_to_target":""},"categories":[9],"tags":[],"class_list":["post-14560","post","type-post","status-publish","format-standard","hentry","category-noticias-da-imprensa"],"yoast_head":"<!-- This site is optimized with the Yoast SEO plugin v15.1 - https:\/\/yoast.com\/wordpress\/plugins\/seo\/ -->\n<title>\u2018Tributar livros revela a estreita mentalidade dos que o prop\u00f5em\u2019, avalia ex-secret\u00e1rio da Receita &raquo; Abrelivros<\/title>\n<meta name=\"robots\" content=\"index, follow, max-snippet:-1, max-image-preview:large, max-video-preview:-1\" \/>\n<link rel=\"canonical\" href=\"https:\/\/abrelivros.org.br\/site\/tributar-livros-revela-a-estreita-mentalidade-dos-que-o-propoem-avalia-ex-secretario-da-receita\/\" \/>\n<meta property=\"og:locale\" content=\"pt_BR\" \/>\n<meta property=\"og:type\" content=\"article\" \/>\n<meta property=\"og:title\" content=\"\u2018Tributar livros revela a estreita mentalidade dos que o prop\u00f5em\u2019, avalia ex-secret\u00e1rio da Receita &raquo; Abrelivros\" \/>\n<meta property=\"og:description\" content=\"A coluna de Ancelmo Gois, d&#8217;O Globo, reproduziu o artigo de Everardo Maciel, ex-secret\u00e1rio da Receita, com sua opini\u00e3o sobre a tributa\u00e7\u00e3o dos livros.\" \/>\n<meta property=\"og:url\" content=\"https:\/\/abrelivros.org.br\/site\/tributar-livros-revela-a-estreita-mentalidade-dos-que-o-propoem-avalia-ex-secretario-da-receita\/\" \/>\n<meta property=\"og:site_name\" content=\"Abrelivros\" \/>\n<meta property=\"article:published_time\" content=\"2021-08-02T17:45:01+00:00\" \/>\n<meta property=\"article:modified_time\" content=\"2021-08-02T19:00:04+00:00\" \/>\n<meta name=\"twitter:card\" content=\"summary_large_image\" \/>\n<script type=\"application\/ld+json\" class=\"yoast-schema-graph\">{\"@context\":\"https:\/\/schema.org\",\"@graph\":[{\"@type\":\"WebSite\",\"@id\":\"https:\/\/abrelivros.org.br\/site\/#website\",\"url\":\"https:\/\/abrelivros.org.br\/site\/\",\"name\":\"Abrelivros\",\"description\":\"\",\"potentialAction\":[{\"@type\":\"SearchAction\",\"target\":\"https:\/\/abrelivros.org.br\/site\/?s={search_term_string}\",\"query-input\":\"required name=search_term_string\"}],\"inLanguage\":\"pt-BR\"},{\"@type\":\"WebPage\",\"@id\":\"https:\/\/abrelivros.org.br\/site\/tributar-livros-revela-a-estreita-mentalidade-dos-que-o-propoem-avalia-ex-secretario-da-receita\/#webpage\",\"url\":\"https:\/\/abrelivros.org.br\/site\/tributar-livros-revela-a-estreita-mentalidade-dos-que-o-propoem-avalia-ex-secretario-da-receita\/\",\"name\":\"\\u2018Tributar livros revela a estreita mentalidade dos que o prop\\u00f5em\\u2019, avalia ex-secret\\u00e1rio da Receita &raquo; Abrelivros\",\"isPartOf\":{\"@id\":\"https:\/\/abrelivros.org.br\/site\/#website\"},\"datePublished\":\"2021-08-02T17:45:01+00:00\",\"dateModified\":\"2021-08-02T19:00:04+00:00\",\"author\":{\"@id\":\"https:\/\/abrelivros.org.br\/site\/#\/schema\/person\/65db80e26409802ce15ac5feec6a15fd\"},\"breadcrumb\":{\"@id\":\"https:\/\/abrelivros.org.br\/site\/tributar-livros-revela-a-estreita-mentalidade-dos-que-o-propoem-avalia-ex-secretario-da-receita\/#breadcrumb\"},\"inLanguage\":\"pt-BR\",\"potentialAction\":[{\"@type\":\"ReadAction\",\"target\":[\"https:\/\/abrelivros.org.br\/site\/tributar-livros-revela-a-estreita-mentalidade-dos-que-o-propoem-avalia-ex-secretario-da-receita\/\"]}]},{\"@type\":\"BreadcrumbList\",\"@id\":\"https:\/\/abrelivros.org.br\/site\/tributar-livros-revela-a-estreita-mentalidade-dos-que-o-propoem-avalia-ex-secretario-da-receita\/#breadcrumb\",\"itemListElement\":[{\"@type\":\"ListItem\",\"position\":1,\"item\":{\"@type\":\"WebPage\",\"@id\":\"https:\/\/abrelivros.org.br\/site\/\",\"url\":\"https:\/\/abrelivros.org.br\/site\/\",\"name\":\"In\\u00edcio\"}},{\"@type\":\"ListItem\",\"position\":2,\"item\":{\"@type\":\"WebPage\",\"@id\":\"https:\/\/abrelivros.org.br\/site\/category\/noticias\/\",\"url\":\"https:\/\/abrelivros.org.br\/site\/category\/noticias\/\",\"name\":\"Not\\u00edcias\"}},{\"@type\":\"ListItem\",\"position\":3,\"item\":{\"@type\":\"WebPage\",\"@id\":\"https:\/\/abrelivros.org.br\/site\/category\/noticias\/noticias-da-imprensa\/\",\"url\":\"https:\/\/abrelivros.org.br\/site\/category\/noticias\/noticias-da-imprensa\/\",\"name\":\"Not\\u00edcias da imprensa\"}},{\"@type\":\"ListItem\",\"position\":4,\"item\":{\"@type\":\"WebPage\",\"@id\":\"https:\/\/abrelivros.org.br\/site\/tributar-livros-revela-a-estreita-mentalidade-dos-que-o-propoem-avalia-ex-secretario-da-receita\/\",\"url\":\"https:\/\/abrelivros.org.br\/site\/tributar-livros-revela-a-estreita-mentalidade-dos-que-o-propoem-avalia-ex-secretario-da-receita\/\",\"name\":\"\\u2018Tributar livros revela a estreita mentalidade dos que o prop\\u00f5em\\u2019, avalia ex-secret\\u00e1rio da Receita\"}}]},{\"@type\":\"Person\",\"@id\":\"https:\/\/abrelivros.org.br\/site\/#\/schema\/person\/65db80e26409802ce15ac5feec6a15fd\",\"name\":\"Reda\\u00e7\\u00e3o Abrelivros\",\"image\":{\"@type\":\"ImageObject\",\"@id\":\"https:\/\/abrelivros.org.br\/site\/#personlogo\",\"inLanguage\":\"pt-BR\",\"url\":\"https:\/\/secure.gravatar.com\/avatar\/c4e57f9c7e3482965bd428192061218520756c39080b1d1820b679fa5e9af192?s=96&d=mm&r=g\",\"caption\":\"Reda\\u00e7\\u00e3o Abrelivros\"}}]}<\/script>\n<!-- \/ Yoast SEO plugin. -->","_links":{"self":[{"href":"https:\/\/abrelivros.org.br\/site\/wp-json\/wp\/v2\/posts\/14560","targetHints":{"allow":["GET"]}}],"collection":[{"href":"https:\/\/abrelivros.org.br\/site\/wp-json\/wp\/v2\/posts"}],"about":[{"href":"https:\/\/abrelivros.org.br\/site\/wp-json\/wp\/v2\/types\/post"}],"author":[{"embeddable":true,"href":"https:\/\/abrelivros.org.br\/site\/wp-json\/wp\/v2\/users\/4"}],"replies":[{"embeddable":true,"href":"https:\/\/abrelivros.org.br\/site\/wp-json\/wp\/v2\/comments?post=14560"}],"version-history":[{"count":8,"href":"https:\/\/abrelivros.org.br\/site\/wp-json\/wp\/v2\/posts\/14560\/revisions"}],"predecessor-version":[{"id":14568,"href":"https:\/\/abrelivros.org.br\/site\/wp-json\/wp\/v2\/posts\/14560\/revisions\/14568"}],"wp:attachment":[{"href":"https:\/\/abrelivros.org.br\/site\/wp-json\/wp\/v2\/media?parent=14560"}],"wp:term":[{"taxonomy":"category","embeddable":true,"href":"https:\/\/abrelivros.org.br\/site\/wp-json\/wp\/v2\/categories?post=14560"},{"taxonomy":"post_tag","embeddable":true,"href":"https:\/\/abrelivros.org.br\/site\/wp-json\/wp\/v2\/tags?post=14560"}],"curies":[{"name":"wp","href":"https:\/\/api.w.org\/{rel}","templated":true}]}}