{"id":14554,"date":"2021-08-02T14:23:26","date_gmt":"2021-08-02T17:23:26","guid":{"rendered":"https:\/\/abrelivros.org.br\/site\/?p=14554"},"modified":"2021-08-02T14:23:52","modified_gmt":"2021-08-02T17:23:52","slug":"mec-inicia-o-2o-ciclo-de-coordenacao-nacional-para-implementacao-do-novo-ensino-medio","status":"publish","type":"post","link":"https:\/\/abrelivros.org.br\/site\/mec-inicia-o-2o-ciclo-de-coordenacao-nacional-para-implementacao-do-novo-ensino-medio\/","title":{"rendered":"MEC inicia o 2\u00ba Ciclo de Coordena\u00e7\u00e3o Nacional para Implementa\u00e7\u00e3o do Novo Ensino M\u00e9dio"},"content":{"rendered":"<p>O Governo Federal iniciou, por meio do Minist\u00e9rio da Educa\u00e7\u00e3o (MEC), na \u00faltima quinta-feira (29) o 2\u00ba Ciclo de Coordena\u00e7\u00e3o Nacional para Implementa\u00e7\u00e3o do Novo Ensino M\u00e9dio (NEM). Ao todo, ser\u00e3o realizados 10 encontros que integram uma das a\u00e7\u00f5es do MEC para apoiar a implementa\u00e7\u00e3o do Novo Ensino M\u00e9dio.<!--more--> tendo como objetivo promover o apoio t\u00e9cnico \u00e0s equipes das secretarias de educa\u00e7\u00e3o dos estados e do Distrito Federal.<\/p>\n<p>O evento \u00e9 promovido pela Secretaria de Educa\u00e7\u00e3o B\u00e1sica do MEC e conta com a colabora\u00e7\u00e3o do Conselho Nacional dos Secret\u00e1rios de Educa\u00e7\u00e3o (Consed), do Fundo Nacional de Desenvolvimento da Educa\u00e7\u00e3o (FNDE) e do Instituto Nacional de Estudos e Pesquisas Educacionais An\u00edsio Teixeira (Inep).<\/p>\n<p>O primeiro encontro contou com a participa\u00e7\u00e3o do Consed e com mais de 150 t\u00e9cnicos das secretarias de educa\u00e7\u00e3o, que receberam uma forma\u00e7\u00e3o sobre o Programa de Apoio ao Novo Ensino M\u00e9dio (ProNEM), abordando aspectos relacionados \u00e0s quest\u00f5es de repasses de recursos, execu\u00e7\u00e3o financeira e presta\u00e7\u00e3o de contas. Nesse encontro, a equipe da Coordena\u00e7\u00e3o-Geral do Ensino M\u00e9dio realizou uma apresenta\u00e7\u00e3o das matrizes curriculares das UFs que j\u00e1 tiveram seus curr\u00edculos aprovados e homologados pelos seus respectivos Conselhos de Educa\u00e7\u00e3o.<\/p>\n<p>Os pr\u00f3ximos encontros ter\u00e3o como pautas: as a\u00e7\u00f5es do MEC para apoiar a forma\u00e7\u00e3o continuada dos profissionais da educa\u00e7\u00e3o; o Programa Nacional do Livro Did\u00e1tico no \u00e2mbito do Novo Ensino M\u00e9dio (PNLD); Ensino M\u00e9dio Noturno; os Itiner\u00e1rios Formativos; as estrat\u00e9gias para escolas do campo, ind\u00edgenas e quilombolas; a Forma\u00e7\u00e3o T\u00e9cnica e Profissional (FTP); o Ensino M\u00e9dio em Tempo Integral; o Exame Nacional do Ensino M\u00e9dio (Enem) e o Sistema de Avalia\u00e7\u00e3o Seriada (Saeb).<\/p>\n","protected":false},"excerpt":{"rendered":"<p>O Governo Federal iniciou, por meio do Minist\u00e9rio da Educa\u00e7\u00e3o (MEC), na \u00faltima quinta-feira (29) o 2\u00ba Ciclo de Coordena\u00e7\u00e3o Nacional para Implementa\u00e7\u00e3o do Novo Ensino M\u00e9dio (NEM). Ao todo, ser\u00e3o realizados 10 encontros que integram uma das a\u00e7\u00f5es do MEC para apoiar a implementa\u00e7\u00e3o do Novo Ensino M\u00e9dio.<\/p>\n","protected":false},"author":4,"featured_media":0,"comment_status":"closed","ping_status":"closed","sticky":false,"template":"","format":"standard","meta":{"footnotes":"","_links_to":"","_links_to_target":""},"categories":[9,10],"tags":[],"class_list":["post-14554","post","type-post","status-publish","format-standard","hentry","category-noticias-da-imprensa","category-pnld-programa-nacional-do-livro-e-do-material-didatico"],"yoast_head":"<!-- This site is optimized with the Yoast SEO plugin v15.1 - https:\/\/yoast.com\/wordpress\/plugins\/seo\/ -->\n<title>MEC inicia o 2\u00ba Ciclo de Coordena\u00e7\u00e3o Nacional para Implementa\u00e7\u00e3o do Novo Ensino M\u00e9dio &raquo; Abrelivros<\/title>\n<meta name=\"robots\" content=\"index, follow, max-snippet:-1, max-image-preview:large, max-video-preview:-1\" \/>\n<link rel=\"canonical\" href=\"https:\/\/abrelivros.org.br\/site\/mec-inicia-o-2o-ciclo-de-coordenacao-nacional-para-implementacao-do-novo-ensino-medio\/\" \/>\n<meta property=\"og:locale\" content=\"pt_BR\" \/>\n<meta property=\"og:type\" content=\"article\" \/>\n<meta property=\"og:title\" content=\"MEC inicia o 2\u00ba Ciclo de Coordena\u00e7\u00e3o Nacional para Implementa\u00e7\u00e3o do Novo Ensino M\u00e9dio &raquo; Abrelivros\" \/>\n<meta property=\"og:description\" content=\"O Governo Federal iniciou, por meio do Minist\u00e9rio da Educa\u00e7\u00e3o (MEC), na \u00faltima quinta-feira (29) o 2\u00ba Ciclo de Coordena\u00e7\u00e3o Nacional para Implementa\u00e7\u00e3o do Novo Ensino M\u00e9dio (NEM). Ao todo, ser\u00e3o realizados 10 encontros que integram uma das a\u00e7\u00f5es do MEC para apoiar a implementa\u00e7\u00e3o do Novo Ensino M\u00e9dio.\" \/>\n<meta property=\"og:url\" content=\"https:\/\/abrelivros.org.br\/site\/mec-inicia-o-2o-ciclo-de-coordenacao-nacional-para-implementacao-do-novo-ensino-medio\/\" \/>\n<meta property=\"og:site_name\" content=\"Abrelivros\" \/>\n<meta property=\"article:published_time\" content=\"2021-08-02T17:23:26+00:00\" \/>\n<meta property=\"article:modified_time\" content=\"2021-08-02T17:23:52+00:00\" \/>\n<meta name=\"twitter:card\" content=\"summary_large_image\" \/>\n<script type=\"application\/ld+json\" class=\"yoast-schema-graph\">{\"@context\":\"https:\/\/schema.org\",\"@graph\":[{\"@type\":\"WebSite\",\"@id\":\"https:\/\/abrelivros.org.br\/site\/#website\",\"url\":\"https:\/\/abrelivros.org.br\/site\/\",\"name\":\"Abrelivros\",\"description\":\"\",\"potentialAction\":[{\"@type\":\"SearchAction\",\"target\":\"https:\/\/abrelivros.org.br\/site\/?s={search_term_string}\",\"query-input\":\"required name=search_term_string\"}],\"inLanguage\":\"pt-BR\"},{\"@type\":\"WebPage\",\"@id\":\"https:\/\/abrelivros.org.br\/site\/mec-inicia-o-2o-ciclo-de-coordenacao-nacional-para-implementacao-do-novo-ensino-medio\/#webpage\",\"url\":\"https:\/\/abrelivros.org.br\/site\/mec-inicia-o-2o-ciclo-de-coordenacao-nacional-para-implementacao-do-novo-ensino-medio\/\",\"name\":\"MEC inicia o 2\\u00ba Ciclo de Coordena\\u00e7\\u00e3o Nacional para Implementa\\u00e7\\u00e3o do Novo Ensino M\\u00e9dio &raquo; Abrelivros\",\"isPartOf\":{\"@id\":\"https:\/\/abrelivros.org.br\/site\/#website\"},\"datePublished\":\"2021-08-02T17:23:26+00:00\",\"dateModified\":\"2021-08-02T17:23:52+00:00\",\"author\":{\"@id\":\"https:\/\/abrelivros.org.br\/site\/#\/schema\/person\/65db80e26409802ce15ac5feec6a15fd\"},\"breadcrumb\":{\"@id\":\"https:\/\/abrelivros.org.br\/site\/mec-inicia-o-2o-ciclo-de-coordenacao-nacional-para-implementacao-do-novo-ensino-medio\/#breadcrumb\"},\"inLanguage\":\"pt-BR\",\"potentialAction\":[{\"@type\":\"ReadAction\",\"target\":[\"https:\/\/abrelivros.org.br\/site\/mec-inicia-o-2o-ciclo-de-coordenacao-nacional-para-implementacao-do-novo-ensino-medio\/\"]}]},{\"@type\":\"BreadcrumbList\",\"@id\":\"https:\/\/abrelivros.org.br\/site\/mec-inicia-o-2o-ciclo-de-coordenacao-nacional-para-implementacao-do-novo-ensino-medio\/#breadcrumb\",\"itemListElement\":[{\"@type\":\"ListItem\",\"position\":1,\"item\":{\"@type\":\"WebPage\",\"@id\":\"https:\/\/abrelivros.org.br\/site\/\",\"url\":\"https:\/\/abrelivros.org.br\/site\/\",\"name\":\"In\\u00edcio\"}},{\"@type\":\"ListItem\",\"position\":2,\"item\":{\"@type\":\"WebPage\",\"@id\":\"https:\/\/abrelivros.org.br\/site\/category\/noticias\/\",\"url\":\"https:\/\/abrelivros.org.br\/site\/category\/noticias\/\",\"name\":\"Not\\u00edcias\"}},{\"@type\":\"ListItem\",\"position\":3,\"item\":{\"@type\":\"WebPage\",\"@id\":\"https:\/\/abrelivros.org.br\/site\/category\/noticias\/noticias-da-imprensa\/\",\"url\":\"https:\/\/abrelivros.org.br\/site\/category\/noticias\/noticias-da-imprensa\/\",\"name\":\"Not\\u00edcias da imprensa\"}},{\"@type\":\"ListItem\",\"position\":4,\"item\":{\"@type\":\"WebPage\",\"@id\":\"https:\/\/abrelivros.org.br\/site\/mec-inicia-o-2o-ciclo-de-coordenacao-nacional-para-implementacao-do-novo-ensino-medio\/\",\"url\":\"https:\/\/abrelivros.org.br\/site\/mec-inicia-o-2o-ciclo-de-coordenacao-nacional-para-implementacao-do-novo-ensino-medio\/\",\"name\":\"MEC inicia o 2\\u00ba Ciclo de Coordena\\u00e7\\u00e3o Nacional para Implementa\\u00e7\\u00e3o do Novo Ensino M\\u00e9dio\"}}]},{\"@type\":\"Person\",\"@id\":\"https:\/\/abrelivros.org.br\/site\/#\/schema\/person\/65db80e26409802ce15ac5feec6a15fd\",\"name\":\"Reda\\u00e7\\u00e3o Abrelivros\",\"image\":{\"@type\":\"ImageObject\",\"@id\":\"https:\/\/abrelivros.org.br\/site\/#personlogo\",\"inLanguage\":\"pt-BR\",\"url\":\"https:\/\/secure.gravatar.com\/avatar\/c4e57f9c7e3482965bd428192061218520756c39080b1d1820b679fa5e9af192?s=96&d=mm&r=g\",\"caption\":\"Reda\\u00e7\\u00e3o Abrelivros\"}}]}<\/script>\n<!-- \/ Yoast SEO plugin. -->","_links":{"self":[{"href":"https:\/\/abrelivros.org.br\/site\/wp-json\/wp\/v2\/posts\/14554","targetHints":{"allow":["GET"]}}],"collection":[{"href":"https:\/\/abrelivros.org.br\/site\/wp-json\/wp\/v2\/posts"}],"about":[{"href":"https:\/\/abrelivros.org.br\/site\/wp-json\/wp\/v2\/types\/post"}],"author":[{"embeddable":true,"href":"https:\/\/abrelivros.org.br\/site\/wp-json\/wp\/v2\/users\/4"}],"replies":[{"embeddable":true,"href":"https:\/\/abrelivros.org.br\/site\/wp-json\/wp\/v2\/comments?post=14554"}],"version-history":[{"count":1,"href":"https:\/\/abrelivros.org.br\/site\/wp-json\/wp\/v2\/posts\/14554\/revisions"}],"predecessor-version":[{"id":14555,"href":"https:\/\/abrelivros.org.br\/site\/wp-json\/wp\/v2\/posts\/14554\/revisions\/14555"}],"wp:attachment":[{"href":"https:\/\/abrelivros.org.br\/site\/wp-json\/wp\/v2\/media?parent=14554"}],"wp:term":[{"taxonomy":"category","embeddable":true,"href":"https:\/\/abrelivros.org.br\/site\/wp-json\/wp\/v2\/categories?post=14554"},{"taxonomy":"post_tag","embeddable":true,"href":"https:\/\/abrelivros.org.br\/site\/wp-json\/wp\/v2\/tags?post=14554"}],"curies":[{"name":"wp","href":"https:\/\/api.w.org\/{rel}","templated":true}]}}