{"id":14550,"date":"2021-08-02T14:10:35","date_gmt":"2021-08-02T17:10:35","guid":{"rendered":"https:\/\/abrelivros.org.br\/site\/?p=14550"},"modified":"2021-08-02T14:10:35","modified_gmt":"2021-08-02T17:10:35","slug":"volta-as-aulas-presenciais-e-decisao-medica-diz-secretaria-de-educacao-de-sp","status":"publish","type":"post","link":"https:\/\/abrelivros.org.br\/site\/volta-as-aulas-presenciais-e-decisao-medica-diz-secretaria-de-educacao-de-sp\/","title":{"rendered":"&#8216;Volta \u00e0s aulas presenciais \u00e9 decis\u00e3o m\u00e9dica&#8217;, diz secretaria de Educa\u00e7\u00e3o de SP"},"content":{"rendered":"<p>A decis\u00e3o de retomar as aulas presenciais no estado de S\u00e3o Paulo segue crit\u00e9rios m\u00e9dicos, afirma o subsecret\u00e1rio de Articula\u00e7\u00e3o Regional de Educa\u00e7\u00e3o do estado, Patrick Tranjan, em entrevista \u00e0 CNN neste domingo (1\u00ba).<!--more--><\/p>\n<p>&#8220;Desde o in\u00edcio da pandemia, o fechamento vem de uma decis\u00e3o m\u00e9dica. Iniciamos a reabertura das escolas em setembro do ano passado. \u00c9 quase uma unanimidade que \u00e9 poss\u00edvel retornar \u00e0s escolas com seguran\u00e7a sanit\u00e1ria desde que tenha monitoramento dos casos e cumprimento dos protocolos. \u00c9 uma decis\u00e3o m\u00e9dica, com o apoio da ci\u00eancia&#8221;, afirma.<\/p>\n<p>Ele explica que os alunos precisam cumprir as atividades, independente de estar em casa ou n\u00e3o. &#8220;Ainda que a presen\u00e7a do estudante n\u00e3o seja obrigat\u00f3ria, a volta \u00e0s aulas \u00e9, ent\u00e3o o estudante tem que cumprir todas as atividades, mesmo que n\u00e3o v\u00e1 para a escola&#8221;.<\/p>\n<p>Os profissionais de ensino ficar\u00e3o atentos para que n\u00e3o aconte\u00e7am surtos de casos, diz Tranjan. &#8220;Entrando na escola vai ter aferi\u00e7\u00e3o de temperatura e, se apresentar sintoma, a crian\u00e7a ser\u00e1 isolada dentro da escola para que a fam\u00edlia venha busc\u00e1-la. Com ou sem variante Delta, os protocolos das escolas s\u00e3o r\u00edgidos e inegoci\u00e1veis. Aprendemos muito ao longo da pandemia e as escolas est\u00e3o preparadas&#8221;.<\/p>\n","protected":false},"excerpt":{"rendered":"<p>A decis\u00e3o de retomar as aulas presenciais no estado de S\u00e3o Paulo segue crit\u00e9rios m\u00e9dicos, afirma o subsecret\u00e1rio de Articula\u00e7\u00e3o Regional de Educa\u00e7\u00e3o do estado, Patrick Tranjan, em entrevista \u00e0 CNN neste domingo (1\u00ba).<\/p>\n","protected":false},"author":4,"featured_media":0,"comment_status":"closed","ping_status":"closed","sticky":false,"template":"","format":"standard","meta":{"footnotes":"","_links_to":"","_links_to_target":""},"categories":[9],"tags":[],"class_list":["post-14550","post","type-post","status-publish","format-standard","hentry","category-noticias-da-imprensa"],"yoast_head":"<!-- This site is optimized with the Yoast SEO plugin v15.1 - https:\/\/yoast.com\/wordpress\/plugins\/seo\/ -->\n<title>&#039;Volta \u00e0s aulas presenciais \u00e9 decis\u00e3o m\u00e9dica&#039;, diz secretaria de Educa\u00e7\u00e3o de SP &raquo; Abrelivros<\/title>\n<meta name=\"robots\" content=\"index, follow, max-snippet:-1, max-image-preview:large, max-video-preview:-1\" \/>\n<link rel=\"canonical\" href=\"https:\/\/abrelivros.org.br\/site\/volta-as-aulas-presenciais-e-decisao-medica-diz-secretaria-de-educacao-de-sp\/\" \/>\n<meta property=\"og:locale\" content=\"pt_BR\" \/>\n<meta property=\"og:type\" content=\"article\" \/>\n<meta property=\"og:title\" content=\"&#039;Volta \u00e0s aulas presenciais \u00e9 decis\u00e3o m\u00e9dica&#039;, diz secretaria de Educa\u00e7\u00e3o de SP &raquo; Abrelivros\" \/>\n<meta property=\"og:description\" content=\"A decis\u00e3o de retomar as aulas presenciais no estado de S\u00e3o Paulo segue crit\u00e9rios m\u00e9dicos, afirma o subsecret\u00e1rio de Articula\u00e7\u00e3o Regional de Educa\u00e7\u00e3o do estado, Patrick Tranjan, em entrevista \u00e0 CNN neste domingo (1\u00ba).\" \/>\n<meta property=\"og:url\" content=\"https:\/\/abrelivros.org.br\/site\/volta-as-aulas-presenciais-e-decisao-medica-diz-secretaria-de-educacao-de-sp\/\" \/>\n<meta property=\"og:site_name\" content=\"Abrelivros\" \/>\n<meta property=\"article:published_time\" content=\"2021-08-02T17:10:35+00:00\" \/>\n<meta name=\"twitter:card\" content=\"summary_large_image\" \/>\n<script type=\"application\/ld+json\" class=\"yoast-schema-graph\">{\"@context\":\"https:\/\/schema.org\",\"@graph\":[{\"@type\":\"WebSite\",\"@id\":\"https:\/\/abrelivros.org.br\/site\/#website\",\"url\":\"https:\/\/abrelivros.org.br\/site\/\",\"name\":\"Abrelivros\",\"description\":\"\",\"potentialAction\":[{\"@type\":\"SearchAction\",\"target\":\"https:\/\/abrelivros.org.br\/site\/?s={search_term_string}\",\"query-input\":\"required name=search_term_string\"}],\"inLanguage\":\"pt-BR\"},{\"@type\":\"WebPage\",\"@id\":\"https:\/\/abrelivros.org.br\/site\/volta-as-aulas-presenciais-e-decisao-medica-diz-secretaria-de-educacao-de-sp\/#webpage\",\"url\":\"https:\/\/abrelivros.org.br\/site\/volta-as-aulas-presenciais-e-decisao-medica-diz-secretaria-de-educacao-de-sp\/\",\"name\":\"'Volta \\u00e0s aulas presenciais \\u00e9 decis\\u00e3o m\\u00e9dica', diz secretaria de Educa\\u00e7\\u00e3o de SP &raquo; Abrelivros\",\"isPartOf\":{\"@id\":\"https:\/\/abrelivros.org.br\/site\/#website\"},\"datePublished\":\"2021-08-02T17:10:35+00:00\",\"dateModified\":\"2021-08-02T17:10:35+00:00\",\"author\":{\"@id\":\"https:\/\/abrelivros.org.br\/site\/#\/schema\/person\/65db80e26409802ce15ac5feec6a15fd\"},\"breadcrumb\":{\"@id\":\"https:\/\/abrelivros.org.br\/site\/volta-as-aulas-presenciais-e-decisao-medica-diz-secretaria-de-educacao-de-sp\/#breadcrumb\"},\"inLanguage\":\"pt-BR\",\"potentialAction\":[{\"@type\":\"ReadAction\",\"target\":[\"https:\/\/abrelivros.org.br\/site\/volta-as-aulas-presenciais-e-decisao-medica-diz-secretaria-de-educacao-de-sp\/\"]}]},{\"@type\":\"BreadcrumbList\",\"@id\":\"https:\/\/abrelivros.org.br\/site\/volta-as-aulas-presenciais-e-decisao-medica-diz-secretaria-de-educacao-de-sp\/#breadcrumb\",\"itemListElement\":[{\"@type\":\"ListItem\",\"position\":1,\"item\":{\"@type\":\"WebPage\",\"@id\":\"https:\/\/abrelivros.org.br\/site\/\",\"url\":\"https:\/\/abrelivros.org.br\/site\/\",\"name\":\"In\\u00edcio\"}},{\"@type\":\"ListItem\",\"position\":2,\"item\":{\"@type\":\"WebPage\",\"@id\":\"https:\/\/abrelivros.org.br\/site\/category\/noticias\/\",\"url\":\"https:\/\/abrelivros.org.br\/site\/category\/noticias\/\",\"name\":\"Not\\u00edcias\"}},{\"@type\":\"ListItem\",\"position\":3,\"item\":{\"@type\":\"WebPage\",\"@id\":\"https:\/\/abrelivros.org.br\/site\/category\/noticias\/noticias-da-imprensa\/\",\"url\":\"https:\/\/abrelivros.org.br\/site\/category\/noticias\/noticias-da-imprensa\/\",\"name\":\"Not\\u00edcias da imprensa\"}},{\"@type\":\"ListItem\",\"position\":4,\"item\":{\"@type\":\"WebPage\",\"@id\":\"https:\/\/abrelivros.org.br\/site\/volta-as-aulas-presenciais-e-decisao-medica-diz-secretaria-de-educacao-de-sp\/\",\"url\":\"https:\/\/abrelivros.org.br\/site\/volta-as-aulas-presenciais-e-decisao-medica-diz-secretaria-de-educacao-de-sp\/\",\"name\":\"&#8216;Volta \\u00e0s aulas presenciais \\u00e9 decis\\u00e3o m\\u00e9dica&#8217;, diz secretaria de Educa\\u00e7\\u00e3o de SP\"}}]},{\"@type\":\"Person\",\"@id\":\"https:\/\/abrelivros.org.br\/site\/#\/schema\/person\/65db80e26409802ce15ac5feec6a15fd\",\"name\":\"Reda\\u00e7\\u00e3o Abrelivros\",\"image\":{\"@type\":\"ImageObject\",\"@id\":\"https:\/\/abrelivros.org.br\/site\/#personlogo\",\"inLanguage\":\"pt-BR\",\"url\":\"https:\/\/secure.gravatar.com\/avatar\/c4e57f9c7e3482965bd428192061218520756c39080b1d1820b679fa5e9af192?s=96&d=mm&r=g\",\"caption\":\"Reda\\u00e7\\u00e3o Abrelivros\"}}]}<\/script>\n<!-- \/ Yoast SEO plugin. -->","_links":{"self":[{"href":"https:\/\/abrelivros.org.br\/site\/wp-json\/wp\/v2\/posts\/14550","targetHints":{"allow":["GET"]}}],"collection":[{"href":"https:\/\/abrelivros.org.br\/site\/wp-json\/wp\/v2\/posts"}],"about":[{"href":"https:\/\/abrelivros.org.br\/site\/wp-json\/wp\/v2\/types\/post"}],"author":[{"embeddable":true,"href":"https:\/\/abrelivros.org.br\/site\/wp-json\/wp\/v2\/users\/4"}],"replies":[{"embeddable":true,"href":"https:\/\/abrelivros.org.br\/site\/wp-json\/wp\/v2\/comments?post=14550"}],"version-history":[{"count":1,"href":"https:\/\/abrelivros.org.br\/site\/wp-json\/wp\/v2\/posts\/14550\/revisions"}],"predecessor-version":[{"id":14551,"href":"https:\/\/abrelivros.org.br\/site\/wp-json\/wp\/v2\/posts\/14550\/revisions\/14551"}],"wp:attachment":[{"href":"https:\/\/abrelivros.org.br\/site\/wp-json\/wp\/v2\/media?parent=14550"}],"wp:term":[{"taxonomy":"category","embeddable":true,"href":"https:\/\/abrelivros.org.br\/site\/wp-json\/wp\/v2\/categories?post=14550"},{"taxonomy":"post_tag","embeddable":true,"href":"https:\/\/abrelivros.org.br\/site\/wp-json\/wp\/v2\/tags?post=14550"}],"curies":[{"name":"wp","href":"https:\/\/api.w.org\/{rel}","templated":true}]}}