{"id":14546,"date":"2021-07-30T15:26:36","date_gmt":"2021-07-30T18:26:36","guid":{"rendered":"https:\/\/abrelivros.org.br\/site\/?p=14546"},"modified":"2021-07-30T15:26:36","modified_gmt":"2021-07-30T18:26:36","slug":"premio-fnde-de-educacao-reconhecera-estudos-e-pesquisas-sobre-politicas-publicas-educacionais","status":"publish","type":"post","link":"https:\/\/abrelivros.org.br\/site\/premio-fnde-de-educacao-reconhecera-estudos-e-pesquisas-sobre-politicas-publicas-educacionais\/","title":{"rendered":"Pr\u00eamio FNDE de Educa\u00e7\u00e3o reconhecer\u00e1 estudos e pesquisas sobre pol\u00edticas p\u00fablicas educacionais"},"content":{"rendered":"<p>Est\u00e3o abertas as inscri\u00e7\u00f5es para o I Pr\u00eamio Nacional de Educa\u00e7\u00e3o, uma iniciativa do Fundo Nacional de Desenvolvimento da Educa\u00e7\u00e3o (FNDE), em parceria com a Escola Nacional de Administra\u00e7\u00e3o P\u00fablica (Enap).O pr\u00eamio tem o objetivo de fomentar a realiza\u00e7\u00e3o de estudos e pesquisas sobre pol\u00edticas p\u00fablicas educacionais, em particular sobre os programas financiados pelo FNDE.<!--more--><\/p>\n<p>Marcelo Ponte, presidente do FNDE, avalia que o est\u00edmulo \u00e0 educa\u00e7\u00e3o pode ajudar a aprimorar a pr\u00f3pria educa\u00e7\u00e3o brasileira. \u201c\u00c9 isso o que queremos mostrar com esse pr\u00eamio. Incentivar os estudos cient\u00edficos sobre gest\u00e3o educacional deve auxiliar na execu\u00e7\u00e3o dos nossos programas e pode servir de base de conhecimento para tomadas de decis\u00e3o importantes\u201d, afirma Marcelo Ponte. A premia\u00e7\u00e3o se dar\u00e1 a partir da avalia\u00e7\u00e3o de artigos cient\u00edficos relacionados \u00e0s pol\u00edticas p\u00fablicas e programas educacionais do FNDE.<\/p>\n<p>A inscri\u00e7\u00e3o dos artigos vai at\u00e9 o dia 4 de outubro deste ano. Somente podem concorrer candidatos com titula\u00e7\u00e3o m\u00ednima de mestrado, conclu\u00eddo em qualquer \u00e1rea de forma\u00e7\u00e3o. Se voc\u00ea fez alguma publica\u00e7\u00e3o recente sobre os projetos e programas do FNDE <a href=\"https:\/\/enap.gov.br\/pt\/pesquisa-e-conhecimento\/concursos-e-premiacoes\/1-premio-nacional-de-educacao\" target=\"_blank\" rel=\"noopener noreferrer\">entre no site<\/a> e fa\u00e7a a sua inscri\u00e7\u00e3o.<\/p>\n<p>Regras e premia\u00e7\u00e3o<\/p>\n<p>Os temas do pr\u00eamio s\u00e3o: estrat\u00e9gias de planejamento, monitoramento de riscos, indicadores de resultado, controle social e avalia\u00e7\u00e3o de impacto.<\/p>\n<p>Os crit\u00e9rios de avalia\u00e7\u00e3o adotados pela comiss\u00e3o julgadora para a an\u00e1lise dos trabalhos s\u00e3o os seguintes:<\/p>\n<p>Originalidade de abordagem<\/p>\n<p>Clareza dos objetivos<\/p>\n<p>Adequa\u00e7\u00e3o metodol\u00f3gica<\/p>\n<p>Coer\u00eancia nas an\u00e1lises e nos resultados<\/p>\n<p>Consist\u00eancia nas discuss\u00f5es<\/p>\n<p>Coer\u00eancia da bibliografia com o tema proposto<\/p>\n<p>Estrutura\u00e7\u00e3o do texto equilibrada: organiza\u00e7\u00e3o e precis\u00e3o das partes do trabalho<\/p>\n<p>Aplicabilidade para os programas e projetos do FNDE.<\/p>\n<p>A premia\u00e7\u00e3o para os vencedores ser\u00e1 a seguinte<\/p>\n<p>1\u00ba colocado: R$ 10.000,00<\/p>\n<p>2\u00ba colocado: R$ 7.000,00<\/p>\n<p>3\u00ba colocado: R$ 5.000,00<\/p>\n<p>Certificado de men\u00e7\u00e3o honrosa para os selecionados que ficarem entre 4\u00ba e 10\u00ba colocados, observados os crit\u00e9rios definidos no<a href=\"https:\/\/repositorio.enap.gov.br\/bitstream\/1\/6491\/1\/SEI_ENAP%20-%200499913%20-%20Edital.pdf\" target=\"_blank\" rel=\"noopener noreferrer\"> regulamento do pr\u00eamio<\/a>.<\/p>\n<p>Os artigos premiados ser\u00e3o publicados em formato de livro eletr\u00f4nico com registro no ISBN e ficar\u00e3o dispon\u00edveis nos reposit\u00f3rios da Enap e FNDE.<\/p>\n<p>\u00c9 permitida a inscri\u00e7\u00e3o do artigo com mais de um autor. Em caso de coautoria, ser\u00e1 entendido como participante o autor que realizou a inscri\u00e7\u00e3o, cabendo a ele obter a autoriza\u00e7\u00e3o junto aos demais autores.<\/p>\n<p>O artigo deve ser de autoria pr\u00f3pria, podendo ser in\u00e9dito, atualizado ou publicado em meio impresso ou eletr\u00f4nico, tais como livros, revistas acad\u00eamicas e outros peri\u00f3dicos de grande circula\u00e7\u00e3o, desde que permitam sua publica\u00e7\u00e3o em formato de livro eletr\u00f4nico e disponibiliza\u00e7\u00e3o nos reposit\u00f3rios da Enap e FNDE.<\/p>\n<p>Encontre todas as informa\u00e7\u00f5es na p\u00e1gina do <a href=\"https:\/\/enap.gov.br\/pt\/pesquisa-e-conhecimento\/concursos-e-premiacoes\/1-premio-nacional-de-educacao\" target=\"_blank\" rel=\"noopener noreferrer\">Pr\u00eamio FNDE de Educa\u00e7\u00e3o<\/a>.<\/p>\n","protected":false},"excerpt":{"rendered":"<p>Est\u00e3o abertas as inscri\u00e7\u00f5es para o I Pr\u00eamio Nacional de Educa\u00e7\u00e3o, uma iniciativa do Fundo Nacional de Desenvolvimento da Educa\u00e7\u00e3o (FNDE), em parceria com a Escola Nacional de Administra\u00e7\u00e3o P\u00fablica (Enap).O pr\u00eamio tem o objetivo de fomentar a realiza\u00e7\u00e3o de estudos e pesquisas sobre pol\u00edticas p\u00fablicas educacionais, em particular sobre os programas financiados pelo FNDE.<\/p>\n","protected":false},"author":4,"featured_media":0,"comment_status":"closed","ping_status":"closed","sticky":false,"template":"","format":"standard","meta":{"footnotes":"","_links_to":"","_links_to_target":""},"categories":[9],"tags":[],"class_list":["post-14546","post","type-post","status-publish","format-standard","hentry","category-noticias-da-imprensa"],"yoast_head":"<!-- This site is optimized with the Yoast SEO plugin v15.1 - https:\/\/yoast.com\/wordpress\/plugins\/seo\/ -->\n<title>Pr\u00eamio FNDE de Educa\u00e7\u00e3o reconhecer\u00e1 estudos e pesquisas sobre pol\u00edticas p\u00fablicas educacionais &raquo; Abrelivros<\/title>\n<meta name=\"robots\" content=\"index, follow, max-snippet:-1, max-image-preview:large, max-video-preview:-1\" \/>\n<link rel=\"canonical\" href=\"https:\/\/abrelivros.org.br\/site\/premio-fnde-de-educacao-reconhecera-estudos-e-pesquisas-sobre-politicas-publicas-educacionais\/\" \/>\n<meta property=\"og:locale\" content=\"pt_BR\" \/>\n<meta property=\"og:type\" content=\"article\" \/>\n<meta property=\"og:title\" content=\"Pr\u00eamio FNDE de Educa\u00e7\u00e3o reconhecer\u00e1 estudos e pesquisas sobre pol\u00edticas p\u00fablicas educacionais &raquo; Abrelivros\" \/>\n<meta property=\"og:description\" content=\"Est\u00e3o abertas as inscri\u00e7\u00f5es para o I Pr\u00eamio Nacional de Educa\u00e7\u00e3o, uma iniciativa do Fundo Nacional de Desenvolvimento da Educa\u00e7\u00e3o (FNDE), em parceria com a Escola Nacional de Administra\u00e7\u00e3o P\u00fablica (Enap).O pr\u00eamio tem o objetivo de fomentar a realiza\u00e7\u00e3o de estudos e pesquisas sobre pol\u00edticas p\u00fablicas educacionais, em particular sobre os programas financiados pelo FNDE.\" \/>\n<meta property=\"og:url\" content=\"https:\/\/abrelivros.org.br\/site\/premio-fnde-de-educacao-reconhecera-estudos-e-pesquisas-sobre-politicas-publicas-educacionais\/\" \/>\n<meta property=\"og:site_name\" content=\"Abrelivros\" \/>\n<meta property=\"article:published_time\" content=\"2021-07-30T18:26:36+00:00\" \/>\n<meta name=\"twitter:card\" content=\"summary_large_image\" \/>\n<script type=\"application\/ld+json\" class=\"yoast-schema-graph\">{\"@context\":\"https:\/\/schema.org\",\"@graph\":[{\"@type\":\"WebSite\",\"@id\":\"https:\/\/abrelivros.org.br\/site\/#website\",\"url\":\"https:\/\/abrelivros.org.br\/site\/\",\"name\":\"Abrelivros\",\"description\":\"\",\"potentialAction\":[{\"@type\":\"SearchAction\",\"target\":\"https:\/\/abrelivros.org.br\/site\/?s={search_term_string}\",\"query-input\":\"required name=search_term_string\"}],\"inLanguage\":\"pt-BR\"},{\"@type\":\"WebPage\",\"@id\":\"https:\/\/abrelivros.org.br\/site\/premio-fnde-de-educacao-reconhecera-estudos-e-pesquisas-sobre-politicas-publicas-educacionais\/#webpage\",\"url\":\"https:\/\/abrelivros.org.br\/site\/premio-fnde-de-educacao-reconhecera-estudos-e-pesquisas-sobre-politicas-publicas-educacionais\/\",\"name\":\"Pr\\u00eamio FNDE de Educa\\u00e7\\u00e3o reconhecer\\u00e1 estudos e pesquisas sobre pol\\u00edticas p\\u00fablicas educacionais &raquo; Abrelivros\",\"isPartOf\":{\"@id\":\"https:\/\/abrelivros.org.br\/site\/#website\"},\"datePublished\":\"2021-07-30T18:26:36+00:00\",\"dateModified\":\"2021-07-30T18:26:36+00:00\",\"author\":{\"@id\":\"https:\/\/abrelivros.org.br\/site\/#\/schema\/person\/65db80e26409802ce15ac5feec6a15fd\"},\"breadcrumb\":{\"@id\":\"https:\/\/abrelivros.org.br\/site\/premio-fnde-de-educacao-reconhecera-estudos-e-pesquisas-sobre-politicas-publicas-educacionais\/#breadcrumb\"},\"inLanguage\":\"pt-BR\",\"potentialAction\":[{\"@type\":\"ReadAction\",\"target\":[\"https:\/\/abrelivros.org.br\/site\/premio-fnde-de-educacao-reconhecera-estudos-e-pesquisas-sobre-politicas-publicas-educacionais\/\"]}]},{\"@type\":\"BreadcrumbList\",\"@id\":\"https:\/\/abrelivros.org.br\/site\/premio-fnde-de-educacao-reconhecera-estudos-e-pesquisas-sobre-politicas-publicas-educacionais\/#breadcrumb\",\"itemListElement\":[{\"@type\":\"ListItem\",\"position\":1,\"item\":{\"@type\":\"WebPage\",\"@id\":\"https:\/\/abrelivros.org.br\/site\/\",\"url\":\"https:\/\/abrelivros.org.br\/site\/\",\"name\":\"In\\u00edcio\"}},{\"@type\":\"ListItem\",\"position\":2,\"item\":{\"@type\":\"WebPage\",\"@id\":\"https:\/\/abrelivros.org.br\/site\/category\/noticias\/\",\"url\":\"https:\/\/abrelivros.org.br\/site\/category\/noticias\/\",\"name\":\"Not\\u00edcias\"}},{\"@type\":\"ListItem\",\"position\":3,\"item\":{\"@type\":\"WebPage\",\"@id\":\"https:\/\/abrelivros.org.br\/site\/category\/noticias\/noticias-da-imprensa\/\",\"url\":\"https:\/\/abrelivros.org.br\/site\/category\/noticias\/noticias-da-imprensa\/\",\"name\":\"Not\\u00edcias da imprensa\"}},{\"@type\":\"ListItem\",\"position\":4,\"item\":{\"@type\":\"WebPage\",\"@id\":\"https:\/\/abrelivros.org.br\/site\/premio-fnde-de-educacao-reconhecera-estudos-e-pesquisas-sobre-politicas-publicas-educacionais\/\",\"url\":\"https:\/\/abrelivros.org.br\/site\/premio-fnde-de-educacao-reconhecera-estudos-e-pesquisas-sobre-politicas-publicas-educacionais\/\",\"name\":\"Pr\\u00eamio FNDE de Educa\\u00e7\\u00e3o reconhecer\\u00e1 estudos e pesquisas sobre pol\\u00edticas p\\u00fablicas educacionais\"}}]},{\"@type\":\"Person\",\"@id\":\"https:\/\/abrelivros.org.br\/site\/#\/schema\/person\/65db80e26409802ce15ac5feec6a15fd\",\"name\":\"Reda\\u00e7\\u00e3o Abrelivros\",\"image\":{\"@type\":\"ImageObject\",\"@id\":\"https:\/\/abrelivros.org.br\/site\/#personlogo\",\"inLanguage\":\"pt-BR\",\"url\":\"https:\/\/secure.gravatar.com\/avatar\/c4e57f9c7e3482965bd428192061218520756c39080b1d1820b679fa5e9af192?s=96&d=mm&r=g\",\"caption\":\"Reda\\u00e7\\u00e3o Abrelivros\"}}]}<\/script>\n<!-- \/ Yoast SEO plugin. -->","_links":{"self":[{"href":"https:\/\/abrelivros.org.br\/site\/wp-json\/wp\/v2\/posts\/14546","targetHints":{"allow":["GET"]}}],"collection":[{"href":"https:\/\/abrelivros.org.br\/site\/wp-json\/wp\/v2\/posts"}],"about":[{"href":"https:\/\/abrelivros.org.br\/site\/wp-json\/wp\/v2\/types\/post"}],"author":[{"embeddable":true,"href":"https:\/\/abrelivros.org.br\/site\/wp-json\/wp\/v2\/users\/4"}],"replies":[{"embeddable":true,"href":"https:\/\/abrelivros.org.br\/site\/wp-json\/wp\/v2\/comments?post=14546"}],"version-history":[{"count":1,"href":"https:\/\/abrelivros.org.br\/site\/wp-json\/wp\/v2\/posts\/14546\/revisions"}],"predecessor-version":[{"id":14547,"href":"https:\/\/abrelivros.org.br\/site\/wp-json\/wp\/v2\/posts\/14546\/revisions\/14547"}],"wp:attachment":[{"href":"https:\/\/abrelivros.org.br\/site\/wp-json\/wp\/v2\/media?parent=14546"}],"wp:term":[{"taxonomy":"category","embeddable":true,"href":"https:\/\/abrelivros.org.br\/site\/wp-json\/wp\/v2\/categories?post=14546"},{"taxonomy":"post_tag","embeddable":true,"href":"https:\/\/abrelivros.org.br\/site\/wp-json\/wp\/v2\/tags?post=14546"}],"curies":[{"name":"wp","href":"https:\/\/api.w.org\/{rel}","templated":true}]}}