{"id":14542,"date":"2021-07-30T15:09:02","date_gmt":"2021-07-30T18:09:02","guid":{"rendered":"https:\/\/abrelivros.org.br\/site\/?p=14542"},"modified":"2021-07-30T15:09:02","modified_gmt":"2021-07-30T18:09:02","slug":"84-dos-alunos-do-ensino-medio-afirmam-estudar-mais-na-escola-diz-pesquisa","status":"publish","type":"post","link":"https:\/\/abrelivros.org.br\/site\/84-dos-alunos-do-ensino-medio-afirmam-estudar-mais-na-escola-diz-pesquisa\/","title":{"rendered":"84% dos alunos do ensino m\u00e9dio afirmam estudar mais na escola, diz pesquisa"},"content":{"rendered":"<p>Pesquisa feita pela Apeoesp (Sindicato dos Professores do Estado de S\u00e3o Paulo) e o Instituto Vox Populi aponta que 84,1% dos alunos do ensino m\u00e9dio nas escolas p\u00fablicas dizem que estudam menos horas no ensino remoto do que nas aulas presenciais.<!--more--> O levantamento foi feito entre os dias 22 de junho e 8 de julho com 600 estudantes, 1.500 professores e 1.500 pais de alunos no estado.<\/p>\n<p>A dificuldade com o ensino remoto pode estar ligada com a falta de acesso \u00e0 tecnologia, principalmente por alunos pobres e de escolas p\u00fablicas. Dados da mesma pesquisa revelam que 37,5% dos estudantes t\u00eam apenas o celular para estudar.<\/p>\n<p>Computador ou notebook \u00e9 equipamento menos comum entre os alunos, j\u00e1 que 42,5% disseram que n\u00e3o possuem o item em casa.<\/p>\n<p>O aceso \u00e0 internet tem sido uma barreira durante a pandemia, segundo especialistas e pesquisas do tema. Um estudo da Undime (Uni\u00e3o Nacional dos Dirigentes Municipais de Educa\u00e7\u00e3o), lan\u00e7ada na semana passada, indicou que 25% das cidades classificaram o a conectividade dos alunos como &#8220;maior grau de dificuldade&#8221;.<\/p>\n<p>A pesquisa da Apeoesp tamb\u00e9m perguntou aos participantes se o estado ou a escola ofereceu &#8220;condi\u00e7\u00f5es de acesso a plataformas virtuais de ensino&#8221; como equipamentos, pacote de dados de internet e suporte em caso de d\u00favidas. Dos alunos, 63,2% disseram que n\u00e3o receberam nenhum tipo e apenas 10,1% recebeu ao menos uma oferta.<\/p>\n<p>Em rela\u00e7\u00e3o aos professores, 54,3% disseram n\u00e3o ter recebido nenhuma ajuda e 15% receberam alguma oferta.<\/p>\n<p>Enquanto a maioria dos alunos acredita ter estudado menos horas no online, 49,2% dos professores disseram que trabalharam por mais horas no formato remoto e 17,4% apontaram que a carga hor\u00e1ria continua igual.<\/p>\n<p>Em m\u00e9dia, segundo a pesquisa, os alunos entrevistados estudaram cerca de tr\u00eas horas por dia. Nas escolas, um dia de aula costuma durar de 4 a 5 horas.<\/p>\n<p>Professores (65,6%), pais (63,5%) e alunos (62,5%) concordaram que o ensino remoto prejudica o desempenho do estudantes. Outros 18,7% dos respons\u00e1veis afirmaram que \u00e9 indiferente o formato de estudo para o desenvolvimento do aluno.<\/p>\n<p>Para Marta Maia, gerente t\u00e9cnica do Instituto Vox, os dados do levantamento mostram na avalia\u00e7\u00e3o dos entrevistados &#8220;o ensino remoto n\u00e3o \u00e9 o ideal, mas \u00e9 a forma poss\u00edvel&#8221;.<\/p>\n<p>A margem de erro da pesquisa \u00e9 de 2,5% para mais ou para menos entre pais e professores. J\u00e1 entre os alunos, o \u00edndice \u00e9 de 4%, tamb\u00e9m para mais ou para menos.<\/p>\n<p><strong>Volta \u00e0s aulas presenciais<\/strong><\/p>\n<p>A amplia\u00e7\u00e3o das aulas presenciais est\u00e1 marcada para acontecer a partir de segunda-feira (2), o tema por\u00e9m levanta embates desde o ano passado. Para 48,3% dos alunos entrevistados, os governos estadual e municipal n\u00e3o t\u00eam oferecido nenhum apoio para que as escolas tenham condi\u00e7\u00f5es adequadas para as aulas presenciais. Al\u00e9m disso:<\/p>\n<p>39,7% dos alunos o poder p\u00fablico tem dado apoio;<\/p>\n<p>55,3% dos professores disseram que governo tem dado um tipo de apoio;<\/p>\n<p>39,4% dos pais de estudantes responderam que o estado e a Prefeitura n\u00e3o tem dado nenhum apoio.<\/p>\n<p>O medo de ser contaminado pela covid-19 com o retorno das aulas presenciais \u00e9 quase um consenso entre os tr\u00eas p\u00fablicos. 85,6% dos professores temem a infec\u00e7\u00e3o \u2014 entre os alunos esse \u00edndice \u00e9 de 76,1% dos alunos e entre os pais, 81,8% estudantes.<\/p>\n<p>Durante a apresenta\u00e7\u00e3o dos dados, a presidente da Apeoesp e deputada estadual (PT), Maria Izabel Noronha, disse que o posicionamento do sindicato continua sendo o mesmo, contr\u00e1rio ao retorno presencial neste momento. &#8220;Vamos recorrer da forma que a gente puder recorrer para que n\u00e3o tenha essa volta \u00e0s aulas.&#8221;<\/p>\n<p>Mais da metade dos professores (56,2%) e das fam\u00edlias (51,3%) desaprovam o retorno presencial das aulas neste momento. Entre os alunos, o \u00edndice ficou em 44,1%.<\/p>\n","protected":false},"excerpt":{"rendered":"<p>Pesquisa feita pela Apeoesp (Sindicato dos Professores do Estado de S\u00e3o Paulo) e o Instituto Vox Populi aponta que 84,1% dos alunos do ensino m\u00e9dio nas escolas p\u00fablicas dizem que estudam menos horas no ensino remoto do que nas aulas presenciais.<\/p>\n","protected":false},"author":4,"featured_media":0,"comment_status":"closed","ping_status":"closed","sticky":false,"template":"","format":"standard","meta":{"footnotes":"","_links_to":"","_links_to_target":""},"categories":[9],"tags":[],"class_list":["post-14542","post","type-post","status-publish","format-standard","hentry","category-noticias-da-imprensa"],"yoast_head":"<!-- This site is optimized with the Yoast SEO plugin v15.1 - https:\/\/yoast.com\/wordpress\/plugins\/seo\/ -->\n<title>84% dos alunos do ensino m\u00e9dio afirmam estudar mais na escola, diz pesquisa &raquo; Abrelivros<\/title>\n<meta name=\"robots\" content=\"index, follow, max-snippet:-1, max-image-preview:large, max-video-preview:-1\" \/>\n<link rel=\"canonical\" href=\"https:\/\/abrelivros.org.br\/site\/84-dos-alunos-do-ensino-medio-afirmam-estudar-mais-na-escola-diz-pesquisa\/\" \/>\n<meta property=\"og:locale\" content=\"pt_BR\" \/>\n<meta property=\"og:type\" content=\"article\" \/>\n<meta property=\"og:title\" content=\"84% dos alunos do ensino m\u00e9dio afirmam estudar mais na escola, diz pesquisa &raquo; Abrelivros\" \/>\n<meta property=\"og:description\" content=\"Pesquisa feita pela Apeoesp (Sindicato dos Professores do Estado de S\u00e3o Paulo) e o Instituto Vox Populi aponta que 84,1% dos alunos do ensino m\u00e9dio nas escolas p\u00fablicas dizem que estudam menos horas no ensino remoto do que nas aulas presenciais.\" \/>\n<meta property=\"og:url\" content=\"https:\/\/abrelivros.org.br\/site\/84-dos-alunos-do-ensino-medio-afirmam-estudar-mais-na-escola-diz-pesquisa\/\" \/>\n<meta property=\"og:site_name\" content=\"Abrelivros\" \/>\n<meta property=\"article:published_time\" content=\"2021-07-30T18:09:02+00:00\" \/>\n<meta name=\"twitter:card\" content=\"summary_large_image\" \/>\n<script type=\"application\/ld+json\" class=\"yoast-schema-graph\">{\"@context\":\"https:\/\/schema.org\",\"@graph\":[{\"@type\":\"WebSite\",\"@id\":\"https:\/\/abrelivros.org.br\/site\/#website\",\"url\":\"https:\/\/abrelivros.org.br\/site\/\",\"name\":\"Abrelivros\",\"description\":\"\",\"potentialAction\":[{\"@type\":\"SearchAction\",\"target\":\"https:\/\/abrelivros.org.br\/site\/?s={search_term_string}\",\"query-input\":\"required name=search_term_string\"}],\"inLanguage\":\"pt-BR\"},{\"@type\":\"WebPage\",\"@id\":\"https:\/\/abrelivros.org.br\/site\/84-dos-alunos-do-ensino-medio-afirmam-estudar-mais-na-escola-diz-pesquisa\/#webpage\",\"url\":\"https:\/\/abrelivros.org.br\/site\/84-dos-alunos-do-ensino-medio-afirmam-estudar-mais-na-escola-diz-pesquisa\/\",\"name\":\"84% dos alunos do ensino m\\u00e9dio afirmam estudar mais na escola, diz pesquisa &raquo; Abrelivros\",\"isPartOf\":{\"@id\":\"https:\/\/abrelivros.org.br\/site\/#website\"},\"datePublished\":\"2021-07-30T18:09:02+00:00\",\"dateModified\":\"2021-07-30T18:09:02+00:00\",\"author\":{\"@id\":\"https:\/\/abrelivros.org.br\/site\/#\/schema\/person\/65db80e26409802ce15ac5feec6a15fd\"},\"breadcrumb\":{\"@id\":\"https:\/\/abrelivros.org.br\/site\/84-dos-alunos-do-ensino-medio-afirmam-estudar-mais-na-escola-diz-pesquisa\/#breadcrumb\"},\"inLanguage\":\"pt-BR\",\"potentialAction\":[{\"@type\":\"ReadAction\",\"target\":[\"https:\/\/abrelivros.org.br\/site\/84-dos-alunos-do-ensino-medio-afirmam-estudar-mais-na-escola-diz-pesquisa\/\"]}]},{\"@type\":\"BreadcrumbList\",\"@id\":\"https:\/\/abrelivros.org.br\/site\/84-dos-alunos-do-ensino-medio-afirmam-estudar-mais-na-escola-diz-pesquisa\/#breadcrumb\",\"itemListElement\":[{\"@type\":\"ListItem\",\"position\":1,\"item\":{\"@type\":\"WebPage\",\"@id\":\"https:\/\/abrelivros.org.br\/site\/\",\"url\":\"https:\/\/abrelivros.org.br\/site\/\",\"name\":\"In\\u00edcio\"}},{\"@type\":\"ListItem\",\"position\":2,\"item\":{\"@type\":\"WebPage\",\"@id\":\"https:\/\/abrelivros.org.br\/site\/category\/noticias\/\",\"url\":\"https:\/\/abrelivros.org.br\/site\/category\/noticias\/\",\"name\":\"Not\\u00edcias\"}},{\"@type\":\"ListItem\",\"position\":3,\"item\":{\"@type\":\"WebPage\",\"@id\":\"https:\/\/abrelivros.org.br\/site\/category\/noticias\/noticias-da-imprensa\/\",\"url\":\"https:\/\/abrelivros.org.br\/site\/category\/noticias\/noticias-da-imprensa\/\",\"name\":\"Not\\u00edcias da imprensa\"}},{\"@type\":\"ListItem\",\"position\":4,\"item\":{\"@type\":\"WebPage\",\"@id\":\"https:\/\/abrelivros.org.br\/site\/84-dos-alunos-do-ensino-medio-afirmam-estudar-mais-na-escola-diz-pesquisa\/\",\"url\":\"https:\/\/abrelivros.org.br\/site\/84-dos-alunos-do-ensino-medio-afirmam-estudar-mais-na-escola-diz-pesquisa\/\",\"name\":\"84% dos alunos do ensino m\\u00e9dio afirmam estudar mais na escola, diz pesquisa\"}}]},{\"@type\":\"Person\",\"@id\":\"https:\/\/abrelivros.org.br\/site\/#\/schema\/person\/65db80e26409802ce15ac5feec6a15fd\",\"name\":\"Reda\\u00e7\\u00e3o Abrelivros\",\"image\":{\"@type\":\"ImageObject\",\"@id\":\"https:\/\/abrelivros.org.br\/site\/#personlogo\",\"inLanguage\":\"pt-BR\",\"url\":\"https:\/\/secure.gravatar.com\/avatar\/c4e57f9c7e3482965bd428192061218520756c39080b1d1820b679fa5e9af192?s=96&d=mm&r=g\",\"caption\":\"Reda\\u00e7\\u00e3o Abrelivros\"}}]}<\/script>\n<!-- \/ Yoast SEO plugin. -->","_links":{"self":[{"href":"https:\/\/abrelivros.org.br\/site\/wp-json\/wp\/v2\/posts\/14542","targetHints":{"allow":["GET"]}}],"collection":[{"href":"https:\/\/abrelivros.org.br\/site\/wp-json\/wp\/v2\/posts"}],"about":[{"href":"https:\/\/abrelivros.org.br\/site\/wp-json\/wp\/v2\/types\/post"}],"author":[{"embeddable":true,"href":"https:\/\/abrelivros.org.br\/site\/wp-json\/wp\/v2\/users\/4"}],"replies":[{"embeddable":true,"href":"https:\/\/abrelivros.org.br\/site\/wp-json\/wp\/v2\/comments?post=14542"}],"version-history":[{"count":1,"href":"https:\/\/abrelivros.org.br\/site\/wp-json\/wp\/v2\/posts\/14542\/revisions"}],"predecessor-version":[{"id":14543,"href":"https:\/\/abrelivros.org.br\/site\/wp-json\/wp\/v2\/posts\/14542\/revisions\/14543"}],"wp:attachment":[{"href":"https:\/\/abrelivros.org.br\/site\/wp-json\/wp\/v2\/media?parent=14542"}],"wp:term":[{"taxonomy":"category","embeddable":true,"href":"https:\/\/abrelivros.org.br\/site\/wp-json\/wp\/v2\/categories?post=14542"},{"taxonomy":"post_tag","embeddable":true,"href":"https:\/\/abrelivros.org.br\/site\/wp-json\/wp\/v2\/tags?post=14542"}],"curies":[{"name":"wp","href":"https:\/\/api.w.org\/{rel}","templated":true}]}}