{"id":14539,"date":"2021-07-29T14:24:32","date_gmt":"2021-07-29T17:24:32","guid":{"rendered":"https:\/\/abrelivros.org.br\/site\/?p=14539"},"modified":"2021-07-29T14:24:32","modified_gmt":"2021-07-29T17:24:32","slug":"centro-de-estudos-da-camara-discute-formacao-de-professores-em-tecnologias-de-informacao","status":"publish","type":"post","link":"https:\/\/abrelivros.org.br\/site\/centro-de-estudos-da-camara-discute-formacao-de-professores-em-tecnologias-de-informacao\/","title":{"rendered":"Centro de Estudos da C\u00e2mara discute forma\u00e7\u00e3o de professores em tecnologias de informa\u00e7\u00e3o"},"content":{"rendered":"<p>O Centro de Estudos e Debates Estrat\u00e9gicos (Cedes) da C\u00e2mara dos Deputados realiza debate na pr\u00f3xima quinta-feira (5) sobre a forma\u00e7\u00e3o de professores em tecnologias de informa\u00e7\u00e3o e comunica\u00e7\u00e3o (TICs).<\/p>\n<p><a href=\"https:\/\/edemocracia.camara.leg.br\/audiencias\/sala\/2101\" target=\"_blank\" rel=\"noopener noreferrer\">A audi\u00eancia ser\u00e1 \u00e0s 15 horas, em local a ser definido, e poder\u00e1 ser acompanhada pelo e-Democracia.<\/a> <!--more-->Veja tamb\u00e9m a lista de convidados para o debate.<\/p>\n<p>O objetivo da reuni\u00e3o \u00e9 apresentar informa\u00e7\u00f5es sobre diretrizes, planos e programas para forma\u00e7\u00e3o dos professores da educa\u00e7\u00e3o b\u00e1sica, com \u00eanfase nos seguintes itens:<\/p>\n<p>atualiza\u00e7\u00e3o das diretrizes curriculares dos cursos superiores de forma\u00e7\u00e3o docente para a inclus\u00e3o ou aperfei\u00e7oamento de t\u00f3picos relacionados a TICs, a metodologias de ensino inovadoras e \u00e0 cultura digital, bem como avalia\u00e7\u00f5es acerca de eventuais atualiza\u00e7\u00f5es necess\u00e1rias na Base Nacional Comum Curricular (BNCC);<\/p>\n<p>dificuldades enfrentadas por professores e gestores e pelos sistemas de ensino estaduais e municipais na forma\u00e7\u00e3o inicial e continuada para o uso de TICs na educa\u00e7\u00e3o e de metodologias de ensino inovadoras e implementa\u00e7\u00e3o da BNCC quando esta trata de cultura digital, e no desenvolvimento de TICs e metodologias de ensino inovadoras em sala de aula;<\/p>\n<p>an\u00e1lise cr\u00edtica e perspectivas das estrat\u00e9gias em andamento para a forma\u00e7\u00e3o inicial e continuada para o uso de TICs na educa\u00e7\u00e3o e de metodologias de ensino inovadoras; e<\/p>\n<p>exemplos de boas pr\u00e1ticas ou modelos de sucesso.<\/p>\n<p><strong>Educa\u00e7\u00e3o e pandemia<\/strong><\/p>\n<p>O estudo desenvolvido pelo Cedes tem como relatoras as deputadas <a href=\"https:\/\/www.camara.leg.br\/deputados\/73696\" target=\"_blank\" rel=\"noopener noreferrer\">\u00c2ngela Amin (PP-SC)<\/a> e <a href=\"https:\/\/www.camara.leg.br\/deputados\/160639\" target=\"_blank\" rel=\"noopener noreferrer\">Professora Dorinha Seabra Rezende (DEM-TO)<\/a>, tendo como foco identificar os pilares de uma pol\u00edtica nacional de tecnologia na educa\u00e7\u00e3o, a partir da elabora\u00e7\u00e3o dos fundamentos normativos da transforma\u00e7\u00e3o digital na educa\u00e7\u00e3o.<\/p>\n<p>&#8220;Acreditamos que o momento para esse estudo \u00e9 mais do que oportuno, face ao desafio da aprendizagem, \u00e0s atividades de utiliza\u00e7\u00e3o da tecnologia no processo educacional e \u00e0s grandes dificuldades de a educa\u00e7\u00e3o e as escolas lidarem com as tecnologias e com as diferentes metodologias, fatores que, agora no per\u00edodo da pandemia, colocaram-se ainda mais gritantes e ampliaram-se inclusive nas rela\u00e7\u00f5es de desigualdade&#8221;, observam as relatoras do estudo.<\/p>\n","protected":false},"excerpt":{"rendered":"<p>O Centro de Estudos e Debates Estrat\u00e9gicos (Cedes) da C\u00e2mara dos Deputados realiza debate na pr\u00f3xima quinta-feira (5) sobre a forma\u00e7\u00e3o de professores em tecnologias de informa\u00e7\u00e3o e comunica\u00e7\u00e3o (TICs). A audi\u00eancia ser\u00e1 \u00e0s 15 horas, em local a ser definido, e poder\u00e1 ser acompanhada pelo e-Democracia.<\/p>\n","protected":false},"author":4,"featured_media":0,"comment_status":"closed","ping_status":"closed","sticky":false,"template":"","format":"standard","meta":{"footnotes":"","_links_to":"","_links_to_target":""},"categories":[9],"tags":[],"class_list":["post-14539","post","type-post","status-publish","format-standard","hentry","category-noticias-da-imprensa"],"yoast_head":"<!-- This site is optimized with the Yoast SEO plugin v15.1 - https:\/\/yoast.com\/wordpress\/plugins\/seo\/ -->\n<title>Centro de Estudos da C\u00e2mara discute forma\u00e7\u00e3o de professores em tecnologias de informa\u00e7\u00e3o &raquo; Abrelivros<\/title>\n<meta name=\"robots\" content=\"index, follow, max-snippet:-1, max-image-preview:large, max-video-preview:-1\" \/>\n<link rel=\"canonical\" href=\"https:\/\/abrelivros.org.br\/site\/centro-de-estudos-da-camara-discute-formacao-de-professores-em-tecnologias-de-informacao\/\" \/>\n<meta property=\"og:locale\" content=\"pt_BR\" \/>\n<meta property=\"og:type\" content=\"article\" \/>\n<meta property=\"og:title\" content=\"Centro de Estudos da C\u00e2mara discute forma\u00e7\u00e3o de professores em tecnologias de informa\u00e7\u00e3o &raquo; Abrelivros\" \/>\n<meta property=\"og:description\" content=\"O Centro de Estudos e Debates Estrat\u00e9gicos (Cedes) da C\u00e2mara dos Deputados realiza debate na pr\u00f3xima quinta-feira (5) sobre a forma\u00e7\u00e3o de professores em tecnologias de informa\u00e7\u00e3o e comunica\u00e7\u00e3o (TICs). A audi\u00eancia ser\u00e1 \u00e0s 15 horas, em local a ser definido, e poder\u00e1 ser acompanhada pelo e-Democracia.\" \/>\n<meta property=\"og:url\" content=\"https:\/\/abrelivros.org.br\/site\/centro-de-estudos-da-camara-discute-formacao-de-professores-em-tecnologias-de-informacao\/\" \/>\n<meta property=\"og:site_name\" content=\"Abrelivros\" \/>\n<meta property=\"article:published_time\" content=\"2021-07-29T17:24:32+00:00\" \/>\n<meta name=\"twitter:card\" content=\"summary_large_image\" \/>\n<script type=\"application\/ld+json\" class=\"yoast-schema-graph\">{\"@context\":\"https:\/\/schema.org\",\"@graph\":[{\"@type\":\"WebSite\",\"@id\":\"https:\/\/abrelivros.org.br\/site\/#website\",\"url\":\"https:\/\/abrelivros.org.br\/site\/\",\"name\":\"Abrelivros\",\"description\":\"\",\"potentialAction\":[{\"@type\":\"SearchAction\",\"target\":\"https:\/\/abrelivros.org.br\/site\/?s={search_term_string}\",\"query-input\":\"required name=search_term_string\"}],\"inLanguage\":\"pt-BR\"},{\"@type\":\"WebPage\",\"@id\":\"https:\/\/abrelivros.org.br\/site\/centro-de-estudos-da-camara-discute-formacao-de-professores-em-tecnologias-de-informacao\/#webpage\",\"url\":\"https:\/\/abrelivros.org.br\/site\/centro-de-estudos-da-camara-discute-formacao-de-professores-em-tecnologias-de-informacao\/\",\"name\":\"Centro de Estudos da C\\u00e2mara discute forma\\u00e7\\u00e3o de professores em tecnologias de informa\\u00e7\\u00e3o &raquo; Abrelivros\",\"isPartOf\":{\"@id\":\"https:\/\/abrelivros.org.br\/site\/#website\"},\"datePublished\":\"2021-07-29T17:24:32+00:00\",\"dateModified\":\"2021-07-29T17:24:32+00:00\",\"author\":{\"@id\":\"https:\/\/abrelivros.org.br\/site\/#\/schema\/person\/65db80e26409802ce15ac5feec6a15fd\"},\"breadcrumb\":{\"@id\":\"https:\/\/abrelivros.org.br\/site\/centro-de-estudos-da-camara-discute-formacao-de-professores-em-tecnologias-de-informacao\/#breadcrumb\"},\"inLanguage\":\"pt-BR\",\"potentialAction\":[{\"@type\":\"ReadAction\",\"target\":[\"https:\/\/abrelivros.org.br\/site\/centro-de-estudos-da-camara-discute-formacao-de-professores-em-tecnologias-de-informacao\/\"]}]},{\"@type\":\"BreadcrumbList\",\"@id\":\"https:\/\/abrelivros.org.br\/site\/centro-de-estudos-da-camara-discute-formacao-de-professores-em-tecnologias-de-informacao\/#breadcrumb\",\"itemListElement\":[{\"@type\":\"ListItem\",\"position\":1,\"item\":{\"@type\":\"WebPage\",\"@id\":\"https:\/\/abrelivros.org.br\/site\/\",\"url\":\"https:\/\/abrelivros.org.br\/site\/\",\"name\":\"In\\u00edcio\"}},{\"@type\":\"ListItem\",\"position\":2,\"item\":{\"@type\":\"WebPage\",\"@id\":\"https:\/\/abrelivros.org.br\/site\/category\/noticias\/\",\"url\":\"https:\/\/abrelivros.org.br\/site\/category\/noticias\/\",\"name\":\"Not\\u00edcias\"}},{\"@type\":\"ListItem\",\"position\":3,\"item\":{\"@type\":\"WebPage\",\"@id\":\"https:\/\/abrelivros.org.br\/site\/category\/noticias\/noticias-da-imprensa\/\",\"url\":\"https:\/\/abrelivros.org.br\/site\/category\/noticias\/noticias-da-imprensa\/\",\"name\":\"Not\\u00edcias da imprensa\"}},{\"@type\":\"ListItem\",\"position\":4,\"item\":{\"@type\":\"WebPage\",\"@id\":\"https:\/\/abrelivros.org.br\/site\/centro-de-estudos-da-camara-discute-formacao-de-professores-em-tecnologias-de-informacao\/\",\"url\":\"https:\/\/abrelivros.org.br\/site\/centro-de-estudos-da-camara-discute-formacao-de-professores-em-tecnologias-de-informacao\/\",\"name\":\"Centro de Estudos da C\\u00e2mara discute forma\\u00e7\\u00e3o de professores em tecnologias de informa\\u00e7\\u00e3o\"}}]},{\"@type\":\"Person\",\"@id\":\"https:\/\/abrelivros.org.br\/site\/#\/schema\/person\/65db80e26409802ce15ac5feec6a15fd\",\"name\":\"Reda\\u00e7\\u00e3o Abrelivros\",\"image\":{\"@type\":\"ImageObject\",\"@id\":\"https:\/\/abrelivros.org.br\/site\/#personlogo\",\"inLanguage\":\"pt-BR\",\"url\":\"https:\/\/secure.gravatar.com\/avatar\/c4e57f9c7e3482965bd428192061218520756c39080b1d1820b679fa5e9af192?s=96&d=mm&r=g\",\"caption\":\"Reda\\u00e7\\u00e3o Abrelivros\"}}]}<\/script>\n<!-- \/ Yoast SEO plugin. -->","_links":{"self":[{"href":"https:\/\/abrelivros.org.br\/site\/wp-json\/wp\/v2\/posts\/14539","targetHints":{"allow":["GET"]}}],"collection":[{"href":"https:\/\/abrelivros.org.br\/site\/wp-json\/wp\/v2\/posts"}],"about":[{"href":"https:\/\/abrelivros.org.br\/site\/wp-json\/wp\/v2\/types\/post"}],"author":[{"embeddable":true,"href":"https:\/\/abrelivros.org.br\/site\/wp-json\/wp\/v2\/users\/4"}],"replies":[{"embeddable":true,"href":"https:\/\/abrelivros.org.br\/site\/wp-json\/wp\/v2\/comments?post=14539"}],"version-history":[{"count":1,"href":"https:\/\/abrelivros.org.br\/site\/wp-json\/wp\/v2\/posts\/14539\/revisions"}],"predecessor-version":[{"id":14540,"href":"https:\/\/abrelivros.org.br\/site\/wp-json\/wp\/v2\/posts\/14539\/revisions\/14540"}],"wp:attachment":[{"href":"https:\/\/abrelivros.org.br\/site\/wp-json\/wp\/v2\/media?parent=14539"}],"wp:term":[{"taxonomy":"category","embeddable":true,"href":"https:\/\/abrelivros.org.br\/site\/wp-json\/wp\/v2\/categories?post=14539"},{"taxonomy":"post_tag","embeddable":true,"href":"https:\/\/abrelivros.org.br\/site\/wp-json\/wp\/v2\/tags?post=14539"}],"curies":[{"name":"wp","href":"https:\/\/api.w.org\/{rel}","templated":true}]}}