{"id":14537,"date":"2021-07-29T14:17:40","date_gmt":"2021-07-29T17:17:40","guid":{"rendered":"https:\/\/abrelivros.org.br\/site\/?p=14537"},"modified":"2021-07-29T14:17:40","modified_gmt":"2021-07-29T17:17:40","slug":"edicao-2021-marca-5-anos-da-videoprova-em-libras-no-enem","status":"publish","type":"post","link":"https:\/\/abrelivros.org.br\/site\/edicao-2021-marca-5-anos-da-videoprova-em-libras-no-enem\/","title":{"rendered":"Edi\u00e7\u00e3o 2021 marca 5 anos da videoprova em Libras no Enem"},"content":{"rendered":"<p>O Exame Nacional do Ensino M\u00e9dio (Enem) 2021 traz consigo uma marca relevante para a acessibilidade. Nesta edi\u00e7\u00e3o, participantes surdos e deficientes auditivos ter\u00e3o acesso ao recurso da videoprova em L\u00edngua Brasileira de Sinais (Libras) pelo quinto ano consecutivo.<!--more--> O Instituto Nacional de Estudos e Pesquisas Educacionais An\u00edsio Teixeira (Inep) implementou a modalidade de prova na edi\u00e7\u00e3o 2017, ap\u00f3s uma s\u00e9rie de estudos em parceria com a Universidade Federal de Santa Catarina.<\/p>\n<p>Desde ent\u00e3o, o recurso \u00e9 ofertado \u00e0 comunidade surda que tem Libras como primeira l\u00edngua. Em cinco anos, mais de 5 mil pessoas realizaram o Enem por meio dessa modalidade de prova. Tamb\u00e9m em 2017, o tema da reda\u00e7\u00e3o do exame foi preponderante na amplia\u00e7\u00e3o do debate sobre o assunto. Os participantes tiveram de dissertar sobre os \u201cDesafios para a forma\u00e7\u00e3o educacional de surdos no Brasil\u201d.<\/p>\n<p><strong>Como funciona<\/strong> \u2013 Na videoprova em Libras, as quest\u00f5es e as op\u00e7\u00f5es de respostas s\u00e3o apresentadas em L\u00edngua Brasileira de Sinais por meio de um v\u00eddeo. A videoprova tem mesmo n\u00famero, ordem e valor de quest\u00f5es da prova regular, al\u00e9m da garantia de qualidade e das normas de seguran\u00e7a m\u00e1xima de todas as provas do Enem. S\u00f3 n\u00e3o s\u00e3o integralmente traduzidas para Libras as quest\u00f5es de l\u00edngua estrangeira moderna. Nessas quest\u00f5es, somente os trechos originalmente em portugu\u00eas s\u00e3o traduzidos para Libras.<\/p>\n<p>Cada participante faz a prova em um notebook. As orienta\u00e7\u00f5es, os enunciados das quest\u00f5es e as alternativas de respostas s\u00e3o apresentados em Libras por meio de v\u00eddeos gravados em DVDs. Junto com o notebook e os DVDs, o participante tamb\u00e9m recebe o Caderno de Quest\u00f5es, a Folha de Reda\u00e7\u00e3o e Cart\u00e3o-Resposta, onde deve marcar as respostas. Al\u00e9m disso, o candidato pode escolher qual \u00e1rea do conhecimento fazer primeiro e pode assistir aos v\u00eddeos na ordem que preferir. A reda\u00e7\u00e3o tamb\u00e9m deve ser escrita em portugu\u00eas, mas possui uma matriz de corre\u00e7\u00e3o espec\u00edfica, que leva em considera\u00e7\u00e3o as caracter\u00edsticas lingu\u00edsticas dessa popula\u00e7\u00e3o.<\/p>\n<p>A prova \u00e9 aplicada em ambientes especialmente preparados para garantir sigilo, autonomia e seguran\u00e7a. A sala pode ter at\u00e9 20 participantes usando o recurso, e nela atuam dois int\u00e9rpretes, tr\u00eas fiscais e um t\u00e9cnico de inform\u00e1tica. Os int\u00e9rpretes fazem a media\u00e7\u00e3o entre ouvintes e usu\u00e1rios de Libras. Esses profissionais n\u00e3o podem auxiliar os participantes na tradu\u00e7\u00e3o das quest\u00f5es da prova. Ap\u00f3s a aplica\u00e7\u00e3o, os participantes respondem a um question\u00e1rio, tamb\u00e9m em Libras, avaliando o recurso. O question\u00e1rio \u00e9 disponibilizado na P\u00e1gina do Participante e pode ser acessado ao final de cada dia de aplica\u00e7\u00e3o.<\/p>\n<p><strong>Plataforma<\/strong> \u2013 Em 2018, o Inep criou a Plataforma Videoprova em Libras, na qual a modalidade de prova pode ser acessada em interface similar \u00e0 adotada na aplica\u00e7\u00e3o. Atualmente, a plataforma \u00e9 uma ferramenta fundamental na prepara\u00e7\u00e3o dos participantes surdos e deficientes auditivos, que t\u00eam acesso aos enunciados e \u00e0s op\u00e7\u00f5es de respostas das provas. Isso permite uma prepara\u00e7\u00e3o mais adequada a esses participantes, inclusive com o acesso ao gabarito das provas dispon\u00edveis.<\/p>\n<p><strong>Enem em Libras<\/strong> \u2013 Ainda em 2018, o Instituto lan\u00e7ou o selo Enem em Libras, sob o qual s\u00e3o publicados os editais, provas, cartilhas, campanhas e demais materiais dos exames e avalia\u00e7\u00f5es, em L\u00edngua Brasileira de Sinais. Com isso, o Instituto reafirma o compromisso com a comunidade surda.<\/p>\n<p><strong>Acessibilidade<\/strong> \u2013 Desde o ano 2000, terceira edi\u00e7\u00e3o do Enem, 17 anos antes da implementa\u00e7\u00e3o da videoprova em Libras, o Inep j\u00e1 havia se operacionalizado para atender pessoas com necessidades especiais e passou a oferecer prova em braile, ampliada, aux\u00edlio para leitura e transcri\u00e7\u00e3o, al\u00e9m de tradutor\/int\u00e9rprete em L\u00edngua Brasileira de Sinais. Desde 2013, o Instituto publica os editais do Enem em Libras. A medida faz parte do conjunto de iniciativas que comp\u00f5em a Pol\u00edtica de Acessibilidade e Inclus\u00e3o do Inep, que visa ampliar as oportunidades de participa\u00e7\u00e3o da sociedade em seus exames e avalia\u00e7\u00f5es.<\/p>\n<p><strong>Acessibilidade digital<\/strong> \u2013 Na edi\u00e7\u00e3o 2021, o Enem Digital tamb\u00e9m contar\u00e1 com atendimento especializado e recursos de acessibilidade, entre eles o tradutor-int\u00e9rprete de Libras. Os participantes que tiverem pedido de atendimento aprovado poder\u00e3o realizar, por exemplo, prova ampliada e superampliada. Todos os participantes com atendimento especializado nessa vers\u00e3o do exame tamb\u00e9m contar\u00e3o com a funcionalidade de prova com contraste.<\/p>\n<p>Ainda ser\u00e1 permitido que os inscritos usem materiais pr\u00f3prios que auxiliem na realiza\u00e7\u00e3o da prova no computador, caso seja necess\u00e1rio. Tempo adicional e salas acess\u00edveis tamb\u00e9m s\u00e3o alguns dos recursos previstos no edital da modalidade digital. Com exce\u00e7\u00e3o da prova com contraste, todos esses recursos tamb\u00e9m s\u00e3o disponibilizados na vers\u00e3o impressa.<\/p>\n<p><strong>Enem 2021<\/strong> \u2013 Ao todo, 3.109.762 pessoas tiveram as inscri\u00e7\u00f5es confirmadas no Enem 2021. O n\u00famero corresponde ao total de participantes das duas vers\u00f5es do exame (impressa e digital). O Inep registrou 3.040.871 inscritos para a vers\u00e3o em papel. Para a modalidade digital, que teve as 101.100 vagas ofertadas preenchidas durante o per\u00edodo de inscri\u00e7\u00f5es, foram confirmados 68.891 participantes. As duas vers\u00f5es ser\u00e3o aplicadas nas mesmas datas: 21 e 28 de novembro. Cabe destacar que, nesta edi\u00e7\u00e3o, ambas as vers\u00f5es ter\u00e3o itens de prova iguais e mesmo tema de reda\u00e7\u00e3o.<\/p>\n<p><strong>Enem<\/strong> \u2013 O Exame Nacional do Ensino M\u00e9dio avalia o desempenho escolar dos estudantes ao t\u00e9rmino da educa\u00e7\u00e3o b\u00e1sica. Ao longo de mais de duas d\u00e9cadas de exist\u00eancia, tornou-se uma das principais portas de entrada para a educa\u00e7\u00e3o superior no Brasil, por meio do Sistema de Sele\u00e7\u00e3o Unificada (Sisu) e de iniciativas como o Programa Universidade para Todos (ProUni), ambas a\u00e7\u00f5es do Minist\u00e9rio da Educa\u00e7\u00e3o (MEC).<\/p>\n<p>Institui\u00e7\u00f5es de ensino p\u00fablicas e privadas utilizam o Enem para selecionar estudantes. Os resultados s\u00e3o usados como crit\u00e9rio \u00fanico ou complementar dos processos seletivos, al\u00e9m de servirem de par\u00e2metros para acesso a aux\u00edlios governamentais, como o proporcionado pelo Fundo de Financiamento Estudantil (Fies).<\/p>\n<p>Os resultados individuais do Enem tamb\u00e9m podem ser usados nos processos seletivos de institui\u00e7\u00f5es portuguesas que possuem conv\u00eanio com o Inep para aceitarem as notas do exame. Os acordos garantem acesso facilitado \u00e0s notas dos estudantes brasileiros interessados em cursar a educa\u00e7\u00e3o superior em Portugal.<\/p>\n<p><a href=\"http:\/\/enemvideolibras.inep.gov.br\/\" target=\"_blank\" rel=\"noopener noreferrer\">Estude pelas quest\u00f5es da videoprova em Libras<\/a><\/p>\n<p><a href=\"https:\/\/www.gov.br\/inep\/pt-br\/areas-de-atuacao\/avaliacao-e-exames-educacionais\/enem\/enem-em-libras\" target=\"_blank\" rel=\"noopener noreferrer\">Saiba mais sobre o Enem em Libras<\/a><\/p>\n<p><a href=\"https:\/\/www.youtube.com\/watch?v=lkY43sB8k8w\" target=\"_blank\" rel=\"noopener noreferrer\">Confira o edital do Enem 2021 impresso em Libras<\/a><\/p>\n<p><a href=\"https:\/\/www.youtube.com\/watch?v=G81KaR0Chj8\" target=\"_blank\" rel=\"noopener noreferrer\">Confira o edital do Enem 2021 digital em Libras<\/a><\/p>\n<p><a href=\"https:\/\/www.youtube.com\/watch?v=G81KaR0Chj8\" target=\"_blank\" rel=\"noopener noreferrer\">Confira o edital do Enem 2021 impresso<\/a><\/p>\n<p><a href=\"https:\/\/www.in.gov.br\/en\/web\/dou\/-\/edital-n-29-de-1-de-junho-de-2021-323791552\" target=\"_blank\" rel=\"noopener noreferrer\">Confira o edital do Enem 2021 digital<\/a><\/p>\n<p><a href=\"https:\/\/download.inep.gov.br\/educacao_basica\/enem\/downloads\/2021\/presskit\/Press_kit_Enem_2021.pdf\" target=\"_blank\" rel=\"noopener noreferrer\">Acesse o Press Kit do Enem 2021<\/a><\/p>\n<p><a href=\"https:\/\/enem.inep.gov.br\/participante\/#!\/\" target=\"_blank\" rel=\"noopener noreferrer\">Acesse a P\u00e1gina do Participante<\/a><\/p>\n<p><a href=\"https:\/\/www.gov.br\/inep\/pt-br\/areas-de-atuacao\/avaliacao-e-exames-educacionais\/enem\" target=\"_blank\" rel=\"noopener noreferrer\">Saiba mais sobre o Enem<\/a><\/p>\n","protected":false},"excerpt":{"rendered":"<p>O Exame Nacional do Ensino M\u00e9dio (Enem) 2021 traz consigo uma marca relevante para a acessibilidade. Nesta edi\u00e7\u00e3o, participantes surdos e deficientes auditivos ter\u00e3o acesso ao recurso da videoprova em L\u00edngua Brasileira de Sinais (Libras) pelo quinto ano consecutivo.<\/p>\n","protected":false},"author":4,"featured_media":0,"comment_status":"closed","ping_status":"closed","sticky":false,"template":"","format":"standard","meta":{"footnotes":"","_links_to":"","_links_to_target":""},"categories":[9],"tags":[],"class_list":["post-14537","post","type-post","status-publish","format-standard","hentry","category-noticias-da-imprensa"],"yoast_head":"<!-- This site is optimized with the Yoast SEO plugin v15.1 - https:\/\/yoast.com\/wordpress\/plugins\/seo\/ -->\n<title>Edi\u00e7\u00e3o 2021 marca 5 anos da videoprova em Libras no Enem &raquo; Abrelivros<\/title>\n<meta name=\"robots\" content=\"index, follow, max-snippet:-1, max-image-preview:large, max-video-preview:-1\" \/>\n<link rel=\"canonical\" href=\"https:\/\/abrelivros.org.br\/site\/edicao-2021-marca-5-anos-da-videoprova-em-libras-no-enem\/\" \/>\n<meta property=\"og:locale\" content=\"pt_BR\" \/>\n<meta property=\"og:type\" content=\"article\" \/>\n<meta property=\"og:title\" content=\"Edi\u00e7\u00e3o 2021 marca 5 anos da videoprova em Libras no Enem &raquo; Abrelivros\" \/>\n<meta property=\"og:description\" content=\"O Exame Nacional do Ensino M\u00e9dio (Enem) 2021 traz consigo uma marca relevante para a acessibilidade. Nesta edi\u00e7\u00e3o, participantes surdos e deficientes auditivos ter\u00e3o acesso ao recurso da videoprova em L\u00edngua Brasileira de Sinais (Libras) pelo quinto ano consecutivo.\" \/>\n<meta property=\"og:url\" content=\"https:\/\/abrelivros.org.br\/site\/edicao-2021-marca-5-anos-da-videoprova-em-libras-no-enem\/\" \/>\n<meta property=\"og:site_name\" content=\"Abrelivros\" \/>\n<meta property=\"article:published_time\" content=\"2021-07-29T17:17:40+00:00\" \/>\n<meta name=\"twitter:card\" content=\"summary_large_image\" \/>\n<script type=\"application\/ld+json\" class=\"yoast-schema-graph\">{\"@context\":\"https:\/\/schema.org\",\"@graph\":[{\"@type\":\"WebSite\",\"@id\":\"https:\/\/abrelivros.org.br\/site\/#website\",\"url\":\"https:\/\/abrelivros.org.br\/site\/\",\"name\":\"Abrelivros\",\"description\":\"\",\"potentialAction\":[{\"@type\":\"SearchAction\",\"target\":\"https:\/\/abrelivros.org.br\/site\/?s={search_term_string}\",\"query-input\":\"required name=search_term_string\"}],\"inLanguage\":\"pt-BR\"},{\"@type\":\"WebPage\",\"@id\":\"https:\/\/abrelivros.org.br\/site\/edicao-2021-marca-5-anos-da-videoprova-em-libras-no-enem\/#webpage\",\"url\":\"https:\/\/abrelivros.org.br\/site\/edicao-2021-marca-5-anos-da-videoprova-em-libras-no-enem\/\",\"name\":\"Edi\\u00e7\\u00e3o 2021 marca 5 anos da videoprova em Libras no Enem &raquo; Abrelivros\",\"isPartOf\":{\"@id\":\"https:\/\/abrelivros.org.br\/site\/#website\"},\"datePublished\":\"2021-07-29T17:17:40+00:00\",\"dateModified\":\"2021-07-29T17:17:40+00:00\",\"author\":{\"@id\":\"https:\/\/abrelivros.org.br\/site\/#\/schema\/person\/65db80e26409802ce15ac5feec6a15fd\"},\"breadcrumb\":{\"@id\":\"https:\/\/abrelivros.org.br\/site\/edicao-2021-marca-5-anos-da-videoprova-em-libras-no-enem\/#breadcrumb\"},\"inLanguage\":\"pt-BR\",\"potentialAction\":[{\"@type\":\"ReadAction\",\"target\":[\"https:\/\/abrelivros.org.br\/site\/edicao-2021-marca-5-anos-da-videoprova-em-libras-no-enem\/\"]}]},{\"@type\":\"BreadcrumbList\",\"@id\":\"https:\/\/abrelivros.org.br\/site\/edicao-2021-marca-5-anos-da-videoprova-em-libras-no-enem\/#breadcrumb\",\"itemListElement\":[{\"@type\":\"ListItem\",\"position\":1,\"item\":{\"@type\":\"WebPage\",\"@id\":\"https:\/\/abrelivros.org.br\/site\/\",\"url\":\"https:\/\/abrelivros.org.br\/site\/\",\"name\":\"In\\u00edcio\"}},{\"@type\":\"ListItem\",\"position\":2,\"item\":{\"@type\":\"WebPage\",\"@id\":\"https:\/\/abrelivros.org.br\/site\/category\/noticias\/\",\"url\":\"https:\/\/abrelivros.org.br\/site\/category\/noticias\/\",\"name\":\"Not\\u00edcias\"}},{\"@type\":\"ListItem\",\"position\":3,\"item\":{\"@type\":\"WebPage\",\"@id\":\"https:\/\/abrelivros.org.br\/site\/category\/noticias\/noticias-da-imprensa\/\",\"url\":\"https:\/\/abrelivros.org.br\/site\/category\/noticias\/noticias-da-imprensa\/\",\"name\":\"Not\\u00edcias da imprensa\"}},{\"@type\":\"ListItem\",\"position\":4,\"item\":{\"@type\":\"WebPage\",\"@id\":\"https:\/\/abrelivros.org.br\/site\/edicao-2021-marca-5-anos-da-videoprova-em-libras-no-enem\/\",\"url\":\"https:\/\/abrelivros.org.br\/site\/edicao-2021-marca-5-anos-da-videoprova-em-libras-no-enem\/\",\"name\":\"Edi\\u00e7\\u00e3o 2021 marca 5 anos da videoprova em Libras no Enem\"}}]},{\"@type\":\"Person\",\"@id\":\"https:\/\/abrelivros.org.br\/site\/#\/schema\/person\/65db80e26409802ce15ac5feec6a15fd\",\"name\":\"Reda\\u00e7\\u00e3o Abrelivros\",\"image\":{\"@type\":\"ImageObject\",\"@id\":\"https:\/\/abrelivros.org.br\/site\/#personlogo\",\"inLanguage\":\"pt-BR\",\"url\":\"https:\/\/secure.gravatar.com\/avatar\/c4e57f9c7e3482965bd428192061218520756c39080b1d1820b679fa5e9af192?s=96&d=mm&r=g\",\"caption\":\"Reda\\u00e7\\u00e3o Abrelivros\"}}]}<\/script>\n<!-- \/ Yoast SEO plugin. -->","_links":{"self":[{"href":"https:\/\/abrelivros.org.br\/site\/wp-json\/wp\/v2\/posts\/14537","targetHints":{"allow":["GET"]}}],"collection":[{"href":"https:\/\/abrelivros.org.br\/site\/wp-json\/wp\/v2\/posts"}],"about":[{"href":"https:\/\/abrelivros.org.br\/site\/wp-json\/wp\/v2\/types\/post"}],"author":[{"embeddable":true,"href":"https:\/\/abrelivros.org.br\/site\/wp-json\/wp\/v2\/users\/4"}],"replies":[{"embeddable":true,"href":"https:\/\/abrelivros.org.br\/site\/wp-json\/wp\/v2\/comments?post=14537"}],"version-history":[{"count":1,"href":"https:\/\/abrelivros.org.br\/site\/wp-json\/wp\/v2\/posts\/14537\/revisions"}],"predecessor-version":[{"id":14538,"href":"https:\/\/abrelivros.org.br\/site\/wp-json\/wp\/v2\/posts\/14537\/revisions\/14538"}],"wp:attachment":[{"href":"https:\/\/abrelivros.org.br\/site\/wp-json\/wp\/v2\/media?parent=14537"}],"wp:term":[{"taxonomy":"category","embeddable":true,"href":"https:\/\/abrelivros.org.br\/site\/wp-json\/wp\/v2\/categories?post=14537"},{"taxonomy":"post_tag","embeddable":true,"href":"https:\/\/abrelivros.org.br\/site\/wp-json\/wp\/v2\/tags?post=14537"}],"curies":[{"name":"wp","href":"https:\/\/api.w.org\/{rel}","templated":true}]}}