{"id":14533,"date":"2021-07-28T15:54:51","date_gmt":"2021-07-28T18:54:51","guid":{"rendered":"https:\/\/abrelivros.org.br\/site\/?p=14533"},"modified":"2021-07-28T15:54:51","modified_gmt":"2021-07-28T18:54:51","slug":"enquanto-o-volume-acumulado-entre-maio-de-2020-e-2021cresceu-86-entre-os-meses-de-junho-no-mesmo-periodo-o-crescimento-foi-de-46","status":"publish","type":"post","link":"https:\/\/abrelivros.org.br\/site\/enquanto-o-volume-acumulado-entre-maio-de-2020-e-2021cresceu-86-entre-os-meses-de-junho-no-mesmo-periodo-o-crescimento-foi-de-46\/","title":{"rendered":"Enquanto o volume acumulado, entre maio de 2020 e 2021,cresceu 86%, entre os meses de junho, no mesmo per\u00edodo, o crescimento foi de 46%."},"content":{"rendered":"<p>A GFK, em parceria com a Associa\u00e7\u00e3o Nacional de Livrarias-ANL, disponibiliza mensalmente o retrato sobre o comportamento do varejo no mercado do livro no Brasil.<!--more--> A Associa\u00e7\u00e3o Nacional de Livrarias \u2013 ANL e a GFK, uma das empresas l\u00edderes em Intelig\u00eancia de Mercado no mundo disponibiliza mensalmente, pelo site da ANL, um retrato sobre o comportamento do varejo no mercado do livro no Brasil.<\/p>\n<p><strong>Maio 2021 Resumo:<\/strong><\/p>\n<p>\u2713 O volume cresceu 86% no ano acumulado (Maio 21 vs Maio 20) enquanto o pre\u00e7o m\u00e9dio cai 2% e o faturamento cresceu 82%.<br \/>\n\u2713 O patamar de descontos sofreu aumento em maio e chegou a 19,2%, patamar superior aos 20,8% registrados no ano passado<br \/>\n. \u2713 Concurso P\u00fablico e Literatura Estrangeira foram os g\u00eaneros com destaque positivo. Did\u00e1ticos e Dicion\u00e1rios foram os negativos.<\/p>\n<p><strong>Junho 2021 Resumo:<\/strong><\/p>\n<p>\u2713 O volume cresceu 43% no ano acumulado (Junho 21 vs Junho 20) enquanto o pre\u00e7o m\u00e9dio cai 6% e o faturamento cresceu 33%.<br \/>\n\u2713 O patamar de descontos sofreu aumento em junho e chegou a 22,2%, patamar superior aos 18,3% registrados no ano passado.<br \/>\n\u2713 Concurso P\u00fablico e Literatura Estrangeira foram os g\u00eaneros com destaque positivo. Did\u00e1ticos e Dicion\u00e1rios foram os negativos.<\/p>\n<p>Per\u00edodo da pesquisa &#8211; O calend\u00e1rio utiliza as semanas Gfk<br \/>\nPodendo ocorrer algumas altera\u00e7\u00f5es de dias em algumas semanas<\/p>\n<p>Maio de 2021 = de 03 de maio a 06 de junho<br \/>\nMaio de 2020 = de 27 de abril a 31 de maio<\/p>\n<p>Junho de 2021 = de 07 de junho a 04 de julho<br \/>\nJunho de 2020 = de 01 a 28 de junho<\/p>\n<p><strong>Relat\u00f3rio completo<\/strong>: (<a href=\"https:\/\/www.anl.org.br\/docs\/GfK-Mercado_de_Livros_Junho2021_com_resumodeMaio_ANL.pdf\" target=\"_blank\" rel=\"noopener noreferrer\">Clique aqui<\/a>)<\/p>\n<p><strong>Mais informa\u00e7\u00f5es:<\/strong> <a href=\"https:\/\/www.anl.org.br\/v1\/numeros-do-setor\/\" target=\"_blank\" rel=\"noopener noreferrer\">https:\/\/www.anl.org.br\/v1\/numeros-do-setor\/<\/a><\/p>\n<p>Imprensa ANL: MGA Comunica\u00e7\u00f5es \u2014 Marilu Amara<br \/>\nl Celular_ WhatsApp (11) 9 9127 5268 \u2014 e-mail: imprensa@anl.org.br<br \/>\nwww.anl.org.br \u2013 <a href=\"https:\/\/www.facebook.com\/livrarias.anl\/-\" target=\"_blank\" rel=\"noopener noreferrer\">https:\/\/www.facebook.com\/livrarias.anl\/- instagram @livrariasanl<\/a><\/p>\n","protected":false},"excerpt":{"rendered":"<p>A GFK, em parceria com a Associa\u00e7\u00e3o Nacional de Livrarias-ANL, disponibiliza mensalmente o retrato sobre o comportamento do varejo no mercado do livro no Brasil.<\/p>\n","protected":false},"author":4,"featured_media":0,"comment_status":"closed","ping_status":"closed","sticky":false,"template":"","format":"standard","meta":{"footnotes":"","_links_to":"","_links_to_target":""},"categories":[9],"tags":[],"class_list":["post-14533","post","type-post","status-publish","format-standard","hentry","category-noticias-da-imprensa"],"yoast_head":"<!-- This site is optimized with the Yoast SEO plugin v15.1 - https:\/\/yoast.com\/wordpress\/plugins\/seo\/ -->\n<title>Enquanto o volume acumulado, entre maio de 2020 e 2021,cresceu 86%, entre os meses de junho, no mesmo per\u00edodo, o crescimento foi de 46%. &raquo; Abrelivros<\/title>\n<meta name=\"robots\" content=\"index, follow, max-snippet:-1, max-image-preview:large, max-video-preview:-1\" \/>\n<link rel=\"canonical\" href=\"https:\/\/abrelivros.org.br\/site\/enquanto-o-volume-acumulado-entre-maio-de-2020-e-2021cresceu-86-entre-os-meses-de-junho-no-mesmo-periodo-o-crescimento-foi-de-46\/\" \/>\n<meta property=\"og:locale\" content=\"pt_BR\" \/>\n<meta property=\"og:type\" content=\"article\" \/>\n<meta property=\"og:title\" content=\"Enquanto o volume acumulado, entre maio de 2020 e 2021,cresceu 86%, entre os meses de junho, no mesmo per\u00edodo, o crescimento foi de 46%. &raquo; Abrelivros\" \/>\n<meta property=\"og:description\" content=\"A GFK, em parceria com a Associa\u00e7\u00e3o Nacional de Livrarias-ANL, disponibiliza mensalmente o retrato sobre o comportamento do varejo no mercado do livro no Brasil.\" \/>\n<meta property=\"og:url\" content=\"https:\/\/abrelivros.org.br\/site\/enquanto-o-volume-acumulado-entre-maio-de-2020-e-2021cresceu-86-entre-os-meses-de-junho-no-mesmo-periodo-o-crescimento-foi-de-46\/\" \/>\n<meta property=\"og:site_name\" content=\"Abrelivros\" \/>\n<meta property=\"article:published_time\" content=\"2021-07-28T18:54:51+00:00\" \/>\n<meta name=\"twitter:card\" content=\"summary_large_image\" \/>\n<script type=\"application\/ld+json\" class=\"yoast-schema-graph\">{\"@context\":\"https:\/\/schema.org\",\"@graph\":[{\"@type\":\"WebSite\",\"@id\":\"https:\/\/abrelivros.org.br\/site\/#website\",\"url\":\"https:\/\/abrelivros.org.br\/site\/\",\"name\":\"Abrelivros\",\"description\":\"\",\"potentialAction\":[{\"@type\":\"SearchAction\",\"target\":\"https:\/\/abrelivros.org.br\/site\/?s={search_term_string}\",\"query-input\":\"required name=search_term_string\"}],\"inLanguage\":\"pt-BR\"},{\"@type\":\"WebPage\",\"@id\":\"https:\/\/abrelivros.org.br\/site\/enquanto-o-volume-acumulado-entre-maio-de-2020-e-2021cresceu-86-entre-os-meses-de-junho-no-mesmo-periodo-o-crescimento-foi-de-46\/#webpage\",\"url\":\"https:\/\/abrelivros.org.br\/site\/enquanto-o-volume-acumulado-entre-maio-de-2020-e-2021cresceu-86-entre-os-meses-de-junho-no-mesmo-periodo-o-crescimento-foi-de-46\/\",\"name\":\"Enquanto o volume acumulado, entre maio de 2020 e 2021,cresceu 86%, entre os meses de junho, no mesmo per\\u00edodo, o crescimento foi de 46%. &raquo; Abrelivros\",\"isPartOf\":{\"@id\":\"https:\/\/abrelivros.org.br\/site\/#website\"},\"datePublished\":\"2021-07-28T18:54:51+00:00\",\"dateModified\":\"2021-07-28T18:54:51+00:00\",\"author\":{\"@id\":\"https:\/\/abrelivros.org.br\/site\/#\/schema\/person\/65db80e26409802ce15ac5feec6a15fd\"},\"breadcrumb\":{\"@id\":\"https:\/\/abrelivros.org.br\/site\/enquanto-o-volume-acumulado-entre-maio-de-2020-e-2021cresceu-86-entre-os-meses-de-junho-no-mesmo-periodo-o-crescimento-foi-de-46\/#breadcrumb\"},\"inLanguage\":\"pt-BR\",\"potentialAction\":[{\"@type\":\"ReadAction\",\"target\":[\"https:\/\/abrelivros.org.br\/site\/enquanto-o-volume-acumulado-entre-maio-de-2020-e-2021cresceu-86-entre-os-meses-de-junho-no-mesmo-periodo-o-crescimento-foi-de-46\/\"]}]},{\"@type\":\"BreadcrumbList\",\"@id\":\"https:\/\/abrelivros.org.br\/site\/enquanto-o-volume-acumulado-entre-maio-de-2020-e-2021cresceu-86-entre-os-meses-de-junho-no-mesmo-periodo-o-crescimento-foi-de-46\/#breadcrumb\",\"itemListElement\":[{\"@type\":\"ListItem\",\"position\":1,\"item\":{\"@type\":\"WebPage\",\"@id\":\"https:\/\/abrelivros.org.br\/site\/\",\"url\":\"https:\/\/abrelivros.org.br\/site\/\",\"name\":\"In\\u00edcio\"}},{\"@type\":\"ListItem\",\"position\":2,\"item\":{\"@type\":\"WebPage\",\"@id\":\"https:\/\/abrelivros.org.br\/site\/category\/noticias\/\",\"url\":\"https:\/\/abrelivros.org.br\/site\/category\/noticias\/\",\"name\":\"Not\\u00edcias\"}},{\"@type\":\"ListItem\",\"position\":3,\"item\":{\"@type\":\"WebPage\",\"@id\":\"https:\/\/abrelivros.org.br\/site\/category\/noticias\/noticias-da-imprensa\/\",\"url\":\"https:\/\/abrelivros.org.br\/site\/category\/noticias\/noticias-da-imprensa\/\",\"name\":\"Not\\u00edcias da imprensa\"}},{\"@type\":\"ListItem\",\"position\":4,\"item\":{\"@type\":\"WebPage\",\"@id\":\"https:\/\/abrelivros.org.br\/site\/enquanto-o-volume-acumulado-entre-maio-de-2020-e-2021cresceu-86-entre-os-meses-de-junho-no-mesmo-periodo-o-crescimento-foi-de-46\/\",\"url\":\"https:\/\/abrelivros.org.br\/site\/enquanto-o-volume-acumulado-entre-maio-de-2020-e-2021cresceu-86-entre-os-meses-de-junho-no-mesmo-periodo-o-crescimento-foi-de-46\/\",\"name\":\"Enquanto o volume acumulado, entre maio de 2020 e 2021,cresceu 86%, entre os meses de junho, no mesmo per\\u00edodo, o crescimento foi de 46%.\"}}]},{\"@type\":\"Person\",\"@id\":\"https:\/\/abrelivros.org.br\/site\/#\/schema\/person\/65db80e26409802ce15ac5feec6a15fd\",\"name\":\"Reda\\u00e7\\u00e3o Abrelivros\",\"image\":{\"@type\":\"ImageObject\",\"@id\":\"https:\/\/abrelivros.org.br\/site\/#personlogo\",\"inLanguage\":\"pt-BR\",\"url\":\"https:\/\/secure.gravatar.com\/avatar\/c4e57f9c7e3482965bd428192061218520756c39080b1d1820b679fa5e9af192?s=96&d=mm&r=g\",\"caption\":\"Reda\\u00e7\\u00e3o Abrelivros\"}}]}<\/script>\n<!-- \/ Yoast SEO plugin. -->","_links":{"self":[{"href":"https:\/\/abrelivros.org.br\/site\/wp-json\/wp\/v2\/posts\/14533","targetHints":{"allow":["GET"]}}],"collection":[{"href":"https:\/\/abrelivros.org.br\/site\/wp-json\/wp\/v2\/posts"}],"about":[{"href":"https:\/\/abrelivros.org.br\/site\/wp-json\/wp\/v2\/types\/post"}],"author":[{"embeddable":true,"href":"https:\/\/abrelivros.org.br\/site\/wp-json\/wp\/v2\/users\/4"}],"replies":[{"embeddable":true,"href":"https:\/\/abrelivros.org.br\/site\/wp-json\/wp\/v2\/comments?post=14533"}],"version-history":[{"count":1,"href":"https:\/\/abrelivros.org.br\/site\/wp-json\/wp\/v2\/posts\/14533\/revisions"}],"predecessor-version":[{"id":14534,"href":"https:\/\/abrelivros.org.br\/site\/wp-json\/wp\/v2\/posts\/14533\/revisions\/14534"}],"wp:attachment":[{"href":"https:\/\/abrelivros.org.br\/site\/wp-json\/wp\/v2\/media?parent=14533"}],"wp:term":[{"taxonomy":"category","embeddable":true,"href":"https:\/\/abrelivros.org.br\/site\/wp-json\/wp\/v2\/categories?post=14533"},{"taxonomy":"post_tag","embeddable":true,"href":"https:\/\/abrelivros.org.br\/site\/wp-json\/wp\/v2\/tags?post=14533"}],"curies":[{"name":"wp","href":"https:\/\/api.w.org\/{rel}","templated":true}]}}