{"id":14531,"date":"2021-07-28T15:51:02","date_gmt":"2021-07-28T18:51:02","guid":{"rendered":"https:\/\/abrelivros.org.br\/site\/?p=14531"},"modified":"2021-07-28T15:51:02","modified_gmt":"2021-07-28T18:51:02","slug":"com-vacinacao-de-profissionais-da-educacao-volta-as-aulas-presenciais-e-urgente","status":"publish","type":"post","link":"https:\/\/abrelivros.org.br\/site\/com-vacinacao-de-profissionais-da-educacao-volta-as-aulas-presenciais-e-urgente\/","title":{"rendered":"Com vacina\u00e7\u00e3o de profissionais da educa\u00e7\u00e3o, volta \u00e0s aulas presenciais \u00e9 urgente"},"content":{"rendered":"<p>Conforme dados do Minist\u00e9rio da Sa\u00fade, o processo de vacina\u00e7\u00e3o contra a Covid-19 da primeira dose dos profissionais ligados a educa\u00e7\u00e3o b\u00e1sica e superior, nos estados e no Distrito Federal, atingiu praticamente 100%. Entre os vacinados, est\u00e3o professores, diretores e todos os funcion\u00e1rios que trabalham para o funcionamento das escolas e universidades.<!--more--><\/p>\n<p>Em outubro do ano passado, o ministro da Educa\u00e7\u00e3o, Milton Ribeiro, havia solicitado a inclus\u00e3o dos trabalhadores da educa\u00e7\u00e3o no grupo priorit\u00e1rio, a fim de garantir o retorno ao presencial de forma segura.<\/p>\n<p>Na \u00faltima ter\u00e7a-feira (20), o ministro Milton defendeu, durante pronunciamento em rede nacional, o retorno ao presencial. Ele afirmou que a medida n\u00e3o pode mais ser adiada. \u201cQuero conclam\u00e1-los ao retorno \u00e0s aulas presenciais. O Brasil n\u00e3o pode continuar com as escolas fechadas, gerando impactos negativos nesta e nas futuras gera\u00e7\u00f5es\u201d, afirmou.<\/p>\n<p>De acordo com Ribeiro, estudos de organismos internacionais indicam que o fechamento das escolas, por per\u00edodos longos, pode provocar consequ\u00eancias graves, como perda de aprendizagem e aumento do abandono escolar.<\/p>\n<p>A vacina\u00e7\u00e3o desse grupo priorit\u00e1rio, j\u00e1 soma mais de 3,2 milh\u00f5es de profissionais da educa\u00e7\u00e3o b\u00e1sica vacinados, com a primeira dose, e mais de 518 mil com esquema vacinal completo ou vacina de dose \u00fanica. Entre os profissionais da educa\u00e7\u00e3o superior, mais de 340 mil j\u00e1 tomaram uma dose e mais de 30 mil est\u00e3o imunizados com as duas doses ou com a \u00fanica. Os dados s\u00e3o da plataforma LocalizaSUS, do Minist\u00e9rio da Sa\u00fade.<\/p>\n<p><strong>Volta \u00e0s aulas<\/strong><\/p>\n<p>Conforme explicado pelo ministro Milton Ribeiro, durante o pronunciamento, a decis\u00e3o sobre o fechamento e abertura das escolas n\u00e3o \u00e9 do governo federal e dever obedecer \u00e0s restri\u00e7\u00f5es sanit\u00e1rias de cada localidade, tanto nas institui\u00e7\u00f5es de ensino b\u00e1sico, quanto nas de superior. Considerando a heterogeneidade do comportamento da pandemia no pa\u00eds.<\/p>\n<p>O Minist\u00e9rio da Educa\u00e7\u00e3o j\u00e1 investiu mais de R$ 1,7 bilh\u00e3o para o enfrentamento da covid-19 no setor, criou um protocolo de biosseguran\u00e7a e, ainda, garantiu que o planejamento de cada unidade e o retorno das atividades presenciais tenha aux\u00edlio do MEC.<\/p>\n<p>&nbsp;<\/p>\n","protected":false},"excerpt":{"rendered":"<p>Conforme dados do Minist\u00e9rio da Sa\u00fade, o processo de vacina\u00e7\u00e3o contra a Covid-19 da primeira dose dos profissionais ligados a educa\u00e7\u00e3o b\u00e1sica e superior, nos estados e no Distrito Federal, atingiu praticamente 100%. Entre os vacinados, est\u00e3o professores, diretores e todos os funcion\u00e1rios que trabalham para o funcionamento das escolas e universidades.<\/p>\n","protected":false},"author":4,"featured_media":0,"comment_status":"closed","ping_status":"closed","sticky":false,"template":"","format":"standard","meta":{"footnotes":"","_links_to":"","_links_to_target":""},"categories":[9],"tags":[],"class_list":["post-14531","post","type-post","status-publish","format-standard","hentry","category-noticias-da-imprensa"],"yoast_head":"<!-- This site is optimized with the Yoast SEO plugin v15.1 - https:\/\/yoast.com\/wordpress\/plugins\/seo\/ -->\n<title>Com vacina\u00e7\u00e3o de profissionais da educa\u00e7\u00e3o, volta \u00e0s aulas presenciais \u00e9 urgente &raquo; Abrelivros<\/title>\n<meta name=\"robots\" content=\"index, follow, max-snippet:-1, max-image-preview:large, max-video-preview:-1\" \/>\n<link rel=\"canonical\" href=\"https:\/\/abrelivros.org.br\/site\/com-vacinacao-de-profissionais-da-educacao-volta-as-aulas-presenciais-e-urgente\/\" \/>\n<meta property=\"og:locale\" content=\"pt_BR\" \/>\n<meta property=\"og:type\" content=\"article\" \/>\n<meta property=\"og:title\" content=\"Com vacina\u00e7\u00e3o de profissionais da educa\u00e7\u00e3o, volta \u00e0s aulas presenciais \u00e9 urgente &raquo; Abrelivros\" \/>\n<meta property=\"og:description\" content=\"Conforme dados do Minist\u00e9rio da Sa\u00fade, o processo de vacina\u00e7\u00e3o contra a Covid-19 da primeira dose dos profissionais ligados a educa\u00e7\u00e3o b\u00e1sica e superior, nos estados e no Distrito Federal, atingiu praticamente 100%. Entre os vacinados, est\u00e3o professores, diretores e todos os funcion\u00e1rios que trabalham para o funcionamento das escolas e universidades.\" \/>\n<meta property=\"og:url\" content=\"https:\/\/abrelivros.org.br\/site\/com-vacinacao-de-profissionais-da-educacao-volta-as-aulas-presenciais-e-urgente\/\" \/>\n<meta property=\"og:site_name\" content=\"Abrelivros\" \/>\n<meta property=\"article:published_time\" content=\"2021-07-28T18:51:02+00:00\" \/>\n<meta name=\"twitter:card\" content=\"summary_large_image\" \/>\n<script type=\"application\/ld+json\" class=\"yoast-schema-graph\">{\"@context\":\"https:\/\/schema.org\",\"@graph\":[{\"@type\":\"WebSite\",\"@id\":\"https:\/\/abrelivros.org.br\/site\/#website\",\"url\":\"https:\/\/abrelivros.org.br\/site\/\",\"name\":\"Abrelivros\",\"description\":\"\",\"potentialAction\":[{\"@type\":\"SearchAction\",\"target\":\"https:\/\/abrelivros.org.br\/site\/?s={search_term_string}\",\"query-input\":\"required name=search_term_string\"}],\"inLanguage\":\"pt-BR\"},{\"@type\":\"WebPage\",\"@id\":\"https:\/\/abrelivros.org.br\/site\/com-vacinacao-de-profissionais-da-educacao-volta-as-aulas-presenciais-e-urgente\/#webpage\",\"url\":\"https:\/\/abrelivros.org.br\/site\/com-vacinacao-de-profissionais-da-educacao-volta-as-aulas-presenciais-e-urgente\/\",\"name\":\"Com vacina\\u00e7\\u00e3o de profissionais da educa\\u00e7\\u00e3o, volta \\u00e0s aulas presenciais \\u00e9 urgente &raquo; Abrelivros\",\"isPartOf\":{\"@id\":\"https:\/\/abrelivros.org.br\/site\/#website\"},\"datePublished\":\"2021-07-28T18:51:02+00:00\",\"dateModified\":\"2021-07-28T18:51:02+00:00\",\"author\":{\"@id\":\"https:\/\/abrelivros.org.br\/site\/#\/schema\/person\/65db80e26409802ce15ac5feec6a15fd\"},\"breadcrumb\":{\"@id\":\"https:\/\/abrelivros.org.br\/site\/com-vacinacao-de-profissionais-da-educacao-volta-as-aulas-presenciais-e-urgente\/#breadcrumb\"},\"inLanguage\":\"pt-BR\",\"potentialAction\":[{\"@type\":\"ReadAction\",\"target\":[\"https:\/\/abrelivros.org.br\/site\/com-vacinacao-de-profissionais-da-educacao-volta-as-aulas-presenciais-e-urgente\/\"]}]},{\"@type\":\"BreadcrumbList\",\"@id\":\"https:\/\/abrelivros.org.br\/site\/com-vacinacao-de-profissionais-da-educacao-volta-as-aulas-presenciais-e-urgente\/#breadcrumb\",\"itemListElement\":[{\"@type\":\"ListItem\",\"position\":1,\"item\":{\"@type\":\"WebPage\",\"@id\":\"https:\/\/abrelivros.org.br\/site\/\",\"url\":\"https:\/\/abrelivros.org.br\/site\/\",\"name\":\"In\\u00edcio\"}},{\"@type\":\"ListItem\",\"position\":2,\"item\":{\"@type\":\"WebPage\",\"@id\":\"https:\/\/abrelivros.org.br\/site\/category\/noticias\/\",\"url\":\"https:\/\/abrelivros.org.br\/site\/category\/noticias\/\",\"name\":\"Not\\u00edcias\"}},{\"@type\":\"ListItem\",\"position\":3,\"item\":{\"@type\":\"WebPage\",\"@id\":\"https:\/\/abrelivros.org.br\/site\/category\/noticias\/noticias-da-imprensa\/\",\"url\":\"https:\/\/abrelivros.org.br\/site\/category\/noticias\/noticias-da-imprensa\/\",\"name\":\"Not\\u00edcias da imprensa\"}},{\"@type\":\"ListItem\",\"position\":4,\"item\":{\"@type\":\"WebPage\",\"@id\":\"https:\/\/abrelivros.org.br\/site\/com-vacinacao-de-profissionais-da-educacao-volta-as-aulas-presenciais-e-urgente\/\",\"url\":\"https:\/\/abrelivros.org.br\/site\/com-vacinacao-de-profissionais-da-educacao-volta-as-aulas-presenciais-e-urgente\/\",\"name\":\"Com vacina\\u00e7\\u00e3o de profissionais da educa\\u00e7\\u00e3o, volta \\u00e0s aulas presenciais \\u00e9 urgente\"}}]},{\"@type\":\"Person\",\"@id\":\"https:\/\/abrelivros.org.br\/site\/#\/schema\/person\/65db80e26409802ce15ac5feec6a15fd\",\"name\":\"Reda\\u00e7\\u00e3o Abrelivros\",\"image\":{\"@type\":\"ImageObject\",\"@id\":\"https:\/\/abrelivros.org.br\/site\/#personlogo\",\"inLanguage\":\"pt-BR\",\"url\":\"https:\/\/secure.gravatar.com\/avatar\/c4e57f9c7e3482965bd428192061218520756c39080b1d1820b679fa5e9af192?s=96&d=mm&r=g\",\"caption\":\"Reda\\u00e7\\u00e3o Abrelivros\"}}]}<\/script>\n<!-- \/ Yoast SEO plugin. -->","_links":{"self":[{"href":"https:\/\/abrelivros.org.br\/site\/wp-json\/wp\/v2\/posts\/14531","targetHints":{"allow":["GET"]}}],"collection":[{"href":"https:\/\/abrelivros.org.br\/site\/wp-json\/wp\/v2\/posts"}],"about":[{"href":"https:\/\/abrelivros.org.br\/site\/wp-json\/wp\/v2\/types\/post"}],"author":[{"embeddable":true,"href":"https:\/\/abrelivros.org.br\/site\/wp-json\/wp\/v2\/users\/4"}],"replies":[{"embeddable":true,"href":"https:\/\/abrelivros.org.br\/site\/wp-json\/wp\/v2\/comments?post=14531"}],"version-history":[{"count":1,"href":"https:\/\/abrelivros.org.br\/site\/wp-json\/wp\/v2\/posts\/14531\/revisions"}],"predecessor-version":[{"id":14532,"href":"https:\/\/abrelivros.org.br\/site\/wp-json\/wp\/v2\/posts\/14531\/revisions\/14532"}],"wp:attachment":[{"href":"https:\/\/abrelivros.org.br\/site\/wp-json\/wp\/v2\/media?parent=14531"}],"wp:term":[{"taxonomy":"category","embeddable":true,"href":"https:\/\/abrelivros.org.br\/site\/wp-json\/wp\/v2\/categories?post=14531"},{"taxonomy":"post_tag","embeddable":true,"href":"https:\/\/abrelivros.org.br\/site\/wp-json\/wp\/v2\/tags?post=14531"}],"curies":[{"name":"wp","href":"https:\/\/api.w.org\/{rel}","templated":true}]}}