{"id":14529,"date":"2021-07-28T15:49:44","date_gmt":"2021-07-28T18:49:44","guid":{"rendered":"https:\/\/abrelivros.org.br\/site\/?p=14529"},"modified":"2021-07-28T15:49:44","modified_gmt":"2021-07-28T18:49:44","slug":"conheca-as-principais-acoes-do-mec-na-educacao-infantil-e-na-alfabetizacao-do-ultimo-ano","status":"publish","type":"post","link":"https:\/\/abrelivros.org.br\/site\/conheca-as-principais-acoes-do-mec-na-educacao-infantil-e-na-alfabetizacao-do-ultimo-ano\/","title":{"rendered":"Conhe\u00e7a as principais a\u00e7\u00f5es do MEC na educa\u00e7\u00e3o infantil e na alfabetiza\u00e7\u00e3o do \u00faltimo ano"},"content":{"rendered":"<p>O Minist\u00e9rio da Educa\u00e7\u00e3o (MEC) promoveu, no \u00faltimo ano, diversas a\u00e7\u00f5es de fomento e prioriza\u00e7\u00e3o da educa\u00e7\u00e3o infantil e alfabetiza\u00e7\u00e3o no Brasil. A cria\u00e7\u00e3o do programa Conta pra Mim, por exemplo, foi um marco para a literacia familiar, j\u00e1 que foi considerado o primeiro programa do segmento no Brasil.<!--more--><\/p>\n<p>O Conta pra Mim possui, atualmente, 44 livros, 18 v\u00eddeos de f\u00e1bulas animadas e cantigas, e prev\u00ea, ainda, a distribui\u00e7\u00e3o de 400 mil kits para fam\u00edlias brasileiras. Nesse sentido, o MEC tamb\u00e9m lan\u00e7ou o GraphoGame Brasil, um aplicativo educativo que ajuda estudantes da pr\u00e9-escola e dos anos iniciais do ensino fundamental a aprenderem a ler as primeiras letras, s\u00edlabas e palavras. O aplicativo j\u00e1 foi baixado em mais de 700 mil aparelhos at\u00e9 o momento.<\/p>\n<p>Al\u00e9m dos programas, o MEC tamb\u00e9m investiu na forma\u00e7\u00e3o e no aperfei\u00e7oamento dos professores da educa\u00e7\u00e3o b\u00e1sica com a disponibiliza\u00e7\u00e3o de cursos gratuitos no Ambiente Virtual de Aprendizagem do MEC (Avamec). O curso BNCC\/Educa\u00e7\u00e3o Infantil \u00e9 um dos cursos oferecidos. O Pr\u00e1ticas de Alfabetiza\u00e7\u00e3o, o Alfabetiza\u00e7\u00e3o Baseada na Ci\u00eancia (ABC) e o Pr\u00e1ticas de Produ\u00e7\u00e3o de Texto s\u00e3o exemplos de materiais disponibilizados pelo MEC. Juntos, os tr\u00eas cursos somam mais de 582 mil inscritos e mais de 8 milh\u00f5es de acessos.<\/p>\n<p>O Minist\u00e9rio tamb\u00e9m priorizou o repasse de recursos para o Programa de Apoio \u00e0 Manuten\u00e7\u00e3o da Educa\u00e7\u00e3o Infantil, em novos estabelecimentos e em novas turmas. Os investimentos nesta etapa da educa\u00e7\u00e3o b\u00e1sica, de julho de 2020 a junho de 2021, somam mais de R$ 45 milh\u00f5es. Somente em 2021 foram conclu\u00eddas 61 obras para a educa\u00e7\u00e3o infantil, entre creches e pr\u00e9-escolas.<\/p>\n<p>Foram realizados webn\u00e1rios com os gestores e equipes t\u00e9cnicas das secretarias municipais de educa\u00e7\u00e3o para debater sobre a import\u00e2ncia da gest\u00e3o da demanda e da oferta da educa\u00e7\u00e3o infantil, os mecanismos de busca ativa, bem como sobre os programas de Educa\u00e7\u00e3o Infantil, ocasi\u00e3o em que foram debatidos os principais temas relacionados com a etapa da Educa\u00e7\u00e3o Infantil.<\/p>\n<p>Outra importante iniciativa foi a inclus\u00e3o da educa\u00e7\u00e3o infantil no Sistema de Avalia\u00e7\u00e3o da Educa\u00e7\u00e3o B\u00e1sica. O Saeb permite que as escolas e as redes municipais e estaduais de ensino avaliem a qualidade da educa\u00e7\u00e3o oferecida aos estudantes. O resultado da avalia\u00e7\u00e3o \u00e9 um indicativo da qualidade do ensino brasileiro e oferece subs\u00eddios para a elabora\u00e7\u00e3o, o monitoramento e o aprimoramento de pol\u00edticas educacionais com base em evid\u00eancias.<\/p>\n<p>Al\u00e9m do que j\u00e1 foi entregue e est\u00e1 em andamento, o MEC prev\u00ea: o lan\u00e7amento de um guia de boas pr\u00e1ticas; a transfer\u00eancia de R$ 183 milh\u00f5es pelo PDDE Alfabetiza\u00e7\u00e3o; a ades\u00e3o a um estudo internacional sobre Tend\u00eancias em Matem\u00e1tica e Ci\u00eancias (TIMSS); o lan\u00e7amento do curso de forma\u00e7\u00e3o dos visitadores do Crian\u00e7a Feliz; e o incentivo a iniciativas locais de Literacia Familiar.<\/p>\n","protected":false},"excerpt":{"rendered":"<p>O Minist\u00e9rio da Educa\u00e7\u00e3o (MEC) promoveu, no \u00faltimo ano, diversas a\u00e7\u00f5es de fomento e prioriza\u00e7\u00e3o da educa\u00e7\u00e3o infantil e alfabetiza\u00e7\u00e3o no Brasil. A cria\u00e7\u00e3o do programa Conta pra Mim, por exemplo, foi um marco para a literacia familiar, j\u00e1 que foi considerado o primeiro programa do segmento no Brasil.<\/p>\n","protected":false},"author":4,"featured_media":0,"comment_status":"closed","ping_status":"closed","sticky":false,"template":"","format":"standard","meta":{"footnotes":"","_links_to":"","_links_to_target":""},"categories":[9],"tags":[],"class_list":["post-14529","post","type-post","status-publish","format-standard","hentry","category-noticias-da-imprensa"],"yoast_head":"<!-- This site is optimized with the Yoast SEO plugin v15.1 - https:\/\/yoast.com\/wordpress\/plugins\/seo\/ -->\n<title>Conhe\u00e7a as principais a\u00e7\u00f5es do MEC na educa\u00e7\u00e3o infantil e na alfabetiza\u00e7\u00e3o do \u00faltimo ano &raquo; Abrelivros<\/title>\n<meta name=\"robots\" content=\"index, follow, max-snippet:-1, max-image-preview:large, max-video-preview:-1\" \/>\n<link rel=\"canonical\" href=\"https:\/\/abrelivros.org.br\/site\/conheca-as-principais-acoes-do-mec-na-educacao-infantil-e-na-alfabetizacao-do-ultimo-ano\/\" \/>\n<meta property=\"og:locale\" content=\"pt_BR\" \/>\n<meta property=\"og:type\" content=\"article\" \/>\n<meta property=\"og:title\" content=\"Conhe\u00e7a as principais a\u00e7\u00f5es do MEC na educa\u00e7\u00e3o infantil e na alfabetiza\u00e7\u00e3o do \u00faltimo ano &raquo; Abrelivros\" \/>\n<meta property=\"og:description\" content=\"O Minist\u00e9rio da Educa\u00e7\u00e3o (MEC) promoveu, no \u00faltimo ano, diversas a\u00e7\u00f5es de fomento e prioriza\u00e7\u00e3o da educa\u00e7\u00e3o infantil e alfabetiza\u00e7\u00e3o no Brasil. A cria\u00e7\u00e3o do programa Conta pra Mim, por exemplo, foi um marco para a literacia familiar, j\u00e1 que foi considerado o primeiro programa do segmento no Brasil.\" \/>\n<meta property=\"og:url\" content=\"https:\/\/abrelivros.org.br\/site\/conheca-as-principais-acoes-do-mec-na-educacao-infantil-e-na-alfabetizacao-do-ultimo-ano\/\" \/>\n<meta property=\"og:site_name\" content=\"Abrelivros\" \/>\n<meta property=\"article:published_time\" content=\"2021-07-28T18:49:44+00:00\" \/>\n<meta name=\"twitter:card\" content=\"summary_large_image\" \/>\n<script type=\"application\/ld+json\" class=\"yoast-schema-graph\">{\"@context\":\"https:\/\/schema.org\",\"@graph\":[{\"@type\":\"WebSite\",\"@id\":\"https:\/\/abrelivros.org.br\/site\/#website\",\"url\":\"https:\/\/abrelivros.org.br\/site\/\",\"name\":\"Abrelivros\",\"description\":\"\",\"potentialAction\":[{\"@type\":\"SearchAction\",\"target\":\"https:\/\/abrelivros.org.br\/site\/?s={search_term_string}\",\"query-input\":\"required name=search_term_string\"}],\"inLanguage\":\"pt-BR\"},{\"@type\":\"WebPage\",\"@id\":\"https:\/\/abrelivros.org.br\/site\/conheca-as-principais-acoes-do-mec-na-educacao-infantil-e-na-alfabetizacao-do-ultimo-ano\/#webpage\",\"url\":\"https:\/\/abrelivros.org.br\/site\/conheca-as-principais-acoes-do-mec-na-educacao-infantil-e-na-alfabetizacao-do-ultimo-ano\/\",\"name\":\"Conhe\\u00e7a as principais a\\u00e7\\u00f5es do MEC na educa\\u00e7\\u00e3o infantil e na alfabetiza\\u00e7\\u00e3o do \\u00faltimo ano &raquo; Abrelivros\",\"isPartOf\":{\"@id\":\"https:\/\/abrelivros.org.br\/site\/#website\"},\"datePublished\":\"2021-07-28T18:49:44+00:00\",\"dateModified\":\"2021-07-28T18:49:44+00:00\",\"author\":{\"@id\":\"https:\/\/abrelivros.org.br\/site\/#\/schema\/person\/65db80e26409802ce15ac5feec6a15fd\"},\"breadcrumb\":{\"@id\":\"https:\/\/abrelivros.org.br\/site\/conheca-as-principais-acoes-do-mec-na-educacao-infantil-e-na-alfabetizacao-do-ultimo-ano\/#breadcrumb\"},\"inLanguage\":\"pt-BR\",\"potentialAction\":[{\"@type\":\"ReadAction\",\"target\":[\"https:\/\/abrelivros.org.br\/site\/conheca-as-principais-acoes-do-mec-na-educacao-infantil-e-na-alfabetizacao-do-ultimo-ano\/\"]}]},{\"@type\":\"BreadcrumbList\",\"@id\":\"https:\/\/abrelivros.org.br\/site\/conheca-as-principais-acoes-do-mec-na-educacao-infantil-e-na-alfabetizacao-do-ultimo-ano\/#breadcrumb\",\"itemListElement\":[{\"@type\":\"ListItem\",\"position\":1,\"item\":{\"@type\":\"WebPage\",\"@id\":\"https:\/\/abrelivros.org.br\/site\/\",\"url\":\"https:\/\/abrelivros.org.br\/site\/\",\"name\":\"In\\u00edcio\"}},{\"@type\":\"ListItem\",\"position\":2,\"item\":{\"@type\":\"WebPage\",\"@id\":\"https:\/\/abrelivros.org.br\/site\/category\/noticias\/\",\"url\":\"https:\/\/abrelivros.org.br\/site\/category\/noticias\/\",\"name\":\"Not\\u00edcias\"}},{\"@type\":\"ListItem\",\"position\":3,\"item\":{\"@type\":\"WebPage\",\"@id\":\"https:\/\/abrelivros.org.br\/site\/category\/noticias\/noticias-da-imprensa\/\",\"url\":\"https:\/\/abrelivros.org.br\/site\/category\/noticias\/noticias-da-imprensa\/\",\"name\":\"Not\\u00edcias da imprensa\"}},{\"@type\":\"ListItem\",\"position\":4,\"item\":{\"@type\":\"WebPage\",\"@id\":\"https:\/\/abrelivros.org.br\/site\/conheca-as-principais-acoes-do-mec-na-educacao-infantil-e-na-alfabetizacao-do-ultimo-ano\/\",\"url\":\"https:\/\/abrelivros.org.br\/site\/conheca-as-principais-acoes-do-mec-na-educacao-infantil-e-na-alfabetizacao-do-ultimo-ano\/\",\"name\":\"Conhe\\u00e7a as principais a\\u00e7\\u00f5es do MEC na educa\\u00e7\\u00e3o infantil e na alfabetiza\\u00e7\\u00e3o do \\u00faltimo ano\"}}]},{\"@type\":\"Person\",\"@id\":\"https:\/\/abrelivros.org.br\/site\/#\/schema\/person\/65db80e26409802ce15ac5feec6a15fd\",\"name\":\"Reda\\u00e7\\u00e3o Abrelivros\",\"image\":{\"@type\":\"ImageObject\",\"@id\":\"https:\/\/abrelivros.org.br\/site\/#personlogo\",\"inLanguage\":\"pt-BR\",\"url\":\"https:\/\/secure.gravatar.com\/avatar\/c4e57f9c7e3482965bd428192061218520756c39080b1d1820b679fa5e9af192?s=96&d=mm&r=g\",\"caption\":\"Reda\\u00e7\\u00e3o Abrelivros\"}}]}<\/script>\n<!-- \/ Yoast SEO plugin. -->","_links":{"self":[{"href":"https:\/\/abrelivros.org.br\/site\/wp-json\/wp\/v2\/posts\/14529","targetHints":{"allow":["GET"]}}],"collection":[{"href":"https:\/\/abrelivros.org.br\/site\/wp-json\/wp\/v2\/posts"}],"about":[{"href":"https:\/\/abrelivros.org.br\/site\/wp-json\/wp\/v2\/types\/post"}],"author":[{"embeddable":true,"href":"https:\/\/abrelivros.org.br\/site\/wp-json\/wp\/v2\/users\/4"}],"replies":[{"embeddable":true,"href":"https:\/\/abrelivros.org.br\/site\/wp-json\/wp\/v2\/comments?post=14529"}],"version-history":[{"count":1,"href":"https:\/\/abrelivros.org.br\/site\/wp-json\/wp\/v2\/posts\/14529\/revisions"}],"predecessor-version":[{"id":14530,"href":"https:\/\/abrelivros.org.br\/site\/wp-json\/wp\/v2\/posts\/14529\/revisions\/14530"}],"wp:attachment":[{"href":"https:\/\/abrelivros.org.br\/site\/wp-json\/wp\/v2\/media?parent=14529"}],"wp:term":[{"taxonomy":"category","embeddable":true,"href":"https:\/\/abrelivros.org.br\/site\/wp-json\/wp\/v2\/categories?post=14529"},{"taxonomy":"post_tag","embeddable":true,"href":"https:\/\/abrelivros.org.br\/site\/wp-json\/wp\/v2\/tags?post=14529"}],"curies":[{"name":"wp","href":"https:\/\/api.w.org\/{rel}","templated":true}]}}