{"id":14525,"date":"2021-07-27T15:21:05","date_gmt":"2021-07-27T18:21:05","guid":{"rendered":"https:\/\/abrelivros.org.br\/site\/?p=14525"},"modified":"2021-07-27T15:21:05","modified_gmt":"2021-07-27T18:21:05","slug":"fnde-lanca-o-i-premio-nacional-de-educacao","status":"publish","type":"post","link":"https:\/\/abrelivros.org.br\/site\/fnde-lanca-o-i-premio-nacional-de-educacao\/","title":{"rendered":"FNDE lan\u00e7a o I Pr\u00eamio Nacional de Educa\u00e7\u00e3o"},"content":{"rendered":"<p>Incentivar a realiza\u00e7\u00e3o de estudos cient\u00edficos sobre pol\u00edticas p\u00fablicas educacionais que possam contribuir para o aperfei\u00e7oamento da gest\u00e3o dos programas e a\u00e7\u00f5es do Fundo Nacional de Desenvolvimento da Educa\u00e7\u00e3o (FNDE). Esse \u00e9 o objetivo principal do I Pr\u00eamio Nacional de Educa\u00e7\u00e3o do FNDE, lan\u00e7ado nesta segunda-feira, 26, em parceria com a Escola Nacional de Administra\u00e7\u00e3o P\u00fablica (Enap).<!--more--><\/p>\n<p>O concurso vai premiar os melhores artigos cient\u00edficos acerca do aprimoramento da gest\u00e3o educacional no Brasil que abordem ao menos um dos temas a seguir: Estrat\u00e9gias de Planejamento, Monitoramento de Riscos, Controle Social, Indicadores de Resultado e Avalia\u00e7\u00e3o de Impacto.<\/p>\n<p>Os trabalhos tamb\u00e9m devem apresentar a devida aplicabilidade aos programas e projetos do FNDE.Os tr\u00eas melhores colocados v\u00e3o receber pr\u00eamios de R$ 10 mil, R$ 7 mil e R$ 5 mil, respectivamente. E ter\u00e3o seus artigos publicados em formato de livro eletr\u00f4nico com registro no ISBN (International Standard Book Number), que identifica a publica\u00e7\u00e3o como obra \u00fanica.<\/p>\n<p>A inscri\u00e7\u00e3o dos artigos, que segue at\u00e9 4 de outubro deste ano, deve ser feita no site <a href=\"https:\/\/enap.gov.br\/pt\/pesquisa-e-conhecimento\/concursos-e-premiacoes\/premio-nacional-de-educacao\" target=\"_blank\" rel=\"noopener noreferrer\">https:\/\/enap.gov.br\/pt\/pesquisa-e-conhecimento\/concursos-e-premiacoes\/premio-nacional-de-educacao<\/a><\/p>\n<p>Somente podem concorrer candidatos com titula\u00e7\u00e3o m\u00ednima de mestrado, conclu\u00eddo em qualquer \u00e1rea de forma\u00e7\u00e3o.<\/p>\n<p>A avalia\u00e7\u00e3o dos trabalhos cient\u00edficos, que ser\u00e1 realizada por comiss\u00e3o julgadora designada pela Enap e pelo FNDE, levar\u00e1 em conta uma s\u00e9rie de crit\u00e9rios, como originalidade da abordagem, clareza dos objetivos e coer\u00eancia de an\u00e1lises e resultados, entre outros.<\/p>\n<p><strong>Informa\u00e7\u00f5es:<\/strong><\/p>\n<p><strong>Per\u00edodo de inscri\u00e7\u00f5es:<\/strong> 26\/07 a 04\/10<\/p>\n<p><strong>Requisitos:<\/strong> Titula\u00e7\u00e3o m\u00ednima de mestrado, conclu\u00eddo em qualquer \u00e1rea de forma\u00e7\u00e3o.<\/p>\n<p><strong>Premia\u00e7\u00e3o:<\/strong><\/p>\n<p>R$ 10 mil, R$ 7 mil e R$ 5 mil.<\/p>\n<p>Artigos publicados em formato de livro eletr\u00f4nico<\/p>\n<p><strong>Site<\/strong>: <a href=\"https:\/\/enap.gov.br\/pt\/pesquisa-e-conhecimento\/concursos-e-premiacoes\/premio-nacional-de-educacao\" target=\"_blank\" rel=\"noopener noreferrer\">https:\/\/enap.gov.br\/pt\/pesquisa-e-conhecimento\/concursos-e-premiacoes\/premio-nacional-de-educacao<\/a><\/p>\n","protected":false},"excerpt":{"rendered":"<p>Incentivar a realiza\u00e7\u00e3o de estudos cient\u00edficos sobre pol\u00edticas p\u00fablicas educacionais que possam contribuir para o aperfei\u00e7oamento da gest\u00e3o dos programas e a\u00e7\u00f5es do Fundo Nacional de Desenvolvimento da Educa\u00e7\u00e3o (FNDE). Esse \u00e9 o objetivo principal do I Pr\u00eamio Nacional de Educa\u00e7\u00e3o do FNDE, lan\u00e7ado nesta segunda-feira, 26, em parceria com a Escola Nacional de Administra\u00e7\u00e3o [&hellip;]<\/p>\n","protected":false},"author":4,"featured_media":0,"comment_status":"closed","ping_status":"closed","sticky":false,"template":"","format":"standard","meta":{"footnotes":"","_links_to":"","_links_to_target":""},"categories":[9],"tags":[],"class_list":["post-14525","post","type-post","status-publish","format-standard","hentry","category-noticias-da-imprensa"],"yoast_head":"<!-- This site is optimized with the Yoast SEO plugin v15.1 - https:\/\/yoast.com\/wordpress\/plugins\/seo\/ -->\n<title>FNDE lan\u00e7a o I Pr\u00eamio Nacional de Educa\u00e7\u00e3o &raquo; Abrelivros<\/title>\n<meta name=\"robots\" content=\"index, follow, max-snippet:-1, max-image-preview:large, max-video-preview:-1\" \/>\n<link rel=\"canonical\" href=\"https:\/\/abrelivros.org.br\/site\/fnde-lanca-o-i-premio-nacional-de-educacao\/\" \/>\n<meta property=\"og:locale\" content=\"pt_BR\" \/>\n<meta property=\"og:type\" content=\"article\" \/>\n<meta property=\"og:title\" content=\"FNDE lan\u00e7a o I Pr\u00eamio Nacional de Educa\u00e7\u00e3o &raquo; Abrelivros\" \/>\n<meta property=\"og:description\" content=\"Incentivar a realiza\u00e7\u00e3o de estudos cient\u00edficos sobre pol\u00edticas p\u00fablicas educacionais que possam contribuir para o aperfei\u00e7oamento da gest\u00e3o dos programas e a\u00e7\u00f5es do Fundo Nacional de Desenvolvimento da Educa\u00e7\u00e3o (FNDE). Esse \u00e9 o objetivo principal do I Pr\u00eamio Nacional de Educa\u00e7\u00e3o do FNDE, lan\u00e7ado nesta segunda-feira, 26, em parceria com a Escola Nacional de Administra\u00e7\u00e3o [&hellip;]\" \/>\n<meta property=\"og:url\" content=\"https:\/\/abrelivros.org.br\/site\/fnde-lanca-o-i-premio-nacional-de-educacao\/\" \/>\n<meta property=\"og:site_name\" content=\"Abrelivros\" \/>\n<meta property=\"article:published_time\" content=\"2021-07-27T18:21:05+00:00\" \/>\n<meta name=\"twitter:card\" content=\"summary_large_image\" \/>\n<script type=\"application\/ld+json\" class=\"yoast-schema-graph\">{\"@context\":\"https:\/\/schema.org\",\"@graph\":[{\"@type\":\"WebSite\",\"@id\":\"https:\/\/abrelivros.org.br\/site\/#website\",\"url\":\"https:\/\/abrelivros.org.br\/site\/\",\"name\":\"Abrelivros\",\"description\":\"\",\"potentialAction\":[{\"@type\":\"SearchAction\",\"target\":\"https:\/\/abrelivros.org.br\/site\/?s={search_term_string}\",\"query-input\":\"required name=search_term_string\"}],\"inLanguage\":\"pt-BR\"},{\"@type\":\"WebPage\",\"@id\":\"https:\/\/abrelivros.org.br\/site\/fnde-lanca-o-i-premio-nacional-de-educacao\/#webpage\",\"url\":\"https:\/\/abrelivros.org.br\/site\/fnde-lanca-o-i-premio-nacional-de-educacao\/\",\"name\":\"FNDE lan\\u00e7a o I Pr\\u00eamio Nacional de Educa\\u00e7\\u00e3o &raquo; Abrelivros\",\"isPartOf\":{\"@id\":\"https:\/\/abrelivros.org.br\/site\/#website\"},\"datePublished\":\"2021-07-27T18:21:05+00:00\",\"dateModified\":\"2021-07-27T18:21:05+00:00\",\"author\":{\"@id\":\"https:\/\/abrelivros.org.br\/site\/#\/schema\/person\/65db80e26409802ce15ac5feec6a15fd\"},\"breadcrumb\":{\"@id\":\"https:\/\/abrelivros.org.br\/site\/fnde-lanca-o-i-premio-nacional-de-educacao\/#breadcrumb\"},\"inLanguage\":\"pt-BR\",\"potentialAction\":[{\"@type\":\"ReadAction\",\"target\":[\"https:\/\/abrelivros.org.br\/site\/fnde-lanca-o-i-premio-nacional-de-educacao\/\"]}]},{\"@type\":\"BreadcrumbList\",\"@id\":\"https:\/\/abrelivros.org.br\/site\/fnde-lanca-o-i-premio-nacional-de-educacao\/#breadcrumb\",\"itemListElement\":[{\"@type\":\"ListItem\",\"position\":1,\"item\":{\"@type\":\"WebPage\",\"@id\":\"https:\/\/abrelivros.org.br\/site\/\",\"url\":\"https:\/\/abrelivros.org.br\/site\/\",\"name\":\"In\\u00edcio\"}},{\"@type\":\"ListItem\",\"position\":2,\"item\":{\"@type\":\"WebPage\",\"@id\":\"https:\/\/abrelivros.org.br\/site\/category\/noticias\/\",\"url\":\"https:\/\/abrelivros.org.br\/site\/category\/noticias\/\",\"name\":\"Not\\u00edcias\"}},{\"@type\":\"ListItem\",\"position\":3,\"item\":{\"@type\":\"WebPage\",\"@id\":\"https:\/\/abrelivros.org.br\/site\/category\/noticias\/noticias-da-imprensa\/\",\"url\":\"https:\/\/abrelivros.org.br\/site\/category\/noticias\/noticias-da-imprensa\/\",\"name\":\"Not\\u00edcias da imprensa\"}},{\"@type\":\"ListItem\",\"position\":4,\"item\":{\"@type\":\"WebPage\",\"@id\":\"https:\/\/abrelivros.org.br\/site\/fnde-lanca-o-i-premio-nacional-de-educacao\/\",\"url\":\"https:\/\/abrelivros.org.br\/site\/fnde-lanca-o-i-premio-nacional-de-educacao\/\",\"name\":\"FNDE lan\\u00e7a o I Pr\\u00eamio Nacional de Educa\\u00e7\\u00e3o\"}}]},{\"@type\":\"Person\",\"@id\":\"https:\/\/abrelivros.org.br\/site\/#\/schema\/person\/65db80e26409802ce15ac5feec6a15fd\",\"name\":\"Reda\\u00e7\\u00e3o Abrelivros\",\"image\":{\"@type\":\"ImageObject\",\"@id\":\"https:\/\/abrelivros.org.br\/site\/#personlogo\",\"inLanguage\":\"pt-BR\",\"url\":\"https:\/\/secure.gravatar.com\/avatar\/c4e57f9c7e3482965bd428192061218520756c39080b1d1820b679fa5e9af192?s=96&d=mm&r=g\",\"caption\":\"Reda\\u00e7\\u00e3o Abrelivros\"}}]}<\/script>\n<!-- \/ Yoast SEO plugin. -->","_links":{"self":[{"href":"https:\/\/abrelivros.org.br\/site\/wp-json\/wp\/v2\/posts\/14525","targetHints":{"allow":["GET"]}}],"collection":[{"href":"https:\/\/abrelivros.org.br\/site\/wp-json\/wp\/v2\/posts"}],"about":[{"href":"https:\/\/abrelivros.org.br\/site\/wp-json\/wp\/v2\/types\/post"}],"author":[{"embeddable":true,"href":"https:\/\/abrelivros.org.br\/site\/wp-json\/wp\/v2\/users\/4"}],"replies":[{"embeddable":true,"href":"https:\/\/abrelivros.org.br\/site\/wp-json\/wp\/v2\/comments?post=14525"}],"version-history":[{"count":1,"href":"https:\/\/abrelivros.org.br\/site\/wp-json\/wp\/v2\/posts\/14525\/revisions"}],"predecessor-version":[{"id":14526,"href":"https:\/\/abrelivros.org.br\/site\/wp-json\/wp\/v2\/posts\/14525\/revisions\/14526"}],"wp:attachment":[{"href":"https:\/\/abrelivros.org.br\/site\/wp-json\/wp\/v2\/media?parent=14525"}],"wp:term":[{"taxonomy":"category","embeddable":true,"href":"https:\/\/abrelivros.org.br\/site\/wp-json\/wp\/v2\/categories?post=14525"},{"taxonomy":"post_tag","embeddable":true,"href":"https:\/\/abrelivros.org.br\/site\/wp-json\/wp\/v2\/tags?post=14525"}],"curies":[{"name":"wp","href":"https:\/\/api.w.org\/{rel}","templated":true}]}}