{"id":14523,"date":"2021-07-26T14:52:51","date_gmt":"2021-07-26T17:52:51","guid":{"rendered":"https:\/\/abrelivros.org.br\/site\/?p=14523"},"modified":"2021-07-26T14:52:51","modified_gmt":"2021-07-26T17:52:51","slug":"novo-ensino-medio-os-desafios-para-a-implementacao","status":"publish","type":"post","link":"https:\/\/abrelivros.org.br\/site\/novo-ensino-medio-os-desafios-para-a-implementacao\/","title":{"rendered":"Novo ensino m\u00e9dio: os desafios para a implementa\u00e7\u00e3o"},"content":{"rendered":"<p>Com a publica\u00e7\u00e3o do Cronograma Nacional de Implementa\u00e7\u00e3o do Novo Ensino M\u00e9dio, feita em 14 de julho por meio da Portaria MEC n\u00ba 521\/2021, o Brasil passa a ter prazos definidos\u00a0 e apertados para iniciar a implementa\u00e7\u00e3o da nova proposta de ensino m\u00e9dio aprovada em 2017. Para saber qual \u00e9 o cen\u00e1rio brasileiro, as expectativas e os desafios da educa\u00e7\u00e3o do pa\u00eds e os \u00f3rg\u00e3os de controle, o Luz aos Fatos recebe a presidente do Conselho Nacional de Educa\u00e7\u00e3o (CNE), Maria Helena Guimar\u00e3es, e o presidente da Abrelivros, \u00c2ngelo Xavier.<!--more--> Apresenta\u00e7\u00e3o: Talita de Souza e Thays Martins Produ\u00e7\u00e3o: Talita de Souza Edi\u00e7\u00e3o de \u00e1udio: Marcela Cintra<\/p>\n","protected":false},"excerpt":{"rendered":"<p>Com a publica\u00e7\u00e3o do Cronograma Nacional de Implementa\u00e7\u00e3o do Novo Ensino M\u00e9dio, feita em 14 de julho por meio da Portaria MEC n\u00ba 521\/2021, o Brasil passa a ter prazos definidos\u00a0 e apertados para iniciar a implementa\u00e7\u00e3o da nova proposta de ensino m\u00e9dio aprovada em 2017. Para saber qual \u00e9 o cen\u00e1rio brasileiro, as expectativas [&hellip;]<\/p>\n","protected":false},"author":4,"featured_media":0,"comment_status":"closed","ping_status":"closed","sticky":false,"template":"","format":"standard","meta":{"footnotes":"","_links_to":"","_links_to_target":""},"categories":[9],"tags":[],"class_list":["post-14523","post","type-post","status-publish","format-standard","hentry","category-noticias-da-imprensa"],"yoast_head":"<!-- This site is optimized with the Yoast SEO plugin v15.1 - https:\/\/yoast.com\/wordpress\/plugins\/seo\/ -->\n<title>Novo ensino m\u00e9dio: os desafios para a implementa\u00e7\u00e3o &raquo; Abrelivros<\/title>\n<meta name=\"robots\" content=\"index, follow, max-snippet:-1, max-image-preview:large, max-video-preview:-1\" \/>\n<link rel=\"canonical\" href=\"https:\/\/abrelivros.org.br\/site\/novo-ensino-medio-os-desafios-para-a-implementacao\/\" \/>\n<meta property=\"og:locale\" content=\"pt_BR\" \/>\n<meta property=\"og:type\" content=\"article\" \/>\n<meta property=\"og:title\" content=\"Novo ensino m\u00e9dio: os desafios para a implementa\u00e7\u00e3o &raquo; Abrelivros\" \/>\n<meta property=\"og:description\" content=\"Com a publica\u00e7\u00e3o do Cronograma Nacional de Implementa\u00e7\u00e3o do Novo Ensino M\u00e9dio, feita em 14 de julho por meio da Portaria MEC n\u00ba 521\/2021, o Brasil passa a ter prazos definidos\u00a0 e apertados para iniciar a implementa\u00e7\u00e3o da nova proposta de ensino m\u00e9dio aprovada em 2017. Para saber qual \u00e9 o cen\u00e1rio brasileiro, as expectativas [&hellip;]\" \/>\n<meta property=\"og:url\" content=\"https:\/\/abrelivros.org.br\/site\/novo-ensino-medio-os-desafios-para-a-implementacao\/\" \/>\n<meta property=\"og:site_name\" content=\"Abrelivros\" \/>\n<meta property=\"article:published_time\" content=\"2021-07-26T17:52:51+00:00\" \/>\n<meta name=\"twitter:card\" content=\"summary_large_image\" \/>\n<script type=\"application\/ld+json\" class=\"yoast-schema-graph\">{\"@context\":\"https:\/\/schema.org\",\"@graph\":[{\"@type\":\"WebSite\",\"@id\":\"https:\/\/abrelivros.org.br\/site\/#website\",\"url\":\"https:\/\/abrelivros.org.br\/site\/\",\"name\":\"Abrelivros\",\"description\":\"\",\"potentialAction\":[{\"@type\":\"SearchAction\",\"target\":\"https:\/\/abrelivros.org.br\/site\/?s={search_term_string}\",\"query-input\":\"required name=search_term_string\"}],\"inLanguage\":\"pt-BR\"},{\"@type\":\"WebPage\",\"@id\":\"https:\/\/abrelivros.org.br\/site\/novo-ensino-medio-os-desafios-para-a-implementacao\/#webpage\",\"url\":\"https:\/\/abrelivros.org.br\/site\/novo-ensino-medio-os-desafios-para-a-implementacao\/\",\"name\":\"Novo ensino m\\u00e9dio: os desafios para a implementa\\u00e7\\u00e3o &raquo; Abrelivros\",\"isPartOf\":{\"@id\":\"https:\/\/abrelivros.org.br\/site\/#website\"},\"datePublished\":\"2021-07-26T17:52:51+00:00\",\"dateModified\":\"2021-07-26T17:52:51+00:00\",\"author\":{\"@id\":\"https:\/\/abrelivros.org.br\/site\/#\/schema\/person\/65db80e26409802ce15ac5feec6a15fd\"},\"breadcrumb\":{\"@id\":\"https:\/\/abrelivros.org.br\/site\/novo-ensino-medio-os-desafios-para-a-implementacao\/#breadcrumb\"},\"inLanguage\":\"pt-BR\",\"potentialAction\":[{\"@type\":\"ReadAction\",\"target\":[\"https:\/\/abrelivros.org.br\/site\/novo-ensino-medio-os-desafios-para-a-implementacao\/\"]}]},{\"@type\":\"BreadcrumbList\",\"@id\":\"https:\/\/abrelivros.org.br\/site\/novo-ensino-medio-os-desafios-para-a-implementacao\/#breadcrumb\",\"itemListElement\":[{\"@type\":\"ListItem\",\"position\":1,\"item\":{\"@type\":\"WebPage\",\"@id\":\"https:\/\/abrelivros.org.br\/site\/\",\"url\":\"https:\/\/abrelivros.org.br\/site\/\",\"name\":\"In\\u00edcio\"}},{\"@type\":\"ListItem\",\"position\":2,\"item\":{\"@type\":\"WebPage\",\"@id\":\"https:\/\/abrelivros.org.br\/site\/category\/noticias\/\",\"url\":\"https:\/\/abrelivros.org.br\/site\/category\/noticias\/\",\"name\":\"Not\\u00edcias\"}},{\"@type\":\"ListItem\",\"position\":3,\"item\":{\"@type\":\"WebPage\",\"@id\":\"https:\/\/abrelivros.org.br\/site\/category\/noticias\/noticias-da-imprensa\/\",\"url\":\"https:\/\/abrelivros.org.br\/site\/category\/noticias\/noticias-da-imprensa\/\",\"name\":\"Not\\u00edcias da imprensa\"}},{\"@type\":\"ListItem\",\"position\":4,\"item\":{\"@type\":\"WebPage\",\"@id\":\"https:\/\/abrelivros.org.br\/site\/novo-ensino-medio-os-desafios-para-a-implementacao\/\",\"url\":\"https:\/\/abrelivros.org.br\/site\/novo-ensino-medio-os-desafios-para-a-implementacao\/\",\"name\":\"Novo ensino m\\u00e9dio: os desafios para a implementa\\u00e7\\u00e3o\"}}]},{\"@type\":\"Person\",\"@id\":\"https:\/\/abrelivros.org.br\/site\/#\/schema\/person\/65db80e26409802ce15ac5feec6a15fd\",\"name\":\"Reda\\u00e7\\u00e3o Abrelivros\",\"image\":{\"@type\":\"ImageObject\",\"@id\":\"https:\/\/abrelivros.org.br\/site\/#personlogo\",\"inLanguage\":\"pt-BR\",\"url\":\"https:\/\/secure.gravatar.com\/avatar\/c4e57f9c7e3482965bd428192061218520756c39080b1d1820b679fa5e9af192?s=96&d=mm&r=g\",\"caption\":\"Reda\\u00e7\\u00e3o Abrelivros\"}}]}<\/script>\n<!-- \/ Yoast SEO plugin. -->","_links":{"self":[{"href":"https:\/\/abrelivros.org.br\/site\/wp-json\/wp\/v2\/posts\/14523","targetHints":{"allow":["GET"]}}],"collection":[{"href":"https:\/\/abrelivros.org.br\/site\/wp-json\/wp\/v2\/posts"}],"about":[{"href":"https:\/\/abrelivros.org.br\/site\/wp-json\/wp\/v2\/types\/post"}],"author":[{"embeddable":true,"href":"https:\/\/abrelivros.org.br\/site\/wp-json\/wp\/v2\/users\/4"}],"replies":[{"embeddable":true,"href":"https:\/\/abrelivros.org.br\/site\/wp-json\/wp\/v2\/comments?post=14523"}],"version-history":[{"count":1,"href":"https:\/\/abrelivros.org.br\/site\/wp-json\/wp\/v2\/posts\/14523\/revisions"}],"predecessor-version":[{"id":14524,"href":"https:\/\/abrelivros.org.br\/site\/wp-json\/wp\/v2\/posts\/14523\/revisions\/14524"}],"wp:attachment":[{"href":"https:\/\/abrelivros.org.br\/site\/wp-json\/wp\/v2\/media?parent=14523"}],"wp:term":[{"taxonomy":"category","embeddable":true,"href":"https:\/\/abrelivros.org.br\/site\/wp-json\/wp\/v2\/categories?post=14523"},{"taxonomy":"post_tag","embeddable":true,"href":"https:\/\/abrelivros.org.br\/site\/wp-json\/wp\/v2\/tags?post=14523"}],"curies":[{"name":"wp","href":"https:\/\/api.w.org\/{rel}","templated":true}]}}