{"id":14521,"date":"2021-07-26T14:42:12","date_gmt":"2021-07-26T17:42:12","guid":{"rendered":"https:\/\/abrelivros.org.br\/site\/?p=14521"},"modified":"2021-07-26T14:42:12","modified_gmt":"2021-07-26T17:42:12","slug":"editores-se-unem-para-ir-contra-a-privatizacao-dos-correios","status":"publish","type":"post","link":"https:\/\/abrelivros.org.br\/site\/editores-se-unem-para-ir-contra-a-privatizacao-dos-correios\/","title":{"rendered":"Editores se unem para ir contra a privatiza\u00e7\u00e3o dos Correios"},"content":{"rendered":"<p>Uma das grandes discuss\u00f5es do momento em Bras\u00edlia \u00e9 a privatiza\u00e7\u00e3o dos Correios. Corre na C\u00e2mara dos Deputados o projeto de lei 591\/2021 que prev\u00ea a venda da estatal. A Liga Brasileira de Editoras (Libre) se uniu aos grupos Coes\u00e3o Editorial e Minas pelo Livro para compor um manifesto contra a privatiza\u00e7\u00e3o.<!--more--> Ao todo, os tr\u00eas gr\u00eamios re\u00fanem mais de 300 editoras, de acordo com os organizadores.<br \/>\nPara os signat\u00e1rios do documento, o que est\u00e1 em jogo \u00e9 a garantia de que os livros continuar\u00e3o a chegar a todos os lugares do pa\u00eds por um pre\u00e7o razo\u00e1vel. Hoje, os Correios disp\u00f5e de um servi\u00e7o espec\u00edfico para livros, o Impresso com registro m\u00f3dico, praticando pre\u00e7o econ\u00f4mico para o envio de livros e atendimento nacional. \u201cA log\u00edstica garantida pelos Correios como empresa estatal ficar\u00e1 comprometida quando interesses privados julgarem a viabilidade econ\u00f4mica da capilaridade dos Correios e submeterem essa decis\u00e3o ao Conselho Administrativo de uma empresa sem compromisso com o pa\u00eds, apenas com o lucro imediato\u201d, diz o documento.<\/p>\n<p>Os editores reconhecem que todos j\u00e1 tiveram problemas com a estatal, \u201cmas nada garante, pelo contr\u00e1rio, que tal empresa, privatizada, ter\u00e1 servi\u00e7os melhores\u201d e conclui: \u201cO que est\u00e1 por tr\u00e1s da venda dessa empresa p\u00fablica \u00e9 tremendamente prejudicial para a sociedade brasileira. Muitos pequenos empreendedores, como n\u00f3s, editoras pequenas e independentes, sobretudo os que est\u00e3o fora do eixo Rio-S\u00e3o Paulo, junto de autores e autoras independentes, sofrer\u00e3o com poss\u00edveis aumentos de tarifas e a exclus\u00e3o dos envios exclusivos para livros ou documentos, que nos possibilitam enviar livros para todo o pa\u00eds num pre\u00e7o dentro de uma categoria m\u00f3dica, buscando amenizar o valor o frete\u201d.<\/p>\n<p>Leia abaixo a \u00edntegra do manifesto:<\/p>\n<p>N\u00e3o \u00e0 privatiza\u00e7\u00e3o dos Correios!<\/p>\n<p>POSICIONAMENTO DA LIBRE \u2013 LIGA BRASILEIRA DE EDITORAS E DO GRUPO MINAS PELO LIVRO<\/p>\n<p>SOBRE O PROJETO DE LEI 591\/2021<\/p>\n<p>Nas pr\u00f3ximas semanas ou ap\u00f3s o fim do recesso parlamentar, come\u00e7ar\u00e3o os embates sobre a privatiza\u00e7\u00e3o dos Correios na C\u00e2mara dos Deputados, que discute o projeto de lei 591\/2021.<\/p>\n<p>A Libre \u2013 Liga Brasileira de Editoras acredita que a simples proposi\u00e7\u00e3o desta privatiza\u00e7\u00e3o \u00e9 um equ\u00edvoco, com impacto negativo para a circula\u00e7\u00e3o e para a composi\u00e7\u00e3o final do pre\u00e7o do livro no pa\u00eds. Por isso, e por acreditar que a proposta n\u00e3o deve prosperar, nos posicionamos claramente contra a privatiza\u00e7\u00e3o.<\/p>\n<p>Os Correios s\u00e3o uma das institui\u00e7\u00f5es p\u00fablicas mais antigas do pa\u00eds. Foram um elemento fundamental no processo de integra\u00e7\u00e3o territorial brasileiro. Al\u00e9m disso, \u00e9 uma empresa lucrativa, com lucro l\u00edquido de R$ 1,5 bilh\u00f5es em 2020.<\/p>\n<p>Como j\u00e1 apontou o pesquisador Igor Venceslau, \u201ca maioria dos pa\u00edses tem absoluta no\u00e7\u00e3o do que significa para a soberania nacional entregar um servi\u00e7o estrat\u00e9gico para uma empresa privada, principalmente no caso de empresas estrangeiras como FedEx, DHL ou Amazon, que j\u00e1 anunciaram interesse na compra dos Correios\u201d.<\/p>\n<p>Segundo Venceslau, a tentativa de privatizar os Correios p\u00f5e em jogo n\u00e3o apenas o fluxo de mercadorias e a articula\u00e7\u00e3o espacial do pa\u00eds, mas tamb\u00e9m, e principalmente, \u201cas informa\u00e7\u00f5es do cadastro de endere\u00e7os e o que chega aos domic\u00edlios. O princ\u00edpio da inviolabilidade postal n\u00e3o estaria garantido em empresas que j\u00e1 demonstraram como tratam os dados dos consumidores\u201d.<\/p>\n<p>\u00c9 importante levar isso e muito mais em conta quando se pensa na venda dos Correios.<\/p>\n<p>Para os editores, est\u00e1 em jogo tamb\u00e9m a garantia de que os livros continuar\u00e3o a chegar a todos os lugares do pa\u00eds por um pre\u00e7o razo\u00e1vel_. A log\u00edstica garantida pelos Correios como empresa estatal ficar\u00e1 comprometida quando interesses privados julgarem a viabilidade econ\u00f4mica da capilaridade dos Correios e submeterem essa decis\u00e3o ao Conselho Administrativo de uma empresa sem compromisso com o pa\u00eds, apenas com o lucro imediato.<\/p>\n<p>Hoje, os Correios est\u00e3o presentes em todos os munic\u00edpios brasileiros: uma empresa privada manter\u00e1 essa rede operante?<\/p>\n<p>Todos j\u00e1 tivemos problemas com os Correios. At\u00e9 por conta da quantidade de tarefas que ele se prop\u00f5e a fazer. Mas nada garante, pelo contr\u00e1rio, que tal empresa, privatizada, ter\u00e1 servi\u00e7os melhores.<\/p>\n<p>O que est\u00e1 por tr\u00e1s da venda dessa empresa p\u00fablica \u00e9 tremendamente prejudicial para a sociedade brasileira. Muitos pequenos empreendedores, como n\u00f3s, editoras pequenas e independentes, sobretudo os que est\u00e3o fora do eixo Rio-S\u00e3o Paulo, junto de autores e autoras independentes, sofrer\u00e3o com poss\u00edveis aumentos de tarifas e a exclus\u00e3o dos envios exclusivos para livros ou documentos, que nos possibilitam enviar livros para todo o pa\u00eds num pre\u00e7o dentro de uma categoria m\u00f3dica, buscando amenizar o valor o frete.<\/p>\n<p>Os preju\u00edzos da privatiza\u00e7\u00e3o dos Correios s\u00e3o enormes e em muitas frentes.<\/p>\n<p>A Libre, assim, em defesa da democratiza\u00e7\u00e3o do acesso ao livro e \u00e0 leitura, em defesa dos pequenos e m\u00e9dios editores, e na luta contra a privatiza\u00e7\u00e3o dos dados pessoais dos brasileiros, se posiciona de forma contr\u00e1ria ao proposto no projeto de lei 591\/2021.<\/p>\n<p>#n\u00e3oaprivatiza\u00e7\u00e3odosCorreios<\/p>\n<p>Assinam tamb\u00e9m este manifesto os coletivos Minas pelo livro e Coes\u00e3o Editorial, al\u00e9m de 83 editoras independentes abaixo listadas:<\/p>\n<p>1. Alameda Editorial<br \/>\n2. Aletria<br \/>\n3. Ali\u00e1s Editora<br \/>\n4. Editora Anita Garibaldi<br \/>\n5. Armaz\u00e9m da Cultura<br \/>\n6. Autonomia Liter\u00e1ria<br \/>\n7. aziza editora<br \/>\n8. Editora Bamboozinho<br \/>\n9. Bandeirola<br \/>\n10. Bazar do Tempo<br \/>\n11. Boitempo<br \/>\n12. C\/Arte<br \/>\n13. Cas&#8217;a edi\u00e7\u00f5es<br \/>\n14. Sebo Virtual Clube Arte Impressa<br \/>\n15. Comunica\u00e7\u00e3o de Fato Editora<br \/>\n16. Contafios<br \/>\n17. Cora Editora<br \/>\n18. Cortez Editora<br \/>\n19. Crivo<br \/>\n20. Curva<br \/>\n21. Dita Livros<br \/>\n22. Dublinense<br \/>\n23. Editora Biruta<br \/>\n24. Editora Cosmos<br \/>\n25. Editora de Cultura<br \/>\n26. Editora Luas<br \/>\n27. Editora Metamorfose<br \/>\n28. Editora Piu<br \/>\n29. Editora Senac<br \/>\n30. Editora Zouk<br \/>\n31. EIS Editora<br \/>\n32. Esta\u00e7\u00e3o Liberdade<br \/>\n33. Fino Tra\u00e7o<br \/>\n34. Francesinha<br \/>\n35. Gulliver<br \/>\n36. Impress\u00f5es de Minas Editora<br \/>\n37. Jaguatirica<br \/>\n38. Janda\u00edra<br \/>\n39. Jujuba<br \/>\n40. Libretos<br \/>\n41. L\u00facida Letra<br \/>\n42. Luva<br \/>\n43. Macondo<br \/>\n44. Magia dos Livros<br \/>\n45. Mauad<br \/>\n46. Mazza Edi\u00e7\u00f5es<br \/>\n47. Mem\u00f3ria Visual<br \/>\n48. Mercurio Jovem<br \/>\n49. Meridional \/ Sulina<br \/>\n50. MRN Editora<br \/>\n51. Mundar\u00e9u<br \/>\n52. NegaLilu Editora<br \/>\n53. N\u00f3s<br \/>\n54. Nova Alexandria<br \/>\n55. Numa Editora<br \/>\n56. Oficina Raquel<br \/>\n57. \u00d4Z\u00e9<br \/>\n58. P\u00e1ginas Editora<br \/>\n59. Pallas<br \/>\n60. PanaPan\u00e1<br \/>\n61. Papagaio<br \/>\n62. Par\u00e1bola Editorial<br \/>\n63. Paratexto<br \/>\n64. Phonte88<br \/>\n65. Pinakotheke<br \/>\n66. Primeiro Lugar<br \/>\n67. Quintal<br \/>\n68. Quixote+DO<br \/>\n69. Relic\u00e1rio<br \/>\n70. Sa\u00edra Editorial<br \/>\n71. Sebo Clepsidra<br \/>\n72. Semente Editorial<br \/>\n73. Sobinflu\u00eancia Edi\u00e7\u00f5es<br \/>\n74. Solisluna Editora<br \/>\n75. Sundermann<br \/>\n76. Sur livros<br \/>\n77. Terceiro Nome<br \/>\n78. Tipografia do Z\u00e9<br \/>\n79. Tomo Editorial<br \/>\n80. Ubu Editora<br \/>\n81. Venas Abiertas BH<br \/>\n82. Vermelho Marinho<br \/>\n83. Volta e Meia<br \/>\n84. Nankin<br \/>\n85. Moinhos<\/p>\n","protected":false},"excerpt":{"rendered":"<p>Uma das grandes discuss\u00f5es do momento em Bras\u00edlia \u00e9 a privatiza\u00e7\u00e3o dos Correios. Corre na C\u00e2mara dos Deputados o projeto de lei 591\/2021 que prev\u00ea a venda da estatal. A Liga Brasileira de Editoras (Libre) se uniu aos grupos Coes\u00e3o Editorial e Minas pelo Livro para compor um manifesto contra a privatiza\u00e7\u00e3o.<\/p>\n","protected":false},"author":4,"featured_media":0,"comment_status":"closed","ping_status":"closed","sticky":false,"template":"","format":"standard","meta":{"footnotes":"","_links_to":"","_links_to_target":""},"categories":[9],"tags":[],"class_list":["post-14521","post","type-post","status-publish","format-standard","hentry","category-noticias-da-imprensa"],"yoast_head":"<!-- This site is optimized with the Yoast SEO plugin v15.1 - https:\/\/yoast.com\/wordpress\/plugins\/seo\/ -->\n<title>Editores se unem para ir contra a privatiza\u00e7\u00e3o dos Correios &raquo; Abrelivros<\/title>\n<meta name=\"robots\" content=\"index, follow, max-snippet:-1, max-image-preview:large, max-video-preview:-1\" \/>\n<link rel=\"canonical\" href=\"https:\/\/abrelivros.org.br\/site\/editores-se-unem-para-ir-contra-a-privatizacao-dos-correios\/\" \/>\n<meta property=\"og:locale\" content=\"pt_BR\" \/>\n<meta property=\"og:type\" content=\"article\" \/>\n<meta property=\"og:title\" content=\"Editores se unem para ir contra a privatiza\u00e7\u00e3o dos Correios &raquo; Abrelivros\" \/>\n<meta property=\"og:description\" content=\"Uma das grandes discuss\u00f5es do momento em Bras\u00edlia \u00e9 a privatiza\u00e7\u00e3o dos Correios. Corre na C\u00e2mara dos Deputados o projeto de lei 591\/2021 que prev\u00ea a venda da estatal. A Liga Brasileira de Editoras (Libre) se uniu aos grupos Coes\u00e3o Editorial e Minas pelo Livro para compor um manifesto contra a privatiza\u00e7\u00e3o.\" \/>\n<meta property=\"og:url\" content=\"https:\/\/abrelivros.org.br\/site\/editores-se-unem-para-ir-contra-a-privatizacao-dos-correios\/\" \/>\n<meta property=\"og:site_name\" content=\"Abrelivros\" \/>\n<meta property=\"article:published_time\" content=\"2021-07-26T17:42:12+00:00\" \/>\n<meta name=\"twitter:card\" content=\"summary_large_image\" \/>\n<script type=\"application\/ld+json\" class=\"yoast-schema-graph\">{\"@context\":\"https:\/\/schema.org\",\"@graph\":[{\"@type\":\"WebSite\",\"@id\":\"https:\/\/abrelivros.org.br\/site\/#website\",\"url\":\"https:\/\/abrelivros.org.br\/site\/\",\"name\":\"Abrelivros\",\"description\":\"\",\"potentialAction\":[{\"@type\":\"SearchAction\",\"target\":\"https:\/\/abrelivros.org.br\/site\/?s={search_term_string}\",\"query-input\":\"required name=search_term_string\"}],\"inLanguage\":\"pt-BR\"},{\"@type\":\"WebPage\",\"@id\":\"https:\/\/abrelivros.org.br\/site\/editores-se-unem-para-ir-contra-a-privatizacao-dos-correios\/#webpage\",\"url\":\"https:\/\/abrelivros.org.br\/site\/editores-se-unem-para-ir-contra-a-privatizacao-dos-correios\/\",\"name\":\"Editores se unem para ir contra a privatiza\\u00e7\\u00e3o dos Correios &raquo; Abrelivros\",\"isPartOf\":{\"@id\":\"https:\/\/abrelivros.org.br\/site\/#website\"},\"datePublished\":\"2021-07-26T17:42:12+00:00\",\"dateModified\":\"2021-07-26T17:42:12+00:00\",\"author\":{\"@id\":\"https:\/\/abrelivros.org.br\/site\/#\/schema\/person\/65db80e26409802ce15ac5feec6a15fd\"},\"breadcrumb\":{\"@id\":\"https:\/\/abrelivros.org.br\/site\/editores-se-unem-para-ir-contra-a-privatizacao-dos-correios\/#breadcrumb\"},\"inLanguage\":\"pt-BR\",\"potentialAction\":[{\"@type\":\"ReadAction\",\"target\":[\"https:\/\/abrelivros.org.br\/site\/editores-se-unem-para-ir-contra-a-privatizacao-dos-correios\/\"]}]},{\"@type\":\"BreadcrumbList\",\"@id\":\"https:\/\/abrelivros.org.br\/site\/editores-se-unem-para-ir-contra-a-privatizacao-dos-correios\/#breadcrumb\",\"itemListElement\":[{\"@type\":\"ListItem\",\"position\":1,\"item\":{\"@type\":\"WebPage\",\"@id\":\"https:\/\/abrelivros.org.br\/site\/\",\"url\":\"https:\/\/abrelivros.org.br\/site\/\",\"name\":\"In\\u00edcio\"}},{\"@type\":\"ListItem\",\"position\":2,\"item\":{\"@type\":\"WebPage\",\"@id\":\"https:\/\/abrelivros.org.br\/site\/category\/noticias\/\",\"url\":\"https:\/\/abrelivros.org.br\/site\/category\/noticias\/\",\"name\":\"Not\\u00edcias\"}},{\"@type\":\"ListItem\",\"position\":3,\"item\":{\"@type\":\"WebPage\",\"@id\":\"https:\/\/abrelivros.org.br\/site\/category\/noticias\/noticias-da-imprensa\/\",\"url\":\"https:\/\/abrelivros.org.br\/site\/category\/noticias\/noticias-da-imprensa\/\",\"name\":\"Not\\u00edcias da imprensa\"}},{\"@type\":\"ListItem\",\"position\":4,\"item\":{\"@type\":\"WebPage\",\"@id\":\"https:\/\/abrelivros.org.br\/site\/editores-se-unem-para-ir-contra-a-privatizacao-dos-correios\/\",\"url\":\"https:\/\/abrelivros.org.br\/site\/editores-se-unem-para-ir-contra-a-privatizacao-dos-correios\/\",\"name\":\"Editores se unem para ir contra a privatiza\\u00e7\\u00e3o dos Correios\"}}]},{\"@type\":\"Person\",\"@id\":\"https:\/\/abrelivros.org.br\/site\/#\/schema\/person\/65db80e26409802ce15ac5feec6a15fd\",\"name\":\"Reda\\u00e7\\u00e3o Abrelivros\",\"image\":{\"@type\":\"ImageObject\",\"@id\":\"https:\/\/abrelivros.org.br\/site\/#personlogo\",\"inLanguage\":\"pt-BR\",\"url\":\"https:\/\/secure.gravatar.com\/avatar\/c4e57f9c7e3482965bd428192061218520756c39080b1d1820b679fa5e9af192?s=96&d=mm&r=g\",\"caption\":\"Reda\\u00e7\\u00e3o Abrelivros\"}}]}<\/script>\n<!-- \/ Yoast SEO plugin. -->","_links":{"self":[{"href":"https:\/\/abrelivros.org.br\/site\/wp-json\/wp\/v2\/posts\/14521","targetHints":{"allow":["GET"]}}],"collection":[{"href":"https:\/\/abrelivros.org.br\/site\/wp-json\/wp\/v2\/posts"}],"about":[{"href":"https:\/\/abrelivros.org.br\/site\/wp-json\/wp\/v2\/types\/post"}],"author":[{"embeddable":true,"href":"https:\/\/abrelivros.org.br\/site\/wp-json\/wp\/v2\/users\/4"}],"replies":[{"embeddable":true,"href":"https:\/\/abrelivros.org.br\/site\/wp-json\/wp\/v2\/comments?post=14521"}],"version-history":[{"count":1,"href":"https:\/\/abrelivros.org.br\/site\/wp-json\/wp\/v2\/posts\/14521\/revisions"}],"predecessor-version":[{"id":14522,"href":"https:\/\/abrelivros.org.br\/site\/wp-json\/wp\/v2\/posts\/14521\/revisions\/14522"}],"wp:attachment":[{"href":"https:\/\/abrelivros.org.br\/site\/wp-json\/wp\/v2\/media?parent=14521"}],"wp:term":[{"taxonomy":"category","embeddable":true,"href":"https:\/\/abrelivros.org.br\/site\/wp-json\/wp\/v2\/categories?post=14521"},{"taxonomy":"post_tag","embeddable":true,"href":"https:\/\/abrelivros.org.br\/site\/wp-json\/wp\/v2\/tags?post=14521"}],"curies":[{"name":"wp","href":"https:\/\/api.w.org\/{rel}","templated":true}]}}