{"id":14515,"date":"2021-07-23T15:14:32","date_gmt":"2021-07-23T18:14:32","guid":{"rendered":"https:\/\/abrelivros.org.br\/site\/?p=14515"},"modified":"2021-07-23T15:14:32","modified_gmt":"2021-07-23T18:14:32","slug":"aprendizado-remoto-foi-insuficiente-dizem-especialistas-2","status":"publish","type":"post","link":"https:\/\/abrelivros.org.br\/site\/aprendizado-remoto-foi-insuficiente-dizem-especialistas-2\/","title":{"rendered":"Aprendizado remoto foi insuficiente, dizem especialistas"},"content":{"rendered":"<p>O modelo de ensino remoto adotado \u00e0s pressas em 2020 em raz\u00e3o da pandemia ficou aqu\u00e9m em aprendizado, na compara\u00e7\u00e3o com o presencial, avaliam especialistas. &#8220;Todas as evid\u00eancias levantadas at\u00e9 o momento, seja no Brasil, seja no exterior, demonstram que os estudantes deixaram de aprender durante a pandemia&#8221;, diz Alexandre Schneider, pesquisador do Centro de Estudos em Pol\u00edtica e Economia do Setor P\u00fablico da FGV.<!--more--><\/p>\n<p>Para o ex-secret\u00e1rio municipal de Educa\u00e7\u00e3o de S\u00e3o Paulo, o modelo remoto n\u00e3o substitui perfeitamente o presencial, sobretudo no ensino b\u00e1sico. \u00c9 preciso considerar o &#8220;elevado contingente de crian\u00e7as e adolescentes em condi\u00e7\u00f5es prec\u00e1rias, sem internet, sem dispositivos eletr\u00f4nicos ou mesmo um lugar adequado para estudar&#8221;. Ele alerta para a necessidade de pol\u00edticas educacionais e de apoio, como recupera\u00e7\u00e3o de conte\u00fados e acolhimento.<\/p>\n<p>Anna Helena Altenfelder, presidente do Cenpec Educa\u00e7\u00e3o, diz que a situa\u00e7\u00e3o nas redes municipais \u00e9 ainda mais preocupante. &#8220;Falta coordena\u00e7\u00e3o nacional, que deveria ser feita pelo MEC&#8221;, avalia. Ela analisa que a demora no retorno presencial \u00e0s aulas se deve, principalmente, \u00e0 falta de planejamento de estados e munic\u00edpios e ao atraso da vacina\u00e7\u00e3o em todo o Pa\u00eds.<\/p>\n<p>A rede cearense, que agenda o retorno presencial para agosto, vai colocar em curso uma estrat\u00e9gia de avalia\u00e7\u00e3o diagn\u00f3stica, apontada por especialistas como essencial para identificar as principais defasagens e grupos mais prejudicados.<\/p>\n<p>Parceria entre a Secretaria da Educa\u00e7\u00e3o e a Universidade Estadual (Uece) prev\u00ea uma avalia\u00e7\u00e3o amostral em todas as 184 cidades cearenses, com turmas do 5\u00ba ao 9\u00ba anos do ensino fundamental e o 3\u00ba do m\u00e9dio.<\/p>\n<p>Conforme Jorge Lira, cientista-chefe da Educa\u00e7\u00e3o do Estado, a amostra considera, por exemplo, o n\u00edvel socioecon\u00f4mico do aluno, tipo e modalidade da escola, localidade, g\u00eanero dos respondentes. Secret\u00e1ria executiva do Ensino M\u00e9dio e Profissional da pasta cearense da Educa\u00e7\u00e3o, Jucineide Fernandes afirma que as atividades letivas dos pr\u00f3ximos meses ser\u00e3o orientadas conforme o que for observado nos testes.<\/p>\n<p>As informa\u00e7\u00f5es s\u00e3o do jornal O Estado de S. Paulo.<\/p>\n","protected":false},"excerpt":{"rendered":"<p>O modelo de ensino remoto adotado \u00e0s pressas em 2020 em raz\u00e3o da pandemia ficou aqu\u00e9m em aprendizado, na compara\u00e7\u00e3o com o presencial, avaliam especialistas. &#8220;Todas as evid\u00eancias levantadas at\u00e9 o momento, seja no Brasil, seja no exterior, demonstram que os estudantes deixaram de aprender durante a pandemia&#8221;, diz Alexandre Schneider, pesquisador do Centro de [&hellip;]<\/p>\n","protected":false},"author":4,"featured_media":0,"comment_status":"closed","ping_status":"closed","sticky":false,"template":"","format":"standard","meta":{"footnotes":"","_links_to":"","_links_to_target":""},"categories":[9],"tags":[],"class_list":["post-14515","post","type-post","status-publish","format-standard","hentry","category-noticias-da-imprensa"],"yoast_head":"<!-- This site is optimized with the Yoast SEO plugin v15.1 - https:\/\/yoast.com\/wordpress\/plugins\/seo\/ -->\n<title>Aprendizado remoto foi insuficiente, dizem especialistas &raquo; Abrelivros<\/title>\n<meta name=\"robots\" content=\"index, follow, max-snippet:-1, max-image-preview:large, max-video-preview:-1\" \/>\n<link rel=\"canonical\" href=\"https:\/\/abrelivros.org.br\/site\/aprendizado-remoto-foi-insuficiente-dizem-especialistas-2\/\" \/>\n<meta property=\"og:locale\" content=\"pt_BR\" \/>\n<meta property=\"og:type\" content=\"article\" \/>\n<meta property=\"og:title\" content=\"Aprendizado remoto foi insuficiente, dizem especialistas &raquo; Abrelivros\" \/>\n<meta property=\"og:description\" content=\"O modelo de ensino remoto adotado \u00e0s pressas em 2020 em raz\u00e3o da pandemia ficou aqu\u00e9m em aprendizado, na compara\u00e7\u00e3o com o presencial, avaliam especialistas. &#8220;Todas as evid\u00eancias levantadas at\u00e9 o momento, seja no Brasil, seja no exterior, demonstram que os estudantes deixaram de aprender durante a pandemia&#8221;, diz Alexandre Schneider, pesquisador do Centro de [&hellip;]\" \/>\n<meta property=\"og:url\" content=\"https:\/\/abrelivros.org.br\/site\/aprendizado-remoto-foi-insuficiente-dizem-especialistas-2\/\" \/>\n<meta property=\"og:site_name\" content=\"Abrelivros\" \/>\n<meta property=\"article:published_time\" content=\"2021-07-23T18:14:32+00:00\" \/>\n<meta name=\"twitter:card\" content=\"summary_large_image\" \/>\n<script type=\"application\/ld+json\" class=\"yoast-schema-graph\">{\"@context\":\"https:\/\/schema.org\",\"@graph\":[{\"@type\":\"WebSite\",\"@id\":\"https:\/\/abrelivros.org.br\/site\/#website\",\"url\":\"https:\/\/abrelivros.org.br\/site\/\",\"name\":\"Abrelivros\",\"description\":\"\",\"potentialAction\":[{\"@type\":\"SearchAction\",\"target\":\"https:\/\/abrelivros.org.br\/site\/?s={search_term_string}\",\"query-input\":\"required name=search_term_string\"}],\"inLanguage\":\"pt-BR\"},{\"@type\":\"WebPage\",\"@id\":\"https:\/\/abrelivros.org.br\/site\/aprendizado-remoto-foi-insuficiente-dizem-especialistas-2\/#webpage\",\"url\":\"https:\/\/abrelivros.org.br\/site\/aprendizado-remoto-foi-insuficiente-dizem-especialistas-2\/\",\"name\":\"Aprendizado remoto foi insuficiente, dizem especialistas &raquo; Abrelivros\",\"isPartOf\":{\"@id\":\"https:\/\/abrelivros.org.br\/site\/#website\"},\"datePublished\":\"2021-07-23T18:14:32+00:00\",\"dateModified\":\"2021-07-23T18:14:32+00:00\",\"author\":{\"@id\":\"https:\/\/abrelivros.org.br\/site\/#\/schema\/person\/65db80e26409802ce15ac5feec6a15fd\"},\"breadcrumb\":{\"@id\":\"https:\/\/abrelivros.org.br\/site\/aprendizado-remoto-foi-insuficiente-dizem-especialistas-2\/#breadcrumb\"},\"inLanguage\":\"pt-BR\",\"potentialAction\":[{\"@type\":\"ReadAction\",\"target\":[\"https:\/\/abrelivros.org.br\/site\/aprendizado-remoto-foi-insuficiente-dizem-especialistas-2\/\"]}]},{\"@type\":\"BreadcrumbList\",\"@id\":\"https:\/\/abrelivros.org.br\/site\/aprendizado-remoto-foi-insuficiente-dizem-especialistas-2\/#breadcrumb\",\"itemListElement\":[{\"@type\":\"ListItem\",\"position\":1,\"item\":{\"@type\":\"WebPage\",\"@id\":\"https:\/\/abrelivros.org.br\/site\/\",\"url\":\"https:\/\/abrelivros.org.br\/site\/\",\"name\":\"In\\u00edcio\"}},{\"@type\":\"ListItem\",\"position\":2,\"item\":{\"@type\":\"WebPage\",\"@id\":\"https:\/\/abrelivros.org.br\/site\/category\/noticias\/\",\"url\":\"https:\/\/abrelivros.org.br\/site\/category\/noticias\/\",\"name\":\"Not\\u00edcias\"}},{\"@type\":\"ListItem\",\"position\":3,\"item\":{\"@type\":\"WebPage\",\"@id\":\"https:\/\/abrelivros.org.br\/site\/category\/noticias\/noticias-da-imprensa\/\",\"url\":\"https:\/\/abrelivros.org.br\/site\/category\/noticias\/noticias-da-imprensa\/\",\"name\":\"Not\\u00edcias da imprensa\"}},{\"@type\":\"ListItem\",\"position\":4,\"item\":{\"@type\":\"WebPage\",\"@id\":\"https:\/\/abrelivros.org.br\/site\/aprendizado-remoto-foi-insuficiente-dizem-especialistas-2\/\",\"url\":\"https:\/\/abrelivros.org.br\/site\/aprendizado-remoto-foi-insuficiente-dizem-especialistas-2\/\",\"name\":\"Aprendizado remoto foi insuficiente, dizem especialistas\"}}]},{\"@type\":\"Person\",\"@id\":\"https:\/\/abrelivros.org.br\/site\/#\/schema\/person\/65db80e26409802ce15ac5feec6a15fd\",\"name\":\"Reda\\u00e7\\u00e3o Abrelivros\",\"image\":{\"@type\":\"ImageObject\",\"@id\":\"https:\/\/abrelivros.org.br\/site\/#personlogo\",\"inLanguage\":\"pt-BR\",\"url\":\"https:\/\/secure.gravatar.com\/avatar\/c4e57f9c7e3482965bd428192061218520756c39080b1d1820b679fa5e9af192?s=96&d=mm&r=g\",\"caption\":\"Reda\\u00e7\\u00e3o Abrelivros\"}}]}<\/script>\n<!-- \/ Yoast SEO plugin. -->","_links":{"self":[{"href":"https:\/\/abrelivros.org.br\/site\/wp-json\/wp\/v2\/posts\/14515","targetHints":{"allow":["GET"]}}],"collection":[{"href":"https:\/\/abrelivros.org.br\/site\/wp-json\/wp\/v2\/posts"}],"about":[{"href":"https:\/\/abrelivros.org.br\/site\/wp-json\/wp\/v2\/types\/post"}],"author":[{"embeddable":true,"href":"https:\/\/abrelivros.org.br\/site\/wp-json\/wp\/v2\/users\/4"}],"replies":[{"embeddable":true,"href":"https:\/\/abrelivros.org.br\/site\/wp-json\/wp\/v2\/comments?post=14515"}],"version-history":[{"count":1,"href":"https:\/\/abrelivros.org.br\/site\/wp-json\/wp\/v2\/posts\/14515\/revisions"}],"predecessor-version":[{"id":14516,"href":"https:\/\/abrelivros.org.br\/site\/wp-json\/wp\/v2\/posts\/14515\/revisions\/14516"}],"wp:attachment":[{"href":"https:\/\/abrelivros.org.br\/site\/wp-json\/wp\/v2\/media?parent=14515"}],"wp:term":[{"taxonomy":"category","embeddable":true,"href":"https:\/\/abrelivros.org.br\/site\/wp-json\/wp\/v2\/categories?post=14515"},{"taxonomy":"post_tag","embeddable":true,"href":"https:\/\/abrelivros.org.br\/site\/wp-json\/wp\/v2\/tags?post=14515"}],"curies":[{"name":"wp","href":"https:\/\/api.w.org\/{rel}","templated":true}]}}