{"id":14512,"date":"2021-07-23T15:05:15","date_gmt":"2021-07-23T18:05:15","guid":{"rendered":"https:\/\/abrelivros.org.br\/site\/?p=14512"},"modified":"2021-07-23T15:05:15","modified_gmt":"2021-07-23T18:05:15","slug":"formacao-continuada-em-praticas-de-alfabetizacao-apresenta-estrategias-para-o-ensino-fundamental","status":"publish","type":"post","link":"https:\/\/abrelivros.org.br\/site\/formacao-continuada-em-praticas-de-alfabetizacao-apresenta-estrategias-para-o-ensino-fundamental\/","title":{"rendered":"Forma\u00e7\u00e3o Continuada em Pr\u00e1ticas de Alfabetiza\u00e7\u00e3o apresenta estrat\u00e9gias para o ensino fundamental"},"content":{"rendered":"<p>O Minist\u00e9rio da Educa\u00e7\u00e3o (MEC) lan\u00e7ou, por meio da Secretaria de Alfabetiza\u00e7\u00e3o (Sealf), o curso de Forma\u00e7\u00e3o Continuada em Pr\u00e1ticas de Alfabetiza\u00e7\u00e3o. Trata-se de uma forma\u00e7\u00e3o composta por sete m\u00f3dulos de conte\u00fado, destinada especialmente a professores, coordenadores pedag\u00f3gicos, diretores escolares e assistentes de alfabetiza\u00e7\u00e3o.<!--more--> O curso, que est\u00e1 dispon\u00edvel na plataforma Avamec, tamb\u00e9m pode ser proveitoso para gestores de redes educacionais e para toda a sociedade civil engajada no assunto.<\/p>\n<p>O curso apresenta estrat\u00e9gias de ensino e atividades destinadas ao 1\u00ba e 2\u00ba ano do ensino fundamental. Todas as estrat\u00e9gias s\u00e3o baseadas em evid\u00eancias cient\u00edficas e s\u00e3o de car\u00e1ter pr\u00e1tico, voltadas \u00e0 sala de aula. Os conte\u00fados mais elementares s\u00e3o \u00fateis para crian\u00e7as do \u00faltimo ano da pr\u00e9-escola que, apesar de n\u00e3o estarem sendo alfabetizadas, podem desenvolver importantes habilidades que facilitar\u00e3o o futuro processo de alfabetiza\u00e7\u00e3o. Al\u00e9m disso, os conte\u00fados tamb\u00e9m podem servir como refor\u00e7o para crian\u00e7as de idades mais avan\u00e7adas.<\/p>\n<p>A forma\u00e7\u00e3o apresenta, ainda, conte\u00fados como flu\u00eancia, vocabul\u00e1rio, produ\u00e7\u00e3o de escrita, conhecimento alfab\u00e9tico e mais. A inscri\u00e7\u00e3o e a participa\u00e7\u00e3o no curso s\u00e3o gratuitas e livres para todos, independendo da ades\u00e3o do ente federativo ao programa Tempo de Aprender. Ao final do curso, \u00e9 disponibilizado um certificado que apresenta a m\u00e9dia final, a data de in\u00edcio e de conclus\u00e3o das aulas.<\/p>\n<p><a href=\"https:\/\/avamec.mec.gov.br\/#\/instituicao\/sealf\/curso\/5401\/informacoes\" target=\"_blank\" rel=\"noopener noreferrer\">Inscreva-se<\/a> no Curso de Forma\u00e7\u00e3o Continuada em Pr\u00e1ticas de Alfabetiza\u00e7\u00e3o.<\/p>\n<p><a href=\"https:\/\/avamec.mec.gov.br\/#\/instituicao\/sealf\/curso\/listar\" target=\"_blank\" rel=\"noopener noreferrer\">Conhe\u00e7a<\/a> outros cursos da Sealf.<\/p>\n","protected":false},"excerpt":{"rendered":"<p>O Minist\u00e9rio da Educa\u00e7\u00e3o (MEC) lan\u00e7ou, por meio da Secretaria de Alfabetiza\u00e7\u00e3o (Sealf), o curso de Forma\u00e7\u00e3o Continuada em Pr\u00e1ticas de Alfabetiza\u00e7\u00e3o. Trata-se de uma forma\u00e7\u00e3o composta por sete m\u00f3dulos de conte\u00fado, destinada especialmente a professores, coordenadores pedag\u00f3gicos, diretores escolares e assistentes de alfabetiza\u00e7\u00e3o.<\/p>\n","protected":false},"author":4,"featured_media":0,"comment_status":"closed","ping_status":"closed","sticky":false,"template":"","format":"standard","meta":{"footnotes":"","_links_to":"","_links_to_target":""},"categories":[9],"tags":[],"class_list":["post-14512","post","type-post","status-publish","format-standard","hentry","category-noticias-da-imprensa"],"yoast_head":"<!-- This site is optimized with the Yoast SEO plugin v15.1 - https:\/\/yoast.com\/wordpress\/plugins\/seo\/ -->\n<title>Forma\u00e7\u00e3o Continuada em Pr\u00e1ticas de Alfabetiza\u00e7\u00e3o apresenta estrat\u00e9gias para o ensino fundamental &raquo; Abrelivros<\/title>\n<meta name=\"robots\" content=\"index, follow, max-snippet:-1, max-image-preview:large, max-video-preview:-1\" \/>\n<link rel=\"canonical\" href=\"https:\/\/abrelivros.org.br\/site\/formacao-continuada-em-praticas-de-alfabetizacao-apresenta-estrategias-para-o-ensino-fundamental\/\" \/>\n<meta property=\"og:locale\" content=\"pt_BR\" \/>\n<meta property=\"og:type\" content=\"article\" \/>\n<meta property=\"og:title\" content=\"Forma\u00e7\u00e3o Continuada em Pr\u00e1ticas de Alfabetiza\u00e7\u00e3o apresenta estrat\u00e9gias para o ensino fundamental &raquo; Abrelivros\" \/>\n<meta property=\"og:description\" content=\"O Minist\u00e9rio da Educa\u00e7\u00e3o (MEC) lan\u00e7ou, por meio da Secretaria de Alfabetiza\u00e7\u00e3o (Sealf), o curso de Forma\u00e7\u00e3o Continuada em Pr\u00e1ticas de Alfabetiza\u00e7\u00e3o. Trata-se de uma forma\u00e7\u00e3o composta por sete m\u00f3dulos de conte\u00fado, destinada especialmente a professores, coordenadores pedag\u00f3gicos, diretores escolares e assistentes de alfabetiza\u00e7\u00e3o.\" \/>\n<meta property=\"og:url\" content=\"https:\/\/abrelivros.org.br\/site\/formacao-continuada-em-praticas-de-alfabetizacao-apresenta-estrategias-para-o-ensino-fundamental\/\" \/>\n<meta property=\"og:site_name\" content=\"Abrelivros\" \/>\n<meta property=\"article:published_time\" content=\"2021-07-23T18:05:15+00:00\" \/>\n<meta name=\"twitter:card\" content=\"summary_large_image\" \/>\n<script type=\"application\/ld+json\" class=\"yoast-schema-graph\">{\"@context\":\"https:\/\/schema.org\",\"@graph\":[{\"@type\":\"WebSite\",\"@id\":\"https:\/\/abrelivros.org.br\/site\/#website\",\"url\":\"https:\/\/abrelivros.org.br\/site\/\",\"name\":\"Abrelivros\",\"description\":\"\",\"potentialAction\":[{\"@type\":\"SearchAction\",\"target\":\"https:\/\/abrelivros.org.br\/site\/?s={search_term_string}\",\"query-input\":\"required name=search_term_string\"}],\"inLanguage\":\"pt-BR\"},{\"@type\":\"WebPage\",\"@id\":\"https:\/\/abrelivros.org.br\/site\/formacao-continuada-em-praticas-de-alfabetizacao-apresenta-estrategias-para-o-ensino-fundamental\/#webpage\",\"url\":\"https:\/\/abrelivros.org.br\/site\/formacao-continuada-em-praticas-de-alfabetizacao-apresenta-estrategias-para-o-ensino-fundamental\/\",\"name\":\"Forma\\u00e7\\u00e3o Continuada em Pr\\u00e1ticas de Alfabetiza\\u00e7\\u00e3o apresenta estrat\\u00e9gias para o ensino fundamental &raquo; Abrelivros\",\"isPartOf\":{\"@id\":\"https:\/\/abrelivros.org.br\/site\/#website\"},\"datePublished\":\"2021-07-23T18:05:15+00:00\",\"dateModified\":\"2021-07-23T18:05:15+00:00\",\"author\":{\"@id\":\"https:\/\/abrelivros.org.br\/site\/#\/schema\/person\/65db80e26409802ce15ac5feec6a15fd\"},\"breadcrumb\":{\"@id\":\"https:\/\/abrelivros.org.br\/site\/formacao-continuada-em-praticas-de-alfabetizacao-apresenta-estrategias-para-o-ensino-fundamental\/#breadcrumb\"},\"inLanguage\":\"pt-BR\",\"potentialAction\":[{\"@type\":\"ReadAction\",\"target\":[\"https:\/\/abrelivros.org.br\/site\/formacao-continuada-em-praticas-de-alfabetizacao-apresenta-estrategias-para-o-ensino-fundamental\/\"]}]},{\"@type\":\"BreadcrumbList\",\"@id\":\"https:\/\/abrelivros.org.br\/site\/formacao-continuada-em-praticas-de-alfabetizacao-apresenta-estrategias-para-o-ensino-fundamental\/#breadcrumb\",\"itemListElement\":[{\"@type\":\"ListItem\",\"position\":1,\"item\":{\"@type\":\"WebPage\",\"@id\":\"https:\/\/abrelivros.org.br\/site\/\",\"url\":\"https:\/\/abrelivros.org.br\/site\/\",\"name\":\"In\\u00edcio\"}},{\"@type\":\"ListItem\",\"position\":2,\"item\":{\"@type\":\"WebPage\",\"@id\":\"https:\/\/abrelivros.org.br\/site\/category\/noticias\/\",\"url\":\"https:\/\/abrelivros.org.br\/site\/category\/noticias\/\",\"name\":\"Not\\u00edcias\"}},{\"@type\":\"ListItem\",\"position\":3,\"item\":{\"@type\":\"WebPage\",\"@id\":\"https:\/\/abrelivros.org.br\/site\/category\/noticias\/noticias-da-imprensa\/\",\"url\":\"https:\/\/abrelivros.org.br\/site\/category\/noticias\/noticias-da-imprensa\/\",\"name\":\"Not\\u00edcias da imprensa\"}},{\"@type\":\"ListItem\",\"position\":4,\"item\":{\"@type\":\"WebPage\",\"@id\":\"https:\/\/abrelivros.org.br\/site\/formacao-continuada-em-praticas-de-alfabetizacao-apresenta-estrategias-para-o-ensino-fundamental\/\",\"url\":\"https:\/\/abrelivros.org.br\/site\/formacao-continuada-em-praticas-de-alfabetizacao-apresenta-estrategias-para-o-ensino-fundamental\/\",\"name\":\"Forma\\u00e7\\u00e3o Continuada em Pr\\u00e1ticas de Alfabetiza\\u00e7\\u00e3o apresenta estrat\\u00e9gias para o ensino fundamental\"}}]},{\"@type\":\"Person\",\"@id\":\"https:\/\/abrelivros.org.br\/site\/#\/schema\/person\/65db80e26409802ce15ac5feec6a15fd\",\"name\":\"Reda\\u00e7\\u00e3o Abrelivros\",\"image\":{\"@type\":\"ImageObject\",\"@id\":\"https:\/\/abrelivros.org.br\/site\/#personlogo\",\"inLanguage\":\"pt-BR\",\"url\":\"https:\/\/secure.gravatar.com\/avatar\/c4e57f9c7e3482965bd428192061218520756c39080b1d1820b679fa5e9af192?s=96&d=mm&r=g\",\"caption\":\"Reda\\u00e7\\u00e3o Abrelivros\"}}]}<\/script>\n<!-- \/ Yoast SEO plugin. -->","_links":{"self":[{"href":"https:\/\/abrelivros.org.br\/site\/wp-json\/wp\/v2\/posts\/14512","targetHints":{"allow":["GET"]}}],"collection":[{"href":"https:\/\/abrelivros.org.br\/site\/wp-json\/wp\/v2\/posts"}],"about":[{"href":"https:\/\/abrelivros.org.br\/site\/wp-json\/wp\/v2\/types\/post"}],"author":[{"embeddable":true,"href":"https:\/\/abrelivros.org.br\/site\/wp-json\/wp\/v2\/users\/4"}],"replies":[{"embeddable":true,"href":"https:\/\/abrelivros.org.br\/site\/wp-json\/wp\/v2\/comments?post=14512"}],"version-history":[{"count":1,"href":"https:\/\/abrelivros.org.br\/site\/wp-json\/wp\/v2\/posts\/14512\/revisions"}],"predecessor-version":[{"id":14513,"href":"https:\/\/abrelivros.org.br\/site\/wp-json\/wp\/v2\/posts\/14512\/revisions\/14513"}],"wp:attachment":[{"href":"https:\/\/abrelivros.org.br\/site\/wp-json\/wp\/v2\/media?parent=14512"}],"wp:term":[{"taxonomy":"category","embeddable":true,"href":"https:\/\/abrelivros.org.br\/site\/wp-json\/wp\/v2\/categories?post=14512"},{"taxonomy":"post_tag","embeddable":true,"href":"https:\/\/abrelivros.org.br\/site\/wp-json\/wp\/v2\/tags?post=14512"}],"curies":[{"name":"wp","href":"https:\/\/api.w.org\/{rel}","templated":true}]}}