{"id":14510,"date":"2021-07-23T14:59:44","date_gmt":"2021-07-23T17:59:44","guid":{"rendered":"https:\/\/abrelivros.org.br\/site\/?p=14510"},"modified":"2021-07-23T14:59:44","modified_gmt":"2021-07-23T17:59:44","slug":"ano-letivo-de-2021-comecou-presencialmente-em-16-dos-municipios","status":"publish","type":"post","link":"https:\/\/abrelivros.org.br\/site\/ano-letivo-de-2021-comecou-presencialmente-em-16-dos-municipios\/","title":{"rendered":"Ano letivo de 2021 come\u00e7ou presencialmente em 16% dos munic\u00edpios"},"content":{"rendered":"<p>A maior parte das escolas p\u00fablicas municipais no Rio de Janeiro continua exclusivamente em ensino remoto. Apenas 1,1% das redes de ensino come\u00e7aram o ano letivo de 2021 com aulas totalmente presenciais e 15,1% de forma h\u00edbrida, mesclando aulas presenciais com ensino remoto. Os dados s\u00e3o de pesquisa da Uni\u00e3o Nacional dos Dirigentes Municipais de Educa\u00e7\u00e3o (Undime) divulgada hoje (22).<!--more--><\/p>\n<p>O estudo foi realizado com apoio do Fundo das Na\u00e7\u00f5es Unidas para a Inf\u00e2ncia (Unicef) e do Ita\u00fa Social entre os meses de junho e julho de 2021, com 3.355 redes municipais que, juntas representam 60,2% do total de munic\u00edpios do pa\u00eds e respondem por mais de 13 milh\u00f5es de estudantes. As redes municipais concentram a maior parte das matr\u00edculas das creches, pr\u00e9-escolas e ensino fundamental p\u00fablicos.<\/p>\n<p>A pesquisa mostra ainda que 57% das redes conclu\u00edram os protocolos sanit\u00e1rios para a preven\u00e7\u00e3o da covid-19. Quanto \u00e0 imuniza\u00e7\u00e3o dos profissionais da educa\u00e7\u00e3o, o processo j\u00e1 come\u00e7ou em 95,1% das redes municipais entrevistadas.<\/p>\n<p>Em <a href=\"https:\/\/agenciabrasil.ebc.com.br\/educacao\/noticia\/2021-07\/ministro-da-educacao-defende-retorno-das-aulas-presenciais\" target=\"_blank\" rel=\"noopener noreferrer\">pronunciamento<\/a>, nesta ter\u00e7a-feira (20), o ministro da Educa\u00e7\u00e3o, Milton Ribeiro, defendeu o retorno dos estudantes \u00e0s aulas presenciais nas escolas. Segundo o presidente da Undime, Luiz Miguel Martins Garcia, que \u00e9 dirigente municipal de Educa\u00e7\u00e3o em Sud Mennucci (SP), \u00e9 preciso considerar a situa\u00e7\u00e3o de cada localidade. A expectativa \u00e9 que, no segundo semestre, com a ado\u00e7\u00e3o dos protocolos, mais redes retomem o ensino presencial.<\/p>\n<p>\u201cTodo mundo est\u00e1 muito ansioso e quer a volta, mas essa volta precisa ser com seguran\u00e7a, valorizando a vida e o direito \u00e0 educa\u00e7\u00e3o. \u00c9 muito importante que a gente tenha respeito \u00e0 autonomia de cada rede para avaliar a sua condi\u00e7\u00e3o de volta, de como proceder e como garantir esses dois direitos essenciais\u201d, diz Garcia.<\/p>\n<p><strong>Desafios da pandemia<\/strong><\/p>\n<p>Segundo o estudo, a conectividade de estudantes e professores, bem como a infraestrutura das escolas continuam sendo consideradas as maiores dificuldades enfrentadas pelas redes durante a pandemia. Quase todas as redes, quando se trata de ensino remoto, usam materiais impressos (98,2%) e passam orienta\u00e7\u00f5es por WhatsApp (97,5%). \u201cN\u00f3s temos um vazio de acessibilidade muito grande no pa\u00eds\u201d, diz Garcia, que ressalta que mesmo em centros urbanos, \u201ch\u00e1 apag\u00f5es de conectividade muito forte\u201d.<\/p>\n<p>A infraestrutura das escolas \u00e9 tamb\u00e9m empecilho para o retorno \u00e0s aulas presenciais. \u201cA estrutura das escolas \u00e9 que vai auxiliar a garantir um retorno seguro, que a gente sabe que \u00e9 fundamental e que deve acontecer, mas precisa adaptar a estrutura escolar para esse novo cen\u00e1rio, com protocolos e medidas de seguran\u00e7a e adapta\u00e7\u00e3o do ambiente\u201d, diz a coordenadora do Observat\u00f3rio do Marco Legal da Primeira Inf\u00e2ncia (Observa) Tha\u00eds Malheiros.<\/p>\n<p>De acordo com dados disponibilizados pelo <a href=\"https:\/\/rnpiobserva.org.br\/\" target=\"_blank\" rel=\"noopener noreferrer\">Observa<\/a>, a partir do Censo Escolar 2020, apenas 41% das crian\u00e7as matriculadas em creches e 41% das matriculadas em pr\u00e9-escolas est\u00e3o em estabelecimentos que possuem \u00e1rea externa. \u201cA \u00e1rea externa e com grande ventila\u00e7\u00e3o \u00e9 fundamental para, por exemplo, o momento da alimenta\u00e7\u00e3o [quando as crian\u00e7as est\u00e3o reunidas sem m\u00e1scaras]\u201d, diz Tha\u00eds.<\/p>\n<p>Al\u00e9m disso, mais de 20% das crian\u00e7as com at\u00e9 5 anos est\u00e3o matriculadas em <a href=\"https:\/\/agenciabrasil.ebc.com.br\/educacao\/noticia\/2020-11\/mais-de-20-das-criancas-estao-matriculadas-em-escolas-sem-saneamento\" target=\"_blank\" rel=\"noopener noreferrer\">escolas sem itens de saneamento b\u00e1sico<\/a>, como \u00e1gua filtrada, esgotamento sanit\u00e1rio ou coleta de lixo.<\/p>\n<p><strong>Busca ativa<\/strong><\/p>\n<p>Com a pandemia, segundo estimativa divulgada pelo Unicef, o n\u00famero de<a href=\"https:\/\/agenciabrasil.ebc.com.br\/educacao\/noticia\/2021-04\/mais-de-5-milhoes-de-criancas-e-adolescentes-ficaram-sem-aulas-em-2020\" target=\"_blank\" rel=\"noopener noreferrer\"> crian\u00e7as e adolescentes sem acesso \u00e0 educa\u00e7\u00e3o<\/a> no Brasil saltou de 1,1 milh\u00e3o em 2019 para 5,1 milh\u00f5es em 2020. A pesquisa divulgada hoje mostra que essa \u00e9 uma preocupa\u00e7\u00e3o dos dirigentes. Cerca de 60% dos respondentes consideram a busca ativa de estudantes em abandono ou risco de abandono escolar uma das prioridades das redes municipais de educa\u00e7\u00e3o<\/p>\n","protected":false},"excerpt":{"rendered":"<p>A maior parte das escolas p\u00fablicas municipais no Rio de Janeiro continua exclusivamente em ensino remoto. Apenas 1,1% das redes de ensino come\u00e7aram o ano letivo de 2021 com aulas totalmente presenciais e 15,1% de forma h\u00edbrida, mesclando aulas presenciais com ensino remoto. Os dados s\u00e3o de pesquisa da Uni\u00e3o Nacional dos Dirigentes Municipais de [&hellip;]<\/p>\n","protected":false},"author":4,"featured_media":0,"comment_status":"closed","ping_status":"closed","sticky":false,"template":"","format":"standard","meta":{"footnotes":"","_links_to":"","_links_to_target":""},"categories":[9],"tags":[],"class_list":["post-14510","post","type-post","status-publish","format-standard","hentry","category-noticias-da-imprensa"],"yoast_head":"<!-- This site is optimized with the Yoast SEO plugin v15.1 - https:\/\/yoast.com\/wordpress\/plugins\/seo\/ -->\n<title>Ano letivo de 2021 come\u00e7ou presencialmente em 16% dos munic\u00edpios &raquo; Abrelivros<\/title>\n<meta name=\"robots\" content=\"index, follow, max-snippet:-1, max-image-preview:large, max-video-preview:-1\" \/>\n<link rel=\"canonical\" href=\"https:\/\/abrelivros.org.br\/site\/ano-letivo-de-2021-comecou-presencialmente-em-16-dos-municipios\/\" \/>\n<meta property=\"og:locale\" content=\"pt_BR\" \/>\n<meta property=\"og:type\" content=\"article\" \/>\n<meta property=\"og:title\" content=\"Ano letivo de 2021 come\u00e7ou presencialmente em 16% dos munic\u00edpios &raquo; Abrelivros\" \/>\n<meta property=\"og:description\" content=\"A maior parte das escolas p\u00fablicas municipais no Rio de Janeiro continua exclusivamente em ensino remoto. Apenas 1,1% das redes de ensino come\u00e7aram o ano letivo de 2021 com aulas totalmente presenciais e 15,1% de forma h\u00edbrida, mesclando aulas presenciais com ensino remoto. Os dados s\u00e3o de pesquisa da Uni\u00e3o Nacional dos Dirigentes Municipais de [&hellip;]\" \/>\n<meta property=\"og:url\" content=\"https:\/\/abrelivros.org.br\/site\/ano-letivo-de-2021-comecou-presencialmente-em-16-dos-municipios\/\" \/>\n<meta property=\"og:site_name\" content=\"Abrelivros\" \/>\n<meta property=\"article:published_time\" content=\"2021-07-23T17:59:44+00:00\" \/>\n<meta name=\"twitter:card\" content=\"summary_large_image\" \/>\n<script type=\"application\/ld+json\" class=\"yoast-schema-graph\">{\"@context\":\"https:\/\/schema.org\",\"@graph\":[{\"@type\":\"WebSite\",\"@id\":\"https:\/\/abrelivros.org.br\/site\/#website\",\"url\":\"https:\/\/abrelivros.org.br\/site\/\",\"name\":\"Abrelivros\",\"description\":\"\",\"potentialAction\":[{\"@type\":\"SearchAction\",\"target\":\"https:\/\/abrelivros.org.br\/site\/?s={search_term_string}\",\"query-input\":\"required name=search_term_string\"}],\"inLanguage\":\"pt-BR\"},{\"@type\":\"WebPage\",\"@id\":\"https:\/\/abrelivros.org.br\/site\/ano-letivo-de-2021-comecou-presencialmente-em-16-dos-municipios\/#webpage\",\"url\":\"https:\/\/abrelivros.org.br\/site\/ano-letivo-de-2021-comecou-presencialmente-em-16-dos-municipios\/\",\"name\":\"Ano letivo de 2021 come\\u00e7ou presencialmente em 16% dos munic\\u00edpios &raquo; Abrelivros\",\"isPartOf\":{\"@id\":\"https:\/\/abrelivros.org.br\/site\/#website\"},\"datePublished\":\"2021-07-23T17:59:44+00:00\",\"dateModified\":\"2021-07-23T17:59:44+00:00\",\"author\":{\"@id\":\"https:\/\/abrelivros.org.br\/site\/#\/schema\/person\/65db80e26409802ce15ac5feec6a15fd\"},\"breadcrumb\":{\"@id\":\"https:\/\/abrelivros.org.br\/site\/ano-letivo-de-2021-comecou-presencialmente-em-16-dos-municipios\/#breadcrumb\"},\"inLanguage\":\"pt-BR\",\"potentialAction\":[{\"@type\":\"ReadAction\",\"target\":[\"https:\/\/abrelivros.org.br\/site\/ano-letivo-de-2021-comecou-presencialmente-em-16-dos-municipios\/\"]}]},{\"@type\":\"BreadcrumbList\",\"@id\":\"https:\/\/abrelivros.org.br\/site\/ano-letivo-de-2021-comecou-presencialmente-em-16-dos-municipios\/#breadcrumb\",\"itemListElement\":[{\"@type\":\"ListItem\",\"position\":1,\"item\":{\"@type\":\"WebPage\",\"@id\":\"https:\/\/abrelivros.org.br\/site\/\",\"url\":\"https:\/\/abrelivros.org.br\/site\/\",\"name\":\"In\\u00edcio\"}},{\"@type\":\"ListItem\",\"position\":2,\"item\":{\"@type\":\"WebPage\",\"@id\":\"https:\/\/abrelivros.org.br\/site\/category\/noticias\/\",\"url\":\"https:\/\/abrelivros.org.br\/site\/category\/noticias\/\",\"name\":\"Not\\u00edcias\"}},{\"@type\":\"ListItem\",\"position\":3,\"item\":{\"@type\":\"WebPage\",\"@id\":\"https:\/\/abrelivros.org.br\/site\/category\/noticias\/noticias-da-imprensa\/\",\"url\":\"https:\/\/abrelivros.org.br\/site\/category\/noticias\/noticias-da-imprensa\/\",\"name\":\"Not\\u00edcias da imprensa\"}},{\"@type\":\"ListItem\",\"position\":4,\"item\":{\"@type\":\"WebPage\",\"@id\":\"https:\/\/abrelivros.org.br\/site\/ano-letivo-de-2021-comecou-presencialmente-em-16-dos-municipios\/\",\"url\":\"https:\/\/abrelivros.org.br\/site\/ano-letivo-de-2021-comecou-presencialmente-em-16-dos-municipios\/\",\"name\":\"Ano letivo de 2021 come\\u00e7ou presencialmente em 16% dos munic\\u00edpios\"}}]},{\"@type\":\"Person\",\"@id\":\"https:\/\/abrelivros.org.br\/site\/#\/schema\/person\/65db80e26409802ce15ac5feec6a15fd\",\"name\":\"Reda\\u00e7\\u00e3o Abrelivros\",\"image\":{\"@type\":\"ImageObject\",\"@id\":\"https:\/\/abrelivros.org.br\/site\/#personlogo\",\"inLanguage\":\"pt-BR\",\"url\":\"https:\/\/secure.gravatar.com\/avatar\/c4e57f9c7e3482965bd428192061218520756c39080b1d1820b679fa5e9af192?s=96&d=mm&r=g\",\"caption\":\"Reda\\u00e7\\u00e3o Abrelivros\"}}]}<\/script>\n<!-- \/ Yoast SEO plugin. -->","_links":{"self":[{"href":"https:\/\/abrelivros.org.br\/site\/wp-json\/wp\/v2\/posts\/14510","targetHints":{"allow":["GET"]}}],"collection":[{"href":"https:\/\/abrelivros.org.br\/site\/wp-json\/wp\/v2\/posts"}],"about":[{"href":"https:\/\/abrelivros.org.br\/site\/wp-json\/wp\/v2\/types\/post"}],"author":[{"embeddable":true,"href":"https:\/\/abrelivros.org.br\/site\/wp-json\/wp\/v2\/users\/4"}],"replies":[{"embeddable":true,"href":"https:\/\/abrelivros.org.br\/site\/wp-json\/wp\/v2\/comments?post=14510"}],"version-history":[{"count":1,"href":"https:\/\/abrelivros.org.br\/site\/wp-json\/wp\/v2\/posts\/14510\/revisions"}],"predecessor-version":[{"id":14511,"href":"https:\/\/abrelivros.org.br\/site\/wp-json\/wp\/v2\/posts\/14510\/revisions\/14511"}],"wp:attachment":[{"href":"https:\/\/abrelivros.org.br\/site\/wp-json\/wp\/v2\/media?parent=14510"}],"wp:term":[{"taxonomy":"category","embeddable":true,"href":"https:\/\/abrelivros.org.br\/site\/wp-json\/wp\/v2\/categories?post=14510"},{"taxonomy":"post_tag","embeddable":true,"href":"https:\/\/abrelivros.org.br\/site\/wp-json\/wp\/v2\/tags?post=14510"}],"curies":[{"name":"wp","href":"https:\/\/api.w.org\/{rel}","templated":true}]}}