{"id":14505,"date":"2021-07-22T14:02:11","date_gmt":"2021-07-22T17:02:11","guid":{"rendered":"https:\/\/abrelivros.org.br\/site\/?p=14505"},"modified":"2021-07-22T14:02:11","modified_gmt":"2021-07-22T17:02:11","slug":"recuperacao-do-nivel-de-aprendizagem-vai-demorar-ate-3-anos-diz-secretario","status":"publish","type":"post","link":"https:\/\/abrelivros.org.br\/site\/recuperacao-do-nivel-de-aprendizagem-vai-demorar-ate-3-anos-diz-secretario\/","title":{"rendered":"Recupera\u00e7\u00e3o do n\u00edvel de aprendizagem vai demorar at\u00e9 3 anos, diz secret\u00e1rio"},"content":{"rendered":"<p>A recupera\u00e7\u00e3o do n\u00edvel de aprendizagem escolar pode demorar at\u00e9 3 anos, afirmou hoje o secret\u00e1rio de educa\u00e7\u00e3o de S\u00e3o Paulo, Rossieli Soares, em entrevista \u00e0 CNN. A volta \u00e0s aulas no estado est\u00e1 prevista para 2 de agosto, e a vacina\u00e7\u00e3o contra covid em adolescentes a partir de 23 de agosto.<!--more--><\/p>\n<p>&#8220;Vai demorar uns 2, 3 anos para que a gente consiga recuperar o que perdemos na pandemia sem as aulas presenciais&#8221;, disse o secret\u00e1rio. &#8220;O estado de S\u00e3o Paulo volta \u00e0s aulas no dia 2 de agosto. N\u00e3o \u00e9 obrigat\u00f3rio para a fam\u00edlia, ainda no m\u00eas de agosto, mas \u00e9 fundamental que as escolas estejam abertas. Estaremos em campanha muito forte para que estudantes voltem&#8221;<\/p>\n<p>Se quisermos voltar a recuperar [a aprendizagem], tem que ser com o estudante dentro da sala de aula, n\u00e3o d\u00e1 mais para ter escola fechada.&#8221;Secret\u00e1rio estadual de educa\u00e7\u00e3o de SP, Rossieli Soares<\/p>\n<p>O secret\u00e1rio ressaltou que, com a pandemia, a possibilidade de abandono da escola, &#8220;pela necessidade de ter que trabalhar, ajudar em cassa, ter o que comer&#8221;, aumentou.<\/p>\n<p>Segundo Soares, o governo mudou o protocolo de seguran\u00e7a dentro das escolas para diminuir o risco de contamina\u00e7\u00e3o pelo coronav\u00edrus. &#8220;N\u00e3o temos mais limitador percentual pela matr\u00edcula, agora o limitador passa a ser o distanciamento. Pegamos o metro quadrado daquela sala e calculamos quantos alunos, com 1 metro quadrado de dist\u00e2ncia entre si, podem estar naquela sala de aula&#8221;.<\/p>\n<p>Soares tamb\u00e9m comentou sobre a reforma do ensino m\u00e9dio, que amplia a carga hor\u00e1rio dos estudantes e inclui no curr\u00edculo os chamados itiner\u00e1rios formativos \u2014parte das disciplinas passa a ser escolhida pelos estudantes.<\/p>\n<p>&#8220;Quando falamos do novo ensino m\u00e9dio, estamos falando de atratividade. \u00c9 uma mudan\u00e7a em toda a estrutura de educa\u00e7\u00e3o porque precisamos manter esse jovem dentro da escola, aprendendo e mais interessado&#8221;, afirmou. &#8220;Estamos falando de uma educa\u00e7\u00e3o ligada a uma espinha dorsal, o projeto de vida do aluno. Se a gente n\u00e3o olhar para os sonhos e desejos do estudante, vamos continuar tendo dificuldades&#8221;.<\/p>\n<p>Ele ainda comentou sobre a vacina\u00e7\u00e3o entre os profissionais de sa\u00fade. Segundo Soares, foram imunizados at\u00e9 99% do p\u00fablico-alvo com, ao menos, a primeira dose. &#8220;Em 10 de abril, come\u00e7amos vacinando os profissionais com mais de 47 anos, que tem a maioria das pessoas com comorbidades&#8221;, relembrou. &#8220;A \u00fanica exce\u00e7\u00e3o [no volta \u00e0s aulas] s\u00e3o profissionais de educa\u00e7\u00e3o que t\u00eam alguma comorbidade e que, por ventura, n\u00e3o tenham tomado a segunda dose&#8221;.<\/p>\n","protected":false},"excerpt":{"rendered":"<p>A recupera\u00e7\u00e3o do n\u00edvel de aprendizagem escolar pode demorar at\u00e9 3 anos, afirmou hoje o secret\u00e1rio de educa\u00e7\u00e3o de S\u00e3o Paulo, Rossieli Soares, em entrevista \u00e0 CNN. A volta \u00e0s aulas no estado est\u00e1 prevista para 2 de agosto, e a vacina\u00e7\u00e3o contra covid em adolescentes a partir de 23 de agosto.<\/p>\n","protected":false},"author":4,"featured_media":0,"comment_status":"closed","ping_status":"closed","sticky":false,"template":"","format":"standard","meta":{"footnotes":"","_links_to":"","_links_to_target":""},"categories":[9],"tags":[],"class_list":["post-14505","post","type-post","status-publish","format-standard","hentry","category-noticias-da-imprensa"],"yoast_head":"<!-- This site is optimized with the Yoast SEO plugin v15.1 - https:\/\/yoast.com\/wordpress\/plugins\/seo\/ -->\n<title>Recupera\u00e7\u00e3o do n\u00edvel de aprendizagem vai demorar at\u00e9 3 anos, diz secret\u00e1rio &raquo; Abrelivros<\/title>\n<meta name=\"robots\" content=\"index, follow, max-snippet:-1, max-image-preview:large, max-video-preview:-1\" \/>\n<link rel=\"canonical\" href=\"https:\/\/abrelivros.org.br\/site\/recuperacao-do-nivel-de-aprendizagem-vai-demorar-ate-3-anos-diz-secretario\/\" \/>\n<meta property=\"og:locale\" content=\"pt_BR\" \/>\n<meta property=\"og:type\" content=\"article\" \/>\n<meta property=\"og:title\" content=\"Recupera\u00e7\u00e3o do n\u00edvel de aprendizagem vai demorar at\u00e9 3 anos, diz secret\u00e1rio &raquo; Abrelivros\" \/>\n<meta property=\"og:description\" content=\"A recupera\u00e7\u00e3o do n\u00edvel de aprendizagem escolar pode demorar at\u00e9 3 anos, afirmou hoje o secret\u00e1rio de educa\u00e7\u00e3o de S\u00e3o Paulo, Rossieli Soares, em entrevista \u00e0 CNN. A volta \u00e0s aulas no estado est\u00e1 prevista para 2 de agosto, e a vacina\u00e7\u00e3o contra covid em adolescentes a partir de 23 de agosto.\" \/>\n<meta property=\"og:url\" content=\"https:\/\/abrelivros.org.br\/site\/recuperacao-do-nivel-de-aprendizagem-vai-demorar-ate-3-anos-diz-secretario\/\" \/>\n<meta property=\"og:site_name\" content=\"Abrelivros\" \/>\n<meta property=\"article:published_time\" content=\"2021-07-22T17:02:11+00:00\" \/>\n<meta name=\"twitter:card\" content=\"summary_large_image\" \/>\n<script type=\"application\/ld+json\" class=\"yoast-schema-graph\">{\"@context\":\"https:\/\/schema.org\",\"@graph\":[{\"@type\":\"WebSite\",\"@id\":\"https:\/\/abrelivros.org.br\/site\/#website\",\"url\":\"https:\/\/abrelivros.org.br\/site\/\",\"name\":\"Abrelivros\",\"description\":\"\",\"potentialAction\":[{\"@type\":\"SearchAction\",\"target\":\"https:\/\/abrelivros.org.br\/site\/?s={search_term_string}\",\"query-input\":\"required name=search_term_string\"}],\"inLanguage\":\"pt-BR\"},{\"@type\":\"WebPage\",\"@id\":\"https:\/\/abrelivros.org.br\/site\/recuperacao-do-nivel-de-aprendizagem-vai-demorar-ate-3-anos-diz-secretario\/#webpage\",\"url\":\"https:\/\/abrelivros.org.br\/site\/recuperacao-do-nivel-de-aprendizagem-vai-demorar-ate-3-anos-diz-secretario\/\",\"name\":\"Recupera\\u00e7\\u00e3o do n\\u00edvel de aprendizagem vai demorar at\\u00e9 3 anos, diz secret\\u00e1rio &raquo; Abrelivros\",\"isPartOf\":{\"@id\":\"https:\/\/abrelivros.org.br\/site\/#website\"},\"datePublished\":\"2021-07-22T17:02:11+00:00\",\"dateModified\":\"2021-07-22T17:02:11+00:00\",\"author\":{\"@id\":\"https:\/\/abrelivros.org.br\/site\/#\/schema\/person\/65db80e26409802ce15ac5feec6a15fd\"},\"breadcrumb\":{\"@id\":\"https:\/\/abrelivros.org.br\/site\/recuperacao-do-nivel-de-aprendizagem-vai-demorar-ate-3-anos-diz-secretario\/#breadcrumb\"},\"inLanguage\":\"pt-BR\",\"potentialAction\":[{\"@type\":\"ReadAction\",\"target\":[\"https:\/\/abrelivros.org.br\/site\/recuperacao-do-nivel-de-aprendizagem-vai-demorar-ate-3-anos-diz-secretario\/\"]}]},{\"@type\":\"BreadcrumbList\",\"@id\":\"https:\/\/abrelivros.org.br\/site\/recuperacao-do-nivel-de-aprendizagem-vai-demorar-ate-3-anos-diz-secretario\/#breadcrumb\",\"itemListElement\":[{\"@type\":\"ListItem\",\"position\":1,\"item\":{\"@type\":\"WebPage\",\"@id\":\"https:\/\/abrelivros.org.br\/site\/\",\"url\":\"https:\/\/abrelivros.org.br\/site\/\",\"name\":\"In\\u00edcio\"}},{\"@type\":\"ListItem\",\"position\":2,\"item\":{\"@type\":\"WebPage\",\"@id\":\"https:\/\/abrelivros.org.br\/site\/category\/noticias\/\",\"url\":\"https:\/\/abrelivros.org.br\/site\/category\/noticias\/\",\"name\":\"Not\\u00edcias\"}},{\"@type\":\"ListItem\",\"position\":3,\"item\":{\"@type\":\"WebPage\",\"@id\":\"https:\/\/abrelivros.org.br\/site\/category\/noticias\/noticias-da-imprensa\/\",\"url\":\"https:\/\/abrelivros.org.br\/site\/category\/noticias\/noticias-da-imprensa\/\",\"name\":\"Not\\u00edcias da imprensa\"}},{\"@type\":\"ListItem\",\"position\":4,\"item\":{\"@type\":\"WebPage\",\"@id\":\"https:\/\/abrelivros.org.br\/site\/recuperacao-do-nivel-de-aprendizagem-vai-demorar-ate-3-anos-diz-secretario\/\",\"url\":\"https:\/\/abrelivros.org.br\/site\/recuperacao-do-nivel-de-aprendizagem-vai-demorar-ate-3-anos-diz-secretario\/\",\"name\":\"Recupera\\u00e7\\u00e3o do n\\u00edvel de aprendizagem vai demorar at\\u00e9 3 anos, diz secret\\u00e1rio\"}}]},{\"@type\":\"Person\",\"@id\":\"https:\/\/abrelivros.org.br\/site\/#\/schema\/person\/65db80e26409802ce15ac5feec6a15fd\",\"name\":\"Reda\\u00e7\\u00e3o Abrelivros\",\"image\":{\"@type\":\"ImageObject\",\"@id\":\"https:\/\/abrelivros.org.br\/site\/#personlogo\",\"inLanguage\":\"pt-BR\",\"url\":\"https:\/\/secure.gravatar.com\/avatar\/c4e57f9c7e3482965bd428192061218520756c39080b1d1820b679fa5e9af192?s=96&d=mm&r=g\",\"caption\":\"Reda\\u00e7\\u00e3o Abrelivros\"}}]}<\/script>\n<!-- \/ Yoast SEO plugin. -->","_links":{"self":[{"href":"https:\/\/abrelivros.org.br\/site\/wp-json\/wp\/v2\/posts\/14505","targetHints":{"allow":["GET"]}}],"collection":[{"href":"https:\/\/abrelivros.org.br\/site\/wp-json\/wp\/v2\/posts"}],"about":[{"href":"https:\/\/abrelivros.org.br\/site\/wp-json\/wp\/v2\/types\/post"}],"author":[{"embeddable":true,"href":"https:\/\/abrelivros.org.br\/site\/wp-json\/wp\/v2\/users\/4"}],"replies":[{"embeddable":true,"href":"https:\/\/abrelivros.org.br\/site\/wp-json\/wp\/v2\/comments?post=14505"}],"version-history":[{"count":1,"href":"https:\/\/abrelivros.org.br\/site\/wp-json\/wp\/v2\/posts\/14505\/revisions"}],"predecessor-version":[{"id":14506,"href":"https:\/\/abrelivros.org.br\/site\/wp-json\/wp\/v2\/posts\/14505\/revisions\/14506"}],"wp:attachment":[{"href":"https:\/\/abrelivros.org.br\/site\/wp-json\/wp\/v2\/media?parent=14505"}],"wp:term":[{"taxonomy":"category","embeddable":true,"href":"https:\/\/abrelivros.org.br\/site\/wp-json\/wp\/v2\/categories?post=14505"},{"taxonomy":"post_tag","embeddable":true,"href":"https:\/\/abrelivros.org.br\/site\/wp-json\/wp\/v2\/tags?post=14505"}],"curies":[{"name":"wp","href":"https:\/\/api.w.org\/{rel}","templated":true}]}}