{"id":14499,"date":"2021-07-22T13:39:30","date_gmt":"2021-07-22T16:39:30","guid":{"rendered":"https:\/\/abrelivros.org.br\/site\/?p=14499"},"modified":"2021-07-22T13:39:30","modified_gmt":"2021-07-22T16:39:30","slug":"escolas-municipais-so-reabriram-em-162-das-cidades-brasileiras-neste-ano","status":"publish","type":"post","link":"https:\/\/abrelivros.org.br\/site\/escolas-municipais-so-reabriram-em-162-das-cidades-brasileiras-neste-ano\/","title":{"rendered":"Escolas municipais s\u00f3 reabriram em 16,2% das cidades brasileiras neste ano"},"content":{"rendered":"<p>As escolas municipais s\u00f3 voltaram a receber alunos para atividades presenciais em 16,2% das cidades brasileiras neste ano.<\/p>\n<p>Na maior parte delas (15,1%) as aulas ocorrem de forma h\u00edbrida, ou seja, com parte dos alunos ainda em casa. Em apenas 1,1% as aulas s\u00e3o totalmente presenciais.<!--more--><\/p>\n<p>Os dados s\u00e3o de pesquisa feita pela Undime (Uni\u00e3o Nacional dos Dirigentes Municipais de Educa\u00e7\u00e3o), com apoio do Unicef e do Ita\u00fa Social, entre os dias 15 de junho e 9 de julho.<\/p>\n<p>O levantamento, divulgado nesta quinta (22) identificou a situa\u00e7\u00e3o das escolas em 3.355 redes de ensino, que representam 60% dos munic\u00edpios brasileiros, e juntas s\u00e3o respons\u00e1veis pela matr\u00edcula de mais de 13 milh\u00f5es de estudantes.<\/p>\n<p>O Brasil \u00e9 um dos pa\u00edses do mundo em que as escolas ficaram fechadas por mais tempo durante a pandemia. Desde o in\u00edcio da crise sanit\u00e1ria, especialistas alertavam que os munic\u00edpios, por terem menos recursos financeiros e t\u00e9cnicos, teriam maior dificuldade para lidar com os novos desafios educacionais.<\/p>\n<p>Respons\u00e1veis pela maior parte das matr\u00edculas na educa\u00e7\u00e3o b\u00e1sica (48,4%), as redes municipais n\u00e3o receberam apoio do governo federal para o retorno \u00e0s atividades presenciais. Apesar da falta de a\u00e7\u00f5es de coordena\u00e7\u00e3o e ajuda financeira, o ministro da Educa\u00e7\u00e3o, Milton Ribeiro, fez um pronunciamento em rede nacional na noite de quinta (20) para pressionar estados e munic\u00edpios pela reabertura das escolas.<\/p>\n<p>Al\u00e9m de n\u00e3o terem retomada as aulas presenciais, 43% dos munic\u00edpios afirmou ainda n\u00e3o ter conseguido concluir o protocolo sanit\u00e1rio para o retorno dos alunos \u00e0s escolas.<\/p>\n<p>\u201c\u00c9 urgente que as escolas tenham seus protocolos de preven\u00e7\u00e3o implementados e possam retomar as atividades presenciais de forma segura em agosto. Para isso, \u00e9 imprescind\u00edvel que os governos federal, estaduais e municipais trabalhem de forma articulada\u201d, disse \u00cdtalo Dutra, chefe de educa\u00e7\u00e3o do Unicef.<\/p>\n<p>A falta de apoio e a piora da pandemia no in\u00edcio do ano letivo de 2021 prejudicou o planejamento dos munic\u00edpios para a educa\u00e7\u00e3o. Em mar\u00e7o, 30,1% das redes informaram, em edi\u00e7\u00e3o anterior da pesquisa, que iriam retomar as aulas presenciais.<\/p>\n<p>A expectativa \u00e9 de que, em agosto, com o avan\u00e7o da vacina\u00e7\u00e3o dos profissionais da educa\u00e7\u00e3o e a redu\u00e7\u00e3o dos indicadores da pandemia no pa\u00eds, haja um n\u00famero maior de escolas municipais reabertas.<\/p>\n<p>Em 95,1% dos munic\u00edpios, a imuniza\u00e7\u00e3o dos profissionais da \u00e1rea j\u00e1 come\u00e7ou. O governo federal autorizou que a categoria fosse inclu\u00edda no calend\u00e1rio vacinal no in\u00edcio de junho, por conta do intervalo entre as doses, a maioria dos trabalhadores n\u00e3o deve ter a imuniza\u00e7\u00e3o completa antes do in\u00edcio de agosto.<\/p>\n","protected":false},"excerpt":{"rendered":"<p>As escolas municipais s\u00f3 voltaram a receber alunos para atividades presenciais em 16,2% das cidades brasileiras neste ano. Na maior parte delas (15,1%) as aulas ocorrem de forma h\u00edbrida, ou seja, com parte dos alunos ainda em casa. Em apenas 1,1% as aulas s\u00e3o totalmente presenciais.<\/p>\n","protected":false},"author":4,"featured_media":0,"comment_status":"closed","ping_status":"closed","sticky":false,"template":"","format":"standard","meta":{"footnotes":"","_links_to":"","_links_to_target":""},"categories":[9],"tags":[],"class_list":["post-14499","post","type-post","status-publish","format-standard","hentry","category-noticias-da-imprensa"],"yoast_head":"<!-- This site is optimized with the Yoast SEO plugin v15.1 - https:\/\/yoast.com\/wordpress\/plugins\/seo\/ -->\n<title>Escolas municipais s\u00f3 reabriram em 16,2% das cidades brasileiras neste ano &raquo; Abrelivros<\/title>\n<meta name=\"robots\" content=\"index, follow, max-snippet:-1, max-image-preview:large, max-video-preview:-1\" \/>\n<link rel=\"canonical\" href=\"https:\/\/abrelivros.org.br\/site\/escolas-municipais-so-reabriram-em-162-das-cidades-brasileiras-neste-ano\/\" \/>\n<meta property=\"og:locale\" content=\"pt_BR\" \/>\n<meta property=\"og:type\" content=\"article\" \/>\n<meta property=\"og:title\" content=\"Escolas municipais s\u00f3 reabriram em 16,2% das cidades brasileiras neste ano &raquo; Abrelivros\" \/>\n<meta property=\"og:description\" content=\"As escolas municipais s\u00f3 voltaram a receber alunos para atividades presenciais em 16,2% das cidades brasileiras neste ano. Na maior parte delas (15,1%) as aulas ocorrem de forma h\u00edbrida, ou seja, com parte dos alunos ainda em casa. Em apenas 1,1% as aulas s\u00e3o totalmente presenciais.\" \/>\n<meta property=\"og:url\" content=\"https:\/\/abrelivros.org.br\/site\/escolas-municipais-so-reabriram-em-162-das-cidades-brasileiras-neste-ano\/\" \/>\n<meta property=\"og:site_name\" content=\"Abrelivros\" \/>\n<meta property=\"article:published_time\" content=\"2021-07-22T16:39:30+00:00\" \/>\n<meta name=\"twitter:card\" content=\"summary_large_image\" \/>\n<script type=\"application\/ld+json\" class=\"yoast-schema-graph\">{\"@context\":\"https:\/\/schema.org\",\"@graph\":[{\"@type\":\"WebSite\",\"@id\":\"https:\/\/abrelivros.org.br\/site\/#website\",\"url\":\"https:\/\/abrelivros.org.br\/site\/\",\"name\":\"Abrelivros\",\"description\":\"\",\"potentialAction\":[{\"@type\":\"SearchAction\",\"target\":\"https:\/\/abrelivros.org.br\/site\/?s={search_term_string}\",\"query-input\":\"required name=search_term_string\"}],\"inLanguage\":\"pt-BR\"},{\"@type\":\"WebPage\",\"@id\":\"https:\/\/abrelivros.org.br\/site\/escolas-municipais-so-reabriram-em-162-das-cidades-brasileiras-neste-ano\/#webpage\",\"url\":\"https:\/\/abrelivros.org.br\/site\/escolas-municipais-so-reabriram-em-162-das-cidades-brasileiras-neste-ano\/\",\"name\":\"Escolas municipais s\\u00f3 reabriram em 16,2% das cidades brasileiras neste ano &raquo; Abrelivros\",\"isPartOf\":{\"@id\":\"https:\/\/abrelivros.org.br\/site\/#website\"},\"datePublished\":\"2021-07-22T16:39:30+00:00\",\"dateModified\":\"2021-07-22T16:39:30+00:00\",\"author\":{\"@id\":\"https:\/\/abrelivros.org.br\/site\/#\/schema\/person\/65db80e26409802ce15ac5feec6a15fd\"},\"breadcrumb\":{\"@id\":\"https:\/\/abrelivros.org.br\/site\/escolas-municipais-so-reabriram-em-162-das-cidades-brasileiras-neste-ano\/#breadcrumb\"},\"inLanguage\":\"pt-BR\",\"potentialAction\":[{\"@type\":\"ReadAction\",\"target\":[\"https:\/\/abrelivros.org.br\/site\/escolas-municipais-so-reabriram-em-162-das-cidades-brasileiras-neste-ano\/\"]}]},{\"@type\":\"BreadcrumbList\",\"@id\":\"https:\/\/abrelivros.org.br\/site\/escolas-municipais-so-reabriram-em-162-das-cidades-brasileiras-neste-ano\/#breadcrumb\",\"itemListElement\":[{\"@type\":\"ListItem\",\"position\":1,\"item\":{\"@type\":\"WebPage\",\"@id\":\"https:\/\/abrelivros.org.br\/site\/\",\"url\":\"https:\/\/abrelivros.org.br\/site\/\",\"name\":\"In\\u00edcio\"}},{\"@type\":\"ListItem\",\"position\":2,\"item\":{\"@type\":\"WebPage\",\"@id\":\"https:\/\/abrelivros.org.br\/site\/category\/noticias\/\",\"url\":\"https:\/\/abrelivros.org.br\/site\/category\/noticias\/\",\"name\":\"Not\\u00edcias\"}},{\"@type\":\"ListItem\",\"position\":3,\"item\":{\"@type\":\"WebPage\",\"@id\":\"https:\/\/abrelivros.org.br\/site\/category\/noticias\/noticias-da-imprensa\/\",\"url\":\"https:\/\/abrelivros.org.br\/site\/category\/noticias\/noticias-da-imprensa\/\",\"name\":\"Not\\u00edcias da imprensa\"}},{\"@type\":\"ListItem\",\"position\":4,\"item\":{\"@type\":\"WebPage\",\"@id\":\"https:\/\/abrelivros.org.br\/site\/escolas-municipais-so-reabriram-em-162-das-cidades-brasileiras-neste-ano\/\",\"url\":\"https:\/\/abrelivros.org.br\/site\/escolas-municipais-so-reabriram-em-162-das-cidades-brasileiras-neste-ano\/\",\"name\":\"Escolas municipais s\\u00f3 reabriram em 16,2% das cidades brasileiras neste ano\"}}]},{\"@type\":\"Person\",\"@id\":\"https:\/\/abrelivros.org.br\/site\/#\/schema\/person\/65db80e26409802ce15ac5feec6a15fd\",\"name\":\"Reda\\u00e7\\u00e3o Abrelivros\",\"image\":{\"@type\":\"ImageObject\",\"@id\":\"https:\/\/abrelivros.org.br\/site\/#personlogo\",\"inLanguage\":\"pt-BR\",\"url\":\"https:\/\/secure.gravatar.com\/avatar\/c4e57f9c7e3482965bd428192061218520756c39080b1d1820b679fa5e9af192?s=96&d=mm&r=g\",\"caption\":\"Reda\\u00e7\\u00e3o Abrelivros\"}}]}<\/script>\n<!-- \/ Yoast SEO plugin. -->","_links":{"self":[{"href":"https:\/\/abrelivros.org.br\/site\/wp-json\/wp\/v2\/posts\/14499","targetHints":{"allow":["GET"]}}],"collection":[{"href":"https:\/\/abrelivros.org.br\/site\/wp-json\/wp\/v2\/posts"}],"about":[{"href":"https:\/\/abrelivros.org.br\/site\/wp-json\/wp\/v2\/types\/post"}],"author":[{"embeddable":true,"href":"https:\/\/abrelivros.org.br\/site\/wp-json\/wp\/v2\/users\/4"}],"replies":[{"embeddable":true,"href":"https:\/\/abrelivros.org.br\/site\/wp-json\/wp\/v2\/comments?post=14499"}],"version-history":[{"count":1,"href":"https:\/\/abrelivros.org.br\/site\/wp-json\/wp\/v2\/posts\/14499\/revisions"}],"predecessor-version":[{"id":14500,"href":"https:\/\/abrelivros.org.br\/site\/wp-json\/wp\/v2\/posts\/14499\/revisions\/14500"}],"wp:attachment":[{"href":"https:\/\/abrelivros.org.br\/site\/wp-json\/wp\/v2\/media?parent=14499"}],"wp:term":[{"taxonomy":"category","embeddable":true,"href":"https:\/\/abrelivros.org.br\/site\/wp-json\/wp\/v2\/categories?post=14499"},{"taxonomy":"post_tag","embeddable":true,"href":"https:\/\/abrelivros.org.br\/site\/wp-json\/wp\/v2\/tags?post=14499"}],"curies":[{"name":"wp","href":"https:\/\/api.w.org\/{rel}","templated":true}]}}