{"id":14497,"date":"2021-07-21T15:33:18","date_gmt":"2021-07-21T18:33:18","guid":{"rendered":"https:\/\/abrelivros.org.br\/site\/?p=14497"},"modified":"2021-07-21T15:33:18","modified_gmt":"2021-07-21T18:33:18","slug":"radar-de-licitacoes-semana-de-19-a-23-07","status":"publish","type":"post","link":"https:\/\/abrelivros.org.br\/site\/radar-de-licitacoes-semana-de-19-a-23-07\/","title":{"rendered":"Radar de Licita\u00e7\u00f5es &#8211; semana de 19 a 23\/07"},"content":{"rendered":"<p>O Radar dessa semana traz um edital para contrata\u00e7\u00e3o de empresa para impress\u00e3o de livros e outro visando a aquisi\u00e7\u00e3o de obras liter\u00e1rias<br \/>\nO Radar de Licita\u00e7\u00f5es, se\u00e7\u00e3o fixa do PublishNews+, traz essa semana, mais dois editais.<!--more--> O primeiro deles visa a contrata\u00e7\u00e3o de empresa para a impress\u00e3o de livros, no valor de R$ 135.166,67. O preg\u00e3o est\u00e1 marcado para o dia 22 de julho. J\u00e1 a segunda licita\u00e7\u00e3o \u00e9 para a aquisi\u00e7\u00e3o de 2.585 exemplares de 34 diferentes t\u00edtulos. A disputa acontecer\u00e1 no dia 29 de julho. A se\u00e7\u00e3o, exclusiva para os assinantes do PN+, \u00e9 alimentada pelo Radar de Licita\u00e7\u00f5es, consultoria de Nat\u00e1lia Vieira que, al\u00e9m de buscar novas licita\u00e7\u00f5es, presta um servi\u00e7o de apoio aos editores e distribuidores interessados em vender para governos, nas mais diversas esferas de poder. Para acessar o Radar dessa semana, <a href=\"https:\/\/pnmais.com\/assinaturas\/?r=2235&amp;wcm_redirect_to=post&amp;wcm_redirect_id=2235\" target=\"_blank\" rel=\"noopener noreferrer\">clique aqui<\/a>.<\/p>\n","protected":false},"excerpt":{"rendered":"<p>O Radar dessa semana traz um edital para contrata\u00e7\u00e3o de empresa para impress\u00e3o de livros e outro visando a aquisi\u00e7\u00e3o de obras liter\u00e1rias O Radar de Licita\u00e7\u00f5es, se\u00e7\u00e3o fixa do PublishNews+, traz essa semana, mais dois editais.<\/p>\n","protected":false},"author":4,"featured_media":0,"comment_status":"closed","ping_status":"closed","sticky":false,"template":"","format":"standard","meta":{"footnotes":"","_links_to":"","_links_to_target":""},"categories":[9],"tags":[],"class_list":["post-14497","post","type-post","status-publish","format-standard","hentry","category-noticias-da-imprensa"],"yoast_head":"<!-- This site is optimized with the Yoast SEO plugin v15.1 - https:\/\/yoast.com\/wordpress\/plugins\/seo\/ -->\n<title>Radar de Licita\u00e7\u00f5es - semana de 19 a 23\/07 &raquo; Abrelivros<\/title>\n<meta name=\"robots\" content=\"index, follow, max-snippet:-1, max-image-preview:large, max-video-preview:-1\" \/>\n<link rel=\"canonical\" href=\"https:\/\/abrelivros.org.br\/site\/radar-de-licitacoes-semana-de-19-a-23-07\/\" \/>\n<meta property=\"og:locale\" content=\"pt_BR\" \/>\n<meta property=\"og:type\" content=\"article\" \/>\n<meta property=\"og:title\" content=\"Radar de Licita\u00e7\u00f5es - semana de 19 a 23\/07 &raquo; Abrelivros\" \/>\n<meta property=\"og:description\" content=\"O Radar dessa semana traz um edital para contrata\u00e7\u00e3o de empresa para impress\u00e3o de livros e outro visando a aquisi\u00e7\u00e3o de obras liter\u00e1rias O Radar de Licita\u00e7\u00f5es, se\u00e7\u00e3o fixa do PublishNews+, traz essa semana, mais dois editais.\" \/>\n<meta property=\"og:url\" content=\"https:\/\/abrelivros.org.br\/site\/radar-de-licitacoes-semana-de-19-a-23-07\/\" \/>\n<meta property=\"og:site_name\" content=\"Abrelivros\" \/>\n<meta property=\"article:published_time\" content=\"2021-07-21T18:33:18+00:00\" \/>\n<meta name=\"twitter:card\" content=\"summary_large_image\" \/>\n<script type=\"application\/ld+json\" class=\"yoast-schema-graph\">{\"@context\":\"https:\/\/schema.org\",\"@graph\":[{\"@type\":\"WebSite\",\"@id\":\"https:\/\/abrelivros.org.br\/site\/#website\",\"url\":\"https:\/\/abrelivros.org.br\/site\/\",\"name\":\"Abrelivros\",\"description\":\"\",\"potentialAction\":[{\"@type\":\"SearchAction\",\"target\":\"https:\/\/abrelivros.org.br\/site\/?s={search_term_string}\",\"query-input\":\"required name=search_term_string\"}],\"inLanguage\":\"pt-BR\"},{\"@type\":\"WebPage\",\"@id\":\"https:\/\/abrelivros.org.br\/site\/radar-de-licitacoes-semana-de-19-a-23-07\/#webpage\",\"url\":\"https:\/\/abrelivros.org.br\/site\/radar-de-licitacoes-semana-de-19-a-23-07\/\",\"name\":\"Radar de Licita\\u00e7\\u00f5es - semana de 19 a 23\/07 &raquo; Abrelivros\",\"isPartOf\":{\"@id\":\"https:\/\/abrelivros.org.br\/site\/#website\"},\"datePublished\":\"2021-07-21T18:33:18+00:00\",\"dateModified\":\"2021-07-21T18:33:18+00:00\",\"author\":{\"@id\":\"https:\/\/abrelivros.org.br\/site\/#\/schema\/person\/65db80e26409802ce15ac5feec6a15fd\"},\"breadcrumb\":{\"@id\":\"https:\/\/abrelivros.org.br\/site\/radar-de-licitacoes-semana-de-19-a-23-07\/#breadcrumb\"},\"inLanguage\":\"pt-BR\",\"potentialAction\":[{\"@type\":\"ReadAction\",\"target\":[\"https:\/\/abrelivros.org.br\/site\/radar-de-licitacoes-semana-de-19-a-23-07\/\"]}]},{\"@type\":\"BreadcrumbList\",\"@id\":\"https:\/\/abrelivros.org.br\/site\/radar-de-licitacoes-semana-de-19-a-23-07\/#breadcrumb\",\"itemListElement\":[{\"@type\":\"ListItem\",\"position\":1,\"item\":{\"@type\":\"WebPage\",\"@id\":\"https:\/\/abrelivros.org.br\/site\/\",\"url\":\"https:\/\/abrelivros.org.br\/site\/\",\"name\":\"In\\u00edcio\"}},{\"@type\":\"ListItem\",\"position\":2,\"item\":{\"@type\":\"WebPage\",\"@id\":\"https:\/\/abrelivros.org.br\/site\/category\/noticias\/\",\"url\":\"https:\/\/abrelivros.org.br\/site\/category\/noticias\/\",\"name\":\"Not\\u00edcias\"}},{\"@type\":\"ListItem\",\"position\":3,\"item\":{\"@type\":\"WebPage\",\"@id\":\"https:\/\/abrelivros.org.br\/site\/category\/noticias\/noticias-da-imprensa\/\",\"url\":\"https:\/\/abrelivros.org.br\/site\/category\/noticias\/noticias-da-imprensa\/\",\"name\":\"Not\\u00edcias da imprensa\"}},{\"@type\":\"ListItem\",\"position\":4,\"item\":{\"@type\":\"WebPage\",\"@id\":\"https:\/\/abrelivros.org.br\/site\/radar-de-licitacoes-semana-de-19-a-23-07\/\",\"url\":\"https:\/\/abrelivros.org.br\/site\/radar-de-licitacoes-semana-de-19-a-23-07\/\",\"name\":\"Radar de Licita\\u00e7\\u00f5es &#8211; semana de 19 a 23\/07\"}}]},{\"@type\":\"Person\",\"@id\":\"https:\/\/abrelivros.org.br\/site\/#\/schema\/person\/65db80e26409802ce15ac5feec6a15fd\",\"name\":\"Reda\\u00e7\\u00e3o Abrelivros\",\"image\":{\"@type\":\"ImageObject\",\"@id\":\"https:\/\/abrelivros.org.br\/site\/#personlogo\",\"inLanguage\":\"pt-BR\",\"url\":\"https:\/\/secure.gravatar.com\/avatar\/c4e57f9c7e3482965bd428192061218520756c39080b1d1820b679fa5e9af192?s=96&d=mm&r=g\",\"caption\":\"Reda\\u00e7\\u00e3o Abrelivros\"}}]}<\/script>\n<!-- \/ Yoast SEO plugin. -->","_links":{"self":[{"href":"https:\/\/abrelivros.org.br\/site\/wp-json\/wp\/v2\/posts\/14497","targetHints":{"allow":["GET"]}}],"collection":[{"href":"https:\/\/abrelivros.org.br\/site\/wp-json\/wp\/v2\/posts"}],"about":[{"href":"https:\/\/abrelivros.org.br\/site\/wp-json\/wp\/v2\/types\/post"}],"author":[{"embeddable":true,"href":"https:\/\/abrelivros.org.br\/site\/wp-json\/wp\/v2\/users\/4"}],"replies":[{"embeddable":true,"href":"https:\/\/abrelivros.org.br\/site\/wp-json\/wp\/v2\/comments?post=14497"}],"version-history":[{"count":1,"href":"https:\/\/abrelivros.org.br\/site\/wp-json\/wp\/v2\/posts\/14497\/revisions"}],"predecessor-version":[{"id":14498,"href":"https:\/\/abrelivros.org.br\/site\/wp-json\/wp\/v2\/posts\/14497\/revisions\/14498"}],"wp:attachment":[{"href":"https:\/\/abrelivros.org.br\/site\/wp-json\/wp\/v2\/media?parent=14497"}],"wp:term":[{"taxonomy":"category","embeddable":true,"href":"https:\/\/abrelivros.org.br\/site\/wp-json\/wp\/v2\/categories?post=14497"},{"taxonomy":"post_tag","embeddable":true,"href":"https:\/\/abrelivros.org.br\/site\/wp-json\/wp\/v2\/tags?post=14497"}],"curies":[{"name":"wp","href":"https:\/\/api.w.org\/{rel}","templated":true}]}}