{"id":14494,"date":"2021-07-21T15:29:16","date_gmt":"2021-07-21T18:29:16","guid":{"rendered":"https:\/\/abrelivros.org.br\/site\/?p=14494"},"modified":"2021-07-21T15:29:16","modified_gmt":"2021-07-21T18:29:16","slug":"guia-publicado-pelo-mec-orienta-redes-de-ensino-sobre-o-retorno-das-atividades-presenciais","status":"publish","type":"post","link":"https:\/\/abrelivros.org.br\/site\/guia-publicado-pelo-mec-orienta-redes-de-ensino-sobre-o-retorno-das-atividades-presenciais\/","title":{"rendered":"Guia publicado pelo MEC orienta redes de ensino sobre o retorno das atividades presenciais"},"content":{"rendered":"<p>O Minist\u00e9rio da Educa\u00e7\u00e3o (MEC) publicou o Guia de Implementa\u00e7\u00e3o de Protocolos de Retorno das Atividades Presenciais nas Escolas de Educa\u00e7\u00e3o B\u00e1sica. O material foi elaborado com o intuito de orientar sistemas e redes de ensino da educa\u00e7\u00e3o b\u00e1sica sobre o funcionamento e o desenvolvimento de atividades administrativas e educativas nas escolas, com vistas ao retorno das atividades presenciais.<!--more--><\/p>\n<p>O Guia \u00e9 mais uma das a\u00e7\u00f5es desenvolvidas pelo MEC que visam mitigar os impactos da pandemia de Covid-19 na educa\u00e7\u00e3o brasileira. Al\u00e9m do Guia, o MEC elaborou o Painel de Monitoramento da Educa\u00e7\u00e3o B\u00e1sica Brasileira; o Programa Nacional de Alimenta\u00e7\u00e3o Escolar no Retorno Presencial \u00e0s Aulas Durante a Pandemia da Covid-19; bem como diversas outras a\u00e7\u00f5es e materiais.<\/p>\n<p>Com o aux\u00edlio da Secretaria de Educa\u00e7\u00e3o B\u00e1sica (SEB), da Secretaria de Alfabetiza\u00e7\u00e3o (Sealf) e da Secretaria de Modalidades Especializadas de Educa\u00e7\u00e3o (Semesp), o Guia foi elaborado com base em diferentes documentos e protocolos de biosseguran\u00e7a, como as orienta\u00e7\u00f5es da Organiza\u00e7\u00e3o Mundial de Sa\u00fade (OMS), Organiza\u00e7\u00e3o Pan-Americana de Sa\u00fade (OPAS), Organiza\u00e7\u00e3o das Na\u00e7\u00f5es Unidas para a Educa\u00e7\u00e3o, a Ci\u00eancia e a Cultura (Unesco), do Fundo das Na\u00e7\u00f5es Unidas para a Inf\u00e2ncia (Unicef) e do Minist\u00e9rio da Sa\u00fade (MS).<\/p>\n<p>O Guia foi estruturado em cap\u00edtulos, que perpassam desde a\u00e7\u00f5es de suporte \u00e0s escolas que o MEC adotou, at\u00e9 orienta\u00e7\u00f5es sobre as medidas pedag\u00f3gicas e sociais em sa\u00fade que as institui\u00e7\u00f5es de ensino devem adotar para realizar um retorno seguro \u00e0s atividades presenciais.<\/p>\n<p><a href=\"https:\/\/www.gov.br\/GuiaderetornodasAtividadesPresenciaisnaEducaoBsica.pdf\" target=\"_blank\" rel=\"noopener noreferrer\">Confira<\/a> o Guia.<\/p>\n","protected":false},"excerpt":{"rendered":"<p>O Minist\u00e9rio da Educa\u00e7\u00e3o (MEC) publicou o Guia de Implementa\u00e7\u00e3o de Protocolos de Retorno das Atividades Presenciais nas Escolas de Educa\u00e7\u00e3o B\u00e1sica. O material foi elaborado com o intuito de orientar sistemas e redes de ensino da educa\u00e7\u00e3o b\u00e1sica sobre o funcionamento e o desenvolvimento de atividades administrativas e educativas nas escolas, com vistas ao [&hellip;]<\/p>\n","protected":false},"author":4,"featured_media":0,"comment_status":"closed","ping_status":"closed","sticky":false,"template":"","format":"standard","meta":{"footnotes":"","_links_to":"","_links_to_target":""},"categories":[9],"tags":[],"class_list":["post-14494","post","type-post","status-publish","format-standard","hentry","category-noticias-da-imprensa"],"yoast_head":"<!-- This site is optimized with the Yoast SEO plugin v15.1 - https:\/\/yoast.com\/wordpress\/plugins\/seo\/ -->\n<title>Guia publicado pelo MEC orienta redes de ensino sobre o retorno das atividades presenciais &raquo; Abrelivros<\/title>\n<meta name=\"robots\" content=\"index, follow, max-snippet:-1, max-image-preview:large, max-video-preview:-1\" \/>\n<link rel=\"canonical\" href=\"https:\/\/abrelivros.org.br\/site\/guia-publicado-pelo-mec-orienta-redes-de-ensino-sobre-o-retorno-das-atividades-presenciais\/\" \/>\n<meta property=\"og:locale\" content=\"pt_BR\" \/>\n<meta property=\"og:type\" content=\"article\" \/>\n<meta property=\"og:title\" content=\"Guia publicado pelo MEC orienta redes de ensino sobre o retorno das atividades presenciais &raquo; Abrelivros\" \/>\n<meta property=\"og:description\" content=\"O Minist\u00e9rio da Educa\u00e7\u00e3o (MEC) publicou o Guia de Implementa\u00e7\u00e3o de Protocolos de Retorno das Atividades Presenciais nas Escolas de Educa\u00e7\u00e3o B\u00e1sica. O material foi elaborado com o intuito de orientar sistemas e redes de ensino da educa\u00e7\u00e3o b\u00e1sica sobre o funcionamento e o desenvolvimento de atividades administrativas e educativas nas escolas, com vistas ao [&hellip;]\" \/>\n<meta property=\"og:url\" content=\"https:\/\/abrelivros.org.br\/site\/guia-publicado-pelo-mec-orienta-redes-de-ensino-sobre-o-retorno-das-atividades-presenciais\/\" \/>\n<meta property=\"og:site_name\" content=\"Abrelivros\" \/>\n<meta property=\"article:published_time\" content=\"2021-07-21T18:29:16+00:00\" \/>\n<meta name=\"twitter:card\" content=\"summary_large_image\" \/>\n<script type=\"application\/ld+json\" class=\"yoast-schema-graph\">{\"@context\":\"https:\/\/schema.org\",\"@graph\":[{\"@type\":\"WebSite\",\"@id\":\"https:\/\/abrelivros.org.br\/site\/#website\",\"url\":\"https:\/\/abrelivros.org.br\/site\/\",\"name\":\"Abrelivros\",\"description\":\"\",\"potentialAction\":[{\"@type\":\"SearchAction\",\"target\":\"https:\/\/abrelivros.org.br\/site\/?s={search_term_string}\",\"query-input\":\"required name=search_term_string\"}],\"inLanguage\":\"pt-BR\"},{\"@type\":\"WebPage\",\"@id\":\"https:\/\/abrelivros.org.br\/site\/guia-publicado-pelo-mec-orienta-redes-de-ensino-sobre-o-retorno-das-atividades-presenciais\/#webpage\",\"url\":\"https:\/\/abrelivros.org.br\/site\/guia-publicado-pelo-mec-orienta-redes-de-ensino-sobre-o-retorno-das-atividades-presenciais\/\",\"name\":\"Guia publicado pelo MEC orienta redes de ensino sobre o retorno das atividades presenciais &raquo; Abrelivros\",\"isPartOf\":{\"@id\":\"https:\/\/abrelivros.org.br\/site\/#website\"},\"datePublished\":\"2021-07-21T18:29:16+00:00\",\"dateModified\":\"2021-07-21T18:29:16+00:00\",\"author\":{\"@id\":\"https:\/\/abrelivros.org.br\/site\/#\/schema\/person\/65db80e26409802ce15ac5feec6a15fd\"},\"breadcrumb\":{\"@id\":\"https:\/\/abrelivros.org.br\/site\/guia-publicado-pelo-mec-orienta-redes-de-ensino-sobre-o-retorno-das-atividades-presenciais\/#breadcrumb\"},\"inLanguage\":\"pt-BR\",\"potentialAction\":[{\"@type\":\"ReadAction\",\"target\":[\"https:\/\/abrelivros.org.br\/site\/guia-publicado-pelo-mec-orienta-redes-de-ensino-sobre-o-retorno-das-atividades-presenciais\/\"]}]},{\"@type\":\"BreadcrumbList\",\"@id\":\"https:\/\/abrelivros.org.br\/site\/guia-publicado-pelo-mec-orienta-redes-de-ensino-sobre-o-retorno-das-atividades-presenciais\/#breadcrumb\",\"itemListElement\":[{\"@type\":\"ListItem\",\"position\":1,\"item\":{\"@type\":\"WebPage\",\"@id\":\"https:\/\/abrelivros.org.br\/site\/\",\"url\":\"https:\/\/abrelivros.org.br\/site\/\",\"name\":\"In\\u00edcio\"}},{\"@type\":\"ListItem\",\"position\":2,\"item\":{\"@type\":\"WebPage\",\"@id\":\"https:\/\/abrelivros.org.br\/site\/category\/noticias\/\",\"url\":\"https:\/\/abrelivros.org.br\/site\/category\/noticias\/\",\"name\":\"Not\\u00edcias\"}},{\"@type\":\"ListItem\",\"position\":3,\"item\":{\"@type\":\"WebPage\",\"@id\":\"https:\/\/abrelivros.org.br\/site\/category\/noticias\/noticias-da-imprensa\/\",\"url\":\"https:\/\/abrelivros.org.br\/site\/category\/noticias\/noticias-da-imprensa\/\",\"name\":\"Not\\u00edcias da imprensa\"}},{\"@type\":\"ListItem\",\"position\":4,\"item\":{\"@type\":\"WebPage\",\"@id\":\"https:\/\/abrelivros.org.br\/site\/guia-publicado-pelo-mec-orienta-redes-de-ensino-sobre-o-retorno-das-atividades-presenciais\/\",\"url\":\"https:\/\/abrelivros.org.br\/site\/guia-publicado-pelo-mec-orienta-redes-de-ensino-sobre-o-retorno-das-atividades-presenciais\/\",\"name\":\"Guia publicado pelo MEC orienta redes de ensino sobre o retorno das atividades presenciais\"}}]},{\"@type\":\"Person\",\"@id\":\"https:\/\/abrelivros.org.br\/site\/#\/schema\/person\/65db80e26409802ce15ac5feec6a15fd\",\"name\":\"Reda\\u00e7\\u00e3o Abrelivros\",\"image\":{\"@type\":\"ImageObject\",\"@id\":\"https:\/\/abrelivros.org.br\/site\/#personlogo\",\"inLanguage\":\"pt-BR\",\"url\":\"https:\/\/secure.gravatar.com\/avatar\/c4e57f9c7e3482965bd428192061218520756c39080b1d1820b679fa5e9af192?s=96&d=mm&r=g\",\"caption\":\"Reda\\u00e7\\u00e3o Abrelivros\"}}]}<\/script>\n<!-- \/ Yoast SEO plugin. -->","_links":{"self":[{"href":"https:\/\/abrelivros.org.br\/site\/wp-json\/wp\/v2\/posts\/14494","targetHints":{"allow":["GET"]}}],"collection":[{"href":"https:\/\/abrelivros.org.br\/site\/wp-json\/wp\/v2\/posts"}],"about":[{"href":"https:\/\/abrelivros.org.br\/site\/wp-json\/wp\/v2\/types\/post"}],"author":[{"embeddable":true,"href":"https:\/\/abrelivros.org.br\/site\/wp-json\/wp\/v2\/users\/4"}],"replies":[{"embeddable":true,"href":"https:\/\/abrelivros.org.br\/site\/wp-json\/wp\/v2\/comments?post=14494"}],"version-history":[{"count":1,"href":"https:\/\/abrelivros.org.br\/site\/wp-json\/wp\/v2\/posts\/14494\/revisions"}],"predecessor-version":[{"id":14496,"href":"https:\/\/abrelivros.org.br\/site\/wp-json\/wp\/v2\/posts\/14494\/revisions\/14496"}],"wp:attachment":[{"href":"https:\/\/abrelivros.org.br\/site\/wp-json\/wp\/v2\/media?parent=14494"}],"wp:term":[{"taxonomy":"category","embeddable":true,"href":"https:\/\/abrelivros.org.br\/site\/wp-json\/wp\/v2\/categories?post=14494"},{"taxonomy":"post_tag","embeddable":true,"href":"https:\/\/abrelivros.org.br\/site\/wp-json\/wp\/v2\/tags?post=14494"}],"curies":[{"name":"wp","href":"https:\/\/api.w.org\/{rel}","templated":true}]}}