{"id":14492,"date":"2021-07-21T15:24:34","date_gmt":"2021-07-21T18:24:34","guid":{"rendered":"https:\/\/abrelivros.org.br\/site\/?p=14492"},"modified":"2021-07-21T15:24:34","modified_gmt":"2021-07-21T18:24:34","slug":"milton-ribeiro-vai-a-tv-defender-volta-as-aulas-apesar-de-omissao-do-mec-na-pandemia","status":"publish","type":"post","link":"https:\/\/abrelivros.org.br\/site\/milton-ribeiro-vai-a-tv-defender-volta-as-aulas-apesar-de-omissao-do-mec-na-pandemia\/","title":{"rendered":"Milton Ribeiro vai \u00e0 TV defender volta \u00e0s aulas apesar de omiss\u00e3o do MEC na pandemia"},"content":{"rendered":"<p>O ministro da Educa\u00e7\u00e3o, pastor Milton Ribeiro, fez um pronunciamento em rede nacional nesta ter\u00e7a-feira (20) para pressionar estados e munic\u00edpios pelo retorno \u00e0s aulas presenciais.<\/p>\n<p>Ribeiro est\u00e1 em f\u00e9rias desde o dia 19 e s\u00f3 volta ao trabalho no pr\u00f3ximo m\u00eas. Ele gravou o pronunciamento antes.<!--more--><\/p>\n<p>No pronunciamento, Ribeiro disse que Brasil n\u00e3o pode continuar com as escolas fechadas e que v\u00e1rios pa\u00edses j\u00e1 retornaram em 2020. Ele ressaltou que a decis\u00e3o do retorno n\u00e3o \u00e9 do MEC, mas das redes de ensino.<\/p>\n<p>&#8220;Quero deixar claro que, no Brasil, a decis\u00e3o de abertura foi delegada a estados e munic\u00edpios, n\u00e3o tendo o governo federal poder e decis\u00e3o sobre o tema&#8221;, disse. &#8220;O MEC n\u00e3o pode determinar o retorno presencial da aulas, caso contr\u00e1rio j\u00e1 teria determinado. Mas n\u00e3o o retorno a qualquer pre\u00e7o. Fornecemos protocolo de biosseguran\u00e7a a todas as escolas da educa\u00e7\u00e3o b\u00e1sica e ensino superior.&#8221;<\/p>\n<p>O ministro iniciou a fala conclamando alunos e professores ao retorno. &#8220;O retorno \u00e0s aulas presenciais \u00e9 uma necessidade urgente&#8221;.<\/p>\n<p>O ministro defendeu que o MEC fez investimentos para apoiar as redes e defendeu que o uso de \u00e1lcool em gel, utiliza\u00e7\u00e3o de m\u00e1scara e distanciamento social s\u00e3o medidas que o mundo est\u00e1 utilizando com sucesso. O presidente Jair Bolsonaro (sem partido) \u00e9 opositor de medidas de distanciamento social e j\u00e1 criticou o uso de m\u00e1scaras.<\/p>\n<p>Para Ribeiro, n\u00e3o \u00e9 vi\u00e1vel esperar a vacina\u00e7\u00e3o de todos os profissionais da educa\u00e7\u00e3o. &#8220;A vacina\u00e7\u00e3o de toda comunidade escolar n\u00e3o pode ser condi\u00e7\u00e3o para reabertura das escolas&#8221;, disse.<\/p>\n<p>Desde que chegou ao cargo, h\u00e1 um ano, Ribeiro defende o retorno \u00e0s aulas presenciais. A posi\u00e7\u00e3o tem sido refor\u00e7ada pelo ministro nos \u00faltimos dias.<\/p>\n<p>Apesar disso, o MEC (Minist\u00e9rio da Educa\u00e7\u00e3o) foi ausente no apoio a estados e munic\u00edpios durante a pandemia para manter aulas remotas ou para o retorno \u00e0s atividades presenciais.<\/p>\n<p>O ministro j\u00e1 disse em entrevistas que n\u00e3o cabe ao MEC apoiar estados e munic\u00edpios e que o sistema educacional j\u00e1 vivia dificuldades e desigualdades antes da pandemia, eximindo o governo Bolsonaro de responsabilidade pela situa\u00e7\u00e3o atual.<\/p>\n<p>O MEC tem obriga\u00e7\u00e3o constitucional de apoiar estados e munic\u00edpios, que concentram as matr\u00edculas da educa\u00e7\u00e3o b\u00e1sica no pa\u00eds. A legisla\u00e7\u00e3o define que cabe prefeituras e estados a defini\u00e7\u00e3o do calend\u00e1rio das escolas sob sua responsabilidade.<\/p>\n<p>Vitor de Angelo, presidente do Consed (Conselho Nacional dos Secret\u00e1rios de Educa\u00e7\u00e3o), diz que a volta \u00e0s aulas \u00e9 atribui\u00e7\u00e3o de cada gestor local, seja sa\u00fade ou de educa\u00e7\u00e3o. \u200bA alheamento do governo Bolsonaro com os desafios da educa\u00e7\u00e3o na pandemia tem sido criticado por dirigentes desde o ano passado.<\/p>\n<p>&#8220;Nenhuma medida deve ser tomada para todo o pa\u00eds, uma vez que o enfrentamento para a pandemia n\u00e3o foi coordenado nacionalmente e a situa\u00e7\u00e3o da pandemia \u00e9 diferente de um estado para o outro&#8221;, disse Angelo, antes do pronunciamento.<\/p>\n<p>A entidade se reuniu nesta ter\u00e7a-feira com integrantes do Conass (Conselho Nacional de Secret\u00e1rios de Sa\u00fade) para debater o tema. J\u00e1 h\u00e1 entendimentos na maioria das redes do pa\u00eds sobre um retorno presencial em agosto, mesmo que escalonado.<\/p>\n<p>O Conass tamb\u00e9m defende decis\u00f5es descentralizadas. &#8220;A decis\u00e3o a ser tomada depende sempre de uma a\u00e7\u00e3o local e a integra\u00e7\u00e3o das \u00e1reas de educa\u00e7\u00e3o e sa\u00fade tanto dos estados e dos munic\u00edpios, avaliar a situa\u00e7\u00e3o epidemiol\u00f3gica, riscos e benef\u00edcios&#8221;, diz Nereu Mansano, um dos representantes t\u00e9cnicos do Conass presente no encontro.<\/p>\n<p>O Brasil \u00e9 um dos pa\u00edses mais afetados pela Covid-19. Completamos, nesta segunda-feira (19), 180 dias seguidos de m\u00e9dia m\u00f3vel de mortes pela doen\u00e7a acima de 1.000 \u00f3bitos por dia.<\/p>\n<p>O pa\u00eds tamb\u00e9m amarga um dos maiores per\u00edodos sem aulas presenciais. Precariedade na oferta de ensino remoto, preju\u00edzos de aprendizado e alto risco de abandono escolar t\u00eam sido apontados por estudos.<\/p>\n<p>Apesar disso, o apoio federal tem sido baixo. A \u00fanica iniciativa efetiva da pasta para a educa\u00e7\u00e3o b\u00e1sica vinculada \u00e0 pandemia foi o incremento, a partir de outubro, de cerca de R$ 600 milh\u00f5es no programa que envia dinheiro para as escolas.<\/p>\n<p>No entanto, os gastos totais com esse programa, chamado Dinheiro Direto na Escola, em 2020 (de R$ 1,7 bilh\u00e3o) foram os menores ao menos desde 2015, na compara\u00e7\u00e3o com valores atualizados. S\u00f3 ficam acima dos de 2019, primeiro ano da gest\u00e3o Bolsonaro.<\/p>\n<p>O ministro citou que organismos internacionais, como Unesco, Unicef e OCDE, apontaram impactos negativos com o fechamento de escolas. Segundo Ribeiro, o MEC tem exercido &#8220;com responsabilidade&#8221; seu papel de articulador nacional apoiando estados e munic\u00edpios.<\/p>\n<p>Ele afirmou que houve investimentos do MEC da ordem R$ 1,7 bilh\u00e3o para o enfrentamento da Covid-19 nas escolas p\u00fablicas. O valor n\u00e3o tem respaldo nos dados oficiais.<\/p>\n<p>Os repasses para instala\u00e7\u00e3o de internet nas escolas est\u00e3o inclu\u00eddos nesse montante. A execu\u00e7\u00e3o do programa Educa\u00e7\u00e3o Conectada, que tem esse fim, tem sido inconstante durante essa gest\u00e3o.<\/p>\n<p>Em 2019, o minist\u00e9rio anunciou investimentos de R$ 224 milh\u00f5es mas gastou de fato nem metade disso (R$ 85,9 milh\u00f5es). No ano passado, patinou nos repasses no primeiro semestre mas, ao fim do ano, acumulou um gasto de R$ 295 milh\u00f5es (sobretudo porque gastou or\u00e7amento empenhado em anos anteriores).<\/p>\n<p>A pasta s\u00f3 investiu, neste primeiro semestre de 2021, R$ 25,9 milh\u00f5es nessa iniciativa.<\/p>\n<p>O governo Bolsonaro brigou na Justi\u00e7a para n\u00e3o cumprir lei que determina investimentos para fornecer internet a alunos e professores da rede p\u00fablica. A lei, inicialmente vetada por Bolsonaro mas que teve o veto derrubado pelo Congresso, prev\u00ea investimentos de R$ 3,5 bilh\u00f5es.<\/p>\n<p>Apesar de a educa\u00e7\u00e3o viver momento cr\u00edtico por causa da pandemia, o MEC fechou o ano passado com recordes negativos de execu\u00e7\u00e3o or\u00e7ament\u00e1ria na educa\u00e7\u00e3o b\u00e1sica. Os investimentos tamb\u00e9m tiveram recorde negativo.<\/p>\n<p>Com rela\u00e7\u00e3o \u00e0s despesas totais do governo federal, os gastos em educa\u00e7\u00e3o representaram no ano passado 5,2%; esse percentual j\u00e1 foi de 6,5% em 2016.<\/p>\n<p>O MEC divulgou em outubro um protocolo com orienta\u00e7\u00f5es sanit\u00e1rias para o retorno \u00e0s aulas presenciais. Minist\u00e9rio da Sa\u00fade informou nesta ter\u00e7a-feira que prepara, em conjunto com o MEC, um novo documento orientador, mas que ainda n\u00e3o h\u00e1 informa\u00e7\u00f5es sobre o que ser\u00e1 recomendado.<\/p>\n<p>Pelas redes sociais, a presidente do Movimento Todos Pela Educa\u00e7\u00e3o, Priscila Cruz, refor\u00e7ou o contraste entre a falta de a\u00e7\u00f5es do MEC no per\u00edodo e a postura da pasta. &#8220;Trabalham pelo homeschooling, n\u00e3o apoiaram estados e munic\u00edpios para a reabertura, vetam investimento em conectividade de alunos e professores, negam a gravidade da pandemia e as provid\u00eancias para a reabertura e agora\u2026 querem sentar na janelinha&#8221;, escreveu, ao comentar publica\u00e7\u00e3o do ministro sobre o pronunciamento.<\/p>\n<p>Pastor presbiteriano, Milton Ribeiro encerrou o pronunciamento com uma mensagem religiosa. &#8220;Deus aben\u00e7oe o nosso Brasil. Meu desejo e minha ora\u00e7\u00e3o&#8221;.<\/p>\n","protected":false},"excerpt":{"rendered":"<p>O ministro da Educa\u00e7\u00e3o, pastor Milton Ribeiro, fez um pronunciamento em rede nacional nesta ter\u00e7a-feira (20) para pressionar estados e munic\u00edpios pelo retorno \u00e0s aulas presenciais. Ribeiro est\u00e1 em f\u00e9rias desde o dia 19 e s\u00f3 volta ao trabalho no pr\u00f3ximo m\u00eas. Ele gravou o pronunciamento antes.<\/p>\n","protected":false},"author":4,"featured_media":0,"comment_status":"closed","ping_status":"closed","sticky":false,"template":"","format":"standard","meta":{"footnotes":"","_links_to":"","_links_to_target":""},"categories":[9],"tags":[],"class_list":["post-14492","post","type-post","status-publish","format-standard","hentry","category-noticias-da-imprensa"],"yoast_head":"<!-- This site is optimized with the Yoast SEO plugin v15.1 - https:\/\/yoast.com\/wordpress\/plugins\/seo\/ -->\n<title>Milton Ribeiro vai \u00e0 TV defender volta \u00e0s aulas apesar de omiss\u00e3o do MEC na pandemia &raquo; Abrelivros<\/title>\n<meta name=\"robots\" content=\"index, follow, max-snippet:-1, max-image-preview:large, max-video-preview:-1\" \/>\n<link rel=\"canonical\" href=\"https:\/\/abrelivros.org.br\/site\/milton-ribeiro-vai-a-tv-defender-volta-as-aulas-apesar-de-omissao-do-mec-na-pandemia\/\" \/>\n<meta property=\"og:locale\" content=\"pt_BR\" \/>\n<meta property=\"og:type\" content=\"article\" \/>\n<meta property=\"og:title\" content=\"Milton Ribeiro vai \u00e0 TV defender volta \u00e0s aulas apesar de omiss\u00e3o do MEC na pandemia &raquo; Abrelivros\" \/>\n<meta property=\"og:description\" content=\"O ministro da Educa\u00e7\u00e3o, pastor Milton Ribeiro, fez um pronunciamento em rede nacional nesta ter\u00e7a-feira (20) para pressionar estados e munic\u00edpios pelo retorno \u00e0s aulas presenciais. Ribeiro est\u00e1 em f\u00e9rias desde o dia 19 e s\u00f3 volta ao trabalho no pr\u00f3ximo m\u00eas. Ele gravou o pronunciamento antes.\" \/>\n<meta property=\"og:url\" content=\"https:\/\/abrelivros.org.br\/site\/milton-ribeiro-vai-a-tv-defender-volta-as-aulas-apesar-de-omissao-do-mec-na-pandemia\/\" \/>\n<meta property=\"og:site_name\" content=\"Abrelivros\" \/>\n<meta property=\"article:published_time\" content=\"2021-07-21T18:24:34+00:00\" \/>\n<meta name=\"twitter:card\" content=\"summary_large_image\" \/>\n<script type=\"application\/ld+json\" class=\"yoast-schema-graph\">{\"@context\":\"https:\/\/schema.org\",\"@graph\":[{\"@type\":\"WebSite\",\"@id\":\"https:\/\/abrelivros.org.br\/site\/#website\",\"url\":\"https:\/\/abrelivros.org.br\/site\/\",\"name\":\"Abrelivros\",\"description\":\"\",\"potentialAction\":[{\"@type\":\"SearchAction\",\"target\":\"https:\/\/abrelivros.org.br\/site\/?s={search_term_string}\",\"query-input\":\"required name=search_term_string\"}],\"inLanguage\":\"pt-BR\"},{\"@type\":\"WebPage\",\"@id\":\"https:\/\/abrelivros.org.br\/site\/milton-ribeiro-vai-a-tv-defender-volta-as-aulas-apesar-de-omissao-do-mec-na-pandemia\/#webpage\",\"url\":\"https:\/\/abrelivros.org.br\/site\/milton-ribeiro-vai-a-tv-defender-volta-as-aulas-apesar-de-omissao-do-mec-na-pandemia\/\",\"name\":\"Milton Ribeiro vai \\u00e0 TV defender volta \\u00e0s aulas apesar de omiss\\u00e3o do MEC na pandemia &raquo; Abrelivros\",\"isPartOf\":{\"@id\":\"https:\/\/abrelivros.org.br\/site\/#website\"},\"datePublished\":\"2021-07-21T18:24:34+00:00\",\"dateModified\":\"2021-07-21T18:24:34+00:00\",\"author\":{\"@id\":\"https:\/\/abrelivros.org.br\/site\/#\/schema\/person\/65db80e26409802ce15ac5feec6a15fd\"},\"breadcrumb\":{\"@id\":\"https:\/\/abrelivros.org.br\/site\/milton-ribeiro-vai-a-tv-defender-volta-as-aulas-apesar-de-omissao-do-mec-na-pandemia\/#breadcrumb\"},\"inLanguage\":\"pt-BR\",\"potentialAction\":[{\"@type\":\"ReadAction\",\"target\":[\"https:\/\/abrelivros.org.br\/site\/milton-ribeiro-vai-a-tv-defender-volta-as-aulas-apesar-de-omissao-do-mec-na-pandemia\/\"]}]},{\"@type\":\"BreadcrumbList\",\"@id\":\"https:\/\/abrelivros.org.br\/site\/milton-ribeiro-vai-a-tv-defender-volta-as-aulas-apesar-de-omissao-do-mec-na-pandemia\/#breadcrumb\",\"itemListElement\":[{\"@type\":\"ListItem\",\"position\":1,\"item\":{\"@type\":\"WebPage\",\"@id\":\"https:\/\/abrelivros.org.br\/site\/\",\"url\":\"https:\/\/abrelivros.org.br\/site\/\",\"name\":\"In\\u00edcio\"}},{\"@type\":\"ListItem\",\"position\":2,\"item\":{\"@type\":\"WebPage\",\"@id\":\"https:\/\/abrelivros.org.br\/site\/category\/noticias\/\",\"url\":\"https:\/\/abrelivros.org.br\/site\/category\/noticias\/\",\"name\":\"Not\\u00edcias\"}},{\"@type\":\"ListItem\",\"position\":3,\"item\":{\"@type\":\"WebPage\",\"@id\":\"https:\/\/abrelivros.org.br\/site\/category\/noticias\/noticias-da-imprensa\/\",\"url\":\"https:\/\/abrelivros.org.br\/site\/category\/noticias\/noticias-da-imprensa\/\",\"name\":\"Not\\u00edcias da imprensa\"}},{\"@type\":\"ListItem\",\"position\":4,\"item\":{\"@type\":\"WebPage\",\"@id\":\"https:\/\/abrelivros.org.br\/site\/milton-ribeiro-vai-a-tv-defender-volta-as-aulas-apesar-de-omissao-do-mec-na-pandemia\/\",\"url\":\"https:\/\/abrelivros.org.br\/site\/milton-ribeiro-vai-a-tv-defender-volta-as-aulas-apesar-de-omissao-do-mec-na-pandemia\/\",\"name\":\"Milton Ribeiro vai \\u00e0 TV defender volta \\u00e0s aulas apesar de omiss\\u00e3o do MEC na pandemia\"}}]},{\"@type\":\"Person\",\"@id\":\"https:\/\/abrelivros.org.br\/site\/#\/schema\/person\/65db80e26409802ce15ac5feec6a15fd\",\"name\":\"Reda\\u00e7\\u00e3o Abrelivros\",\"image\":{\"@type\":\"ImageObject\",\"@id\":\"https:\/\/abrelivros.org.br\/site\/#personlogo\",\"inLanguage\":\"pt-BR\",\"url\":\"https:\/\/secure.gravatar.com\/avatar\/c4e57f9c7e3482965bd428192061218520756c39080b1d1820b679fa5e9af192?s=96&d=mm&r=g\",\"caption\":\"Reda\\u00e7\\u00e3o Abrelivros\"}}]}<\/script>\n<!-- \/ Yoast SEO plugin. -->","_links":{"self":[{"href":"https:\/\/abrelivros.org.br\/site\/wp-json\/wp\/v2\/posts\/14492","targetHints":{"allow":["GET"]}}],"collection":[{"href":"https:\/\/abrelivros.org.br\/site\/wp-json\/wp\/v2\/posts"}],"about":[{"href":"https:\/\/abrelivros.org.br\/site\/wp-json\/wp\/v2\/types\/post"}],"author":[{"embeddable":true,"href":"https:\/\/abrelivros.org.br\/site\/wp-json\/wp\/v2\/users\/4"}],"replies":[{"embeddable":true,"href":"https:\/\/abrelivros.org.br\/site\/wp-json\/wp\/v2\/comments?post=14492"}],"version-history":[{"count":1,"href":"https:\/\/abrelivros.org.br\/site\/wp-json\/wp\/v2\/posts\/14492\/revisions"}],"predecessor-version":[{"id":14493,"href":"https:\/\/abrelivros.org.br\/site\/wp-json\/wp\/v2\/posts\/14492\/revisions\/14493"}],"wp:attachment":[{"href":"https:\/\/abrelivros.org.br\/site\/wp-json\/wp\/v2\/media?parent=14492"}],"wp:term":[{"taxonomy":"category","embeddable":true,"href":"https:\/\/abrelivros.org.br\/site\/wp-json\/wp\/v2\/categories?post=14492"},{"taxonomy":"post_tag","embeddable":true,"href":"https:\/\/abrelivros.org.br\/site\/wp-json\/wp\/v2\/tags?post=14492"}],"curies":[{"name":"wp","href":"https:\/\/api.w.org\/{rel}","templated":true}]}}