{"id":14490,"date":"2021-07-21T15:22:14","date_gmt":"2021-07-21T18:22:14","guid":{"rendered":"https:\/\/abrelivros.org.br\/site\/?p=14490"},"modified":"2021-07-21T15:22:14","modified_gmt":"2021-07-21T18:22:14","slug":"ministro-da-educacao-pede-volta-as-aulas-presenciais-necessidade-urgente","status":"publish","type":"post","link":"https:\/\/abrelivros.org.br\/site\/ministro-da-educacao-pede-volta-as-aulas-presenciais-necessidade-urgente\/","title":{"rendered":"Ministro da Educa\u00e7\u00e3o pede volta \u00e0s aulas presenciais: &#8216;Necessidade urgente&#8217;"},"content":{"rendered":"<p>Mesmo com apenas 16,49% da popula\u00e7\u00e3o no Brasil imunizada contra a covid-19, o ministro da Educa\u00e7\u00e3o, Milton Ribeiro, &#8220;convocou&#8221; alunos e profissionais da \u00e1rea para voltarem \u00e0s aulas presenciais. Em pronunciamento, ele defendeu que manter escolas fechadas traz consequ\u00eancias &#8220;devastadoras&#8221;, impactando negativamente os mais jovens.<!--more--><\/p>\n<p>&#8220;Quero conclam\u00e1-los ao retorno \u00e0s aulas presenciais. O Brasil n\u00e3o pode continuar com as escolas fechadas, gerando impactos negativos nesta e nas futuras gera\u00e7\u00f5es. N\u00e3o devemos privar nossos filhos do aprendizado necess\u00e1rio para a forma\u00e7\u00e3o acad\u00eamica e profissional deles. Estudos (&#8230;) apontam que o fechamento de escolas traz consequ\u00eancias devastadoras&#8221;, disse Ribeiro em rede nacional de r\u00e1dio e televis\u00e3o.<\/p>\n<p>O ministro tamb\u00e9m culpou estados e munic\u00edpios pelo fechamento das escolas, refor\u00e7ando que o governo federal n\u00e3o tem poder de decis\u00e3o sobre o tema. Se dependesse do MEC, completou, todas as escolas j\u00e1 teriam sido reabertas.<\/p>\n<p>O Minist\u00e9rio da Educa\u00e7\u00e3o n\u00e3o pode determinar o retorno presencial das aulas, caso contr\u00e1rio eu j\u00e1 teria determinado. Mas n\u00e3o \u00e9 um retorno a qualquer pre\u00e7o, que isso fique bem claro. Fornecemos protocolos de biosseguran\u00e7a sanit\u00e1rios a todas as escolas, tanto da educa\u00e7\u00e3o b\u00e1sica quanto do ensino superior.Milton Ribeiro, em pronunciamento<\/p>\n<p>Ao final, ao dirigir-se aos estudantes, aos pais e m\u00e3es e aos profissionais de educa\u00e7\u00e3o, Ribeiro disse que a volta \u00e0s aulas presenciais \u00e9 uma &#8220;necessidade urgente&#8221; e defendeu que a vacina\u00e7\u00e3o, \u00fanica maneira de conter, de fato, a pandemia, n\u00e3o pode ser condicionante para a reabertura das escolas.<\/p>\n<p>&#8220;A vacina\u00e7\u00e3o \u00e9 importante e eu, pessoalmente, solicitei ao senhor ministro da Sa\u00fade [Marcelo Queiroga] a prioriza\u00e7\u00e3o de todos os profissionais da educa\u00e7\u00e3o b\u00e1sica, os quais j\u00e1 est\u00e3o sendo vacinados. Entretanto, a vacina\u00e7\u00e3o de toda a comunidade escolar n\u00e3o pode ser condi\u00e7\u00e3o para a reabertura das escolas. (&#8230;) Precisamos enfrentar juntos os desafios impostos pela pandemia&#8221;, concluiu.<\/p>\n<p><strong>1.425 mortes em 24 horas<\/strong><\/p>\n<p>O pronunciamento de Milton Ribeiro acontece no dia em que o Brasil registra mais 1.425 mortes por covid-19, elevando o total para 544.302. Nas \u00faltimas 24 horas, tamb\u00e9m foram confirmados 30.574 novos casos da doen\u00e7a, totalizando 19.419.741 diagn\u00f3sticos positivos para covid-19 desde o in\u00edcio da pandemia.<\/p>\n<p>Adicionalmente, mais de 34,9 milh\u00f5es de pessoas no pa\u00eds completaram a imuniza\u00e7\u00e3o contra a covid-19 \u2014 isto \u00e9, tomaram as duas doses da vacina, no caso da CoronaVac, da Pfizer e da AstraZeneca, ou a dose \u00fanica da Janssen. Esse n\u00famero corresponde a apenas 16,49% da popula\u00e7\u00e3o nacional.<\/p>\n<p>Os dados s\u00e3o do cons\u00f3rcio de ve\u00edculos de imprensa do qual o UOL faz parte e foram coletados junto \u00e0s secretarias estaduais de sa\u00fade.<\/p>\n<p><strong>Volta \u00e0s aulas \u00e9 lenta<\/strong><\/p>\n<p>At\u00e9 aqui, 12 estados reabriram as escolas p\u00fablicas ap\u00f3s o per\u00edodo de quarentena exigido pelo cen\u00e1rio anterior de crescimento das infec\u00e7\u00f5es pelo coronav\u00edrus \u2014 ritmo mais lento do que o adotado para outras flexibiliza\u00e7\u00f5es nas \u00faltimas semanas. Na rede privada, por outro lado, os alunos j\u00e1 foram liberados para voltar em pelo menos 22 estados e no Distrito Federal.<\/p>\n<p>Os n\u00fameros s\u00e3o de um levantamento feito pelo jornal O Estado de S. Paulo junto a governos estaduais. Daquelas que ainda n\u00e3o liberaram a volta, dez redes estaduais e a do Distrito Federal pretendem convocar os alunos no pr\u00f3ximo m\u00eas. Na Para\u00edba e no Acre, isso est\u00e1 previsto para setembro. Bahia e Roraima ainda n\u00e3o definiram cronograma de retorno.<\/p>\n<p>J\u00e1 entre as capitais, apenas 13 j\u00e1 haviam retornado em julho \u2014 ainda que parcialmente \u2014 \u00e0s atividades presenciais. Entre aquelas que optaram por atividades remotas, quatro pretendem voltar \u00e0 escola em agosto, tr\u00eas em setembro e sete permanecem sem previs\u00e3o de retorno. As redes municipais atendem, na maioria, as s\u00e9ries iniciais do ensino fundamental (6 a 10 anos) e a educa\u00e7\u00e3o infantil (creche e pr\u00e9-escola), justamente os alunos que t\u00eam mais dificuldades de acompanhar aulas online.<\/p>\n<p>Belo Horizonte, por exemplo, iniciou o retorno da educa\u00e7\u00e3o infantil em maio, ap\u00f3s quase 12 meses de creches fechadas. A partir disso, fez a libera\u00e7\u00e3o gradativa das s\u00e9ries seguintes, mas alunos do 6\u00ba ao 9\u00ba ano voltam s\u00f3 em 5 de agosto.<\/p>\n<p>Outras capitais decidiram por retorno mais tardio. \u00c9 o caso de Rio Branco, que pretende retomar depois que todos os professores tomarem a segunda dose da vacina, o que acontecer\u00e1 na segunda quinzena de setembro. Bel\u00e9m e Aracaju tamb\u00e9m estimam o retorno das atividades presenciais em setembro. No caso da capital do Sergipe, a abertura de col\u00e9gios particulares tamb\u00e9m n\u00e3o foi liberada.<\/p>\n<p>(Com Estad\u00e3o Conte\u00fado)<\/p>\n","protected":false},"excerpt":{"rendered":"<p>Mesmo com apenas 16,49% da popula\u00e7\u00e3o no Brasil imunizada contra a covid-19, o ministro da Educa\u00e7\u00e3o, Milton Ribeiro, &#8220;convocou&#8221; alunos e profissionais da \u00e1rea para voltarem \u00e0s aulas presenciais. Em pronunciamento, ele defendeu que manter escolas fechadas traz consequ\u00eancias &#8220;devastadoras&#8221;, impactando negativamente os mais jovens.<\/p>\n","protected":false},"author":4,"featured_media":0,"comment_status":"closed","ping_status":"closed","sticky":false,"template":"","format":"standard","meta":{"footnotes":"","_links_to":"","_links_to_target":""},"categories":[9],"tags":[],"class_list":["post-14490","post","type-post","status-publish","format-standard","hentry","category-noticias-da-imprensa"],"yoast_head":"<!-- This site is optimized with the Yoast SEO plugin v15.1 - https:\/\/yoast.com\/wordpress\/plugins\/seo\/ -->\n<title>Ministro da Educa\u00e7\u00e3o pede volta \u00e0s aulas presenciais: &#039;Necessidade urgente&#039; &raquo; Abrelivros<\/title>\n<meta name=\"robots\" content=\"index, follow, max-snippet:-1, max-image-preview:large, max-video-preview:-1\" \/>\n<link rel=\"canonical\" href=\"https:\/\/abrelivros.org.br\/site\/ministro-da-educacao-pede-volta-as-aulas-presenciais-necessidade-urgente\/\" \/>\n<meta property=\"og:locale\" content=\"pt_BR\" \/>\n<meta property=\"og:type\" content=\"article\" \/>\n<meta property=\"og:title\" content=\"Ministro da Educa\u00e7\u00e3o pede volta \u00e0s aulas presenciais: &#039;Necessidade urgente&#039; &raquo; Abrelivros\" \/>\n<meta property=\"og:description\" content=\"Mesmo com apenas 16,49% da popula\u00e7\u00e3o no Brasil imunizada contra a covid-19, o ministro da Educa\u00e7\u00e3o, Milton Ribeiro, &#8220;convocou&#8221; alunos e profissionais da \u00e1rea para voltarem \u00e0s aulas presenciais. Em pronunciamento, ele defendeu que manter escolas fechadas traz consequ\u00eancias &#8220;devastadoras&#8221;, impactando negativamente os mais jovens.\" \/>\n<meta property=\"og:url\" content=\"https:\/\/abrelivros.org.br\/site\/ministro-da-educacao-pede-volta-as-aulas-presenciais-necessidade-urgente\/\" \/>\n<meta property=\"og:site_name\" content=\"Abrelivros\" \/>\n<meta property=\"article:published_time\" content=\"2021-07-21T18:22:14+00:00\" \/>\n<meta name=\"twitter:card\" content=\"summary_large_image\" \/>\n<script type=\"application\/ld+json\" class=\"yoast-schema-graph\">{\"@context\":\"https:\/\/schema.org\",\"@graph\":[{\"@type\":\"WebSite\",\"@id\":\"https:\/\/abrelivros.org.br\/site\/#website\",\"url\":\"https:\/\/abrelivros.org.br\/site\/\",\"name\":\"Abrelivros\",\"description\":\"\",\"potentialAction\":[{\"@type\":\"SearchAction\",\"target\":\"https:\/\/abrelivros.org.br\/site\/?s={search_term_string}\",\"query-input\":\"required name=search_term_string\"}],\"inLanguage\":\"pt-BR\"},{\"@type\":\"WebPage\",\"@id\":\"https:\/\/abrelivros.org.br\/site\/ministro-da-educacao-pede-volta-as-aulas-presenciais-necessidade-urgente\/#webpage\",\"url\":\"https:\/\/abrelivros.org.br\/site\/ministro-da-educacao-pede-volta-as-aulas-presenciais-necessidade-urgente\/\",\"name\":\"Ministro da Educa\\u00e7\\u00e3o pede volta \\u00e0s aulas presenciais: 'Necessidade urgente' &raquo; Abrelivros\",\"isPartOf\":{\"@id\":\"https:\/\/abrelivros.org.br\/site\/#website\"},\"datePublished\":\"2021-07-21T18:22:14+00:00\",\"dateModified\":\"2021-07-21T18:22:14+00:00\",\"author\":{\"@id\":\"https:\/\/abrelivros.org.br\/site\/#\/schema\/person\/65db80e26409802ce15ac5feec6a15fd\"},\"breadcrumb\":{\"@id\":\"https:\/\/abrelivros.org.br\/site\/ministro-da-educacao-pede-volta-as-aulas-presenciais-necessidade-urgente\/#breadcrumb\"},\"inLanguage\":\"pt-BR\",\"potentialAction\":[{\"@type\":\"ReadAction\",\"target\":[\"https:\/\/abrelivros.org.br\/site\/ministro-da-educacao-pede-volta-as-aulas-presenciais-necessidade-urgente\/\"]}]},{\"@type\":\"BreadcrumbList\",\"@id\":\"https:\/\/abrelivros.org.br\/site\/ministro-da-educacao-pede-volta-as-aulas-presenciais-necessidade-urgente\/#breadcrumb\",\"itemListElement\":[{\"@type\":\"ListItem\",\"position\":1,\"item\":{\"@type\":\"WebPage\",\"@id\":\"https:\/\/abrelivros.org.br\/site\/\",\"url\":\"https:\/\/abrelivros.org.br\/site\/\",\"name\":\"In\\u00edcio\"}},{\"@type\":\"ListItem\",\"position\":2,\"item\":{\"@type\":\"WebPage\",\"@id\":\"https:\/\/abrelivros.org.br\/site\/category\/noticias\/\",\"url\":\"https:\/\/abrelivros.org.br\/site\/category\/noticias\/\",\"name\":\"Not\\u00edcias\"}},{\"@type\":\"ListItem\",\"position\":3,\"item\":{\"@type\":\"WebPage\",\"@id\":\"https:\/\/abrelivros.org.br\/site\/category\/noticias\/noticias-da-imprensa\/\",\"url\":\"https:\/\/abrelivros.org.br\/site\/category\/noticias\/noticias-da-imprensa\/\",\"name\":\"Not\\u00edcias da imprensa\"}},{\"@type\":\"ListItem\",\"position\":4,\"item\":{\"@type\":\"WebPage\",\"@id\":\"https:\/\/abrelivros.org.br\/site\/ministro-da-educacao-pede-volta-as-aulas-presenciais-necessidade-urgente\/\",\"url\":\"https:\/\/abrelivros.org.br\/site\/ministro-da-educacao-pede-volta-as-aulas-presenciais-necessidade-urgente\/\",\"name\":\"Ministro da Educa\\u00e7\\u00e3o pede volta \\u00e0s aulas presenciais: &#8216;Necessidade urgente&#8217;\"}}]},{\"@type\":\"Person\",\"@id\":\"https:\/\/abrelivros.org.br\/site\/#\/schema\/person\/65db80e26409802ce15ac5feec6a15fd\",\"name\":\"Reda\\u00e7\\u00e3o Abrelivros\",\"image\":{\"@type\":\"ImageObject\",\"@id\":\"https:\/\/abrelivros.org.br\/site\/#personlogo\",\"inLanguage\":\"pt-BR\",\"url\":\"https:\/\/secure.gravatar.com\/avatar\/c4e57f9c7e3482965bd428192061218520756c39080b1d1820b679fa5e9af192?s=96&d=mm&r=g\",\"caption\":\"Reda\\u00e7\\u00e3o Abrelivros\"}}]}<\/script>\n<!-- \/ Yoast SEO plugin. -->","_links":{"self":[{"href":"https:\/\/abrelivros.org.br\/site\/wp-json\/wp\/v2\/posts\/14490","targetHints":{"allow":["GET"]}}],"collection":[{"href":"https:\/\/abrelivros.org.br\/site\/wp-json\/wp\/v2\/posts"}],"about":[{"href":"https:\/\/abrelivros.org.br\/site\/wp-json\/wp\/v2\/types\/post"}],"author":[{"embeddable":true,"href":"https:\/\/abrelivros.org.br\/site\/wp-json\/wp\/v2\/users\/4"}],"replies":[{"embeddable":true,"href":"https:\/\/abrelivros.org.br\/site\/wp-json\/wp\/v2\/comments?post=14490"}],"version-history":[{"count":1,"href":"https:\/\/abrelivros.org.br\/site\/wp-json\/wp\/v2\/posts\/14490\/revisions"}],"predecessor-version":[{"id":14491,"href":"https:\/\/abrelivros.org.br\/site\/wp-json\/wp\/v2\/posts\/14490\/revisions\/14491"}],"wp:attachment":[{"href":"https:\/\/abrelivros.org.br\/site\/wp-json\/wp\/v2\/media?parent=14490"}],"wp:term":[{"taxonomy":"category","embeddable":true,"href":"https:\/\/abrelivros.org.br\/site\/wp-json\/wp\/v2\/categories?post=14490"},{"taxonomy":"post_tag","embeddable":true,"href":"https:\/\/abrelivros.org.br\/site\/wp-json\/wp\/v2\/tags?post=14490"}],"curies":[{"name":"wp","href":"https:\/\/api.w.org\/{rel}","templated":true}]}}