{"id":14484,"date":"2021-07-19T14:55:33","date_gmt":"2021-07-19T17:55:33","guid":{"rendered":"https:\/\/abrelivros.org.br\/site\/?p=14484"},"modified":"2021-07-19T14:55:33","modified_gmt":"2021-07-19T17:55:33","slug":"conselho-libera-fusao-de-curriculos-de-2021-e-2022-e-pede-aula-presencial","status":"publish","type":"post","link":"https:\/\/abrelivros.org.br\/site\/conselho-libera-fusao-de-curriculos-de-2021-e-2022-e-pede-aula-presencial\/","title":{"rendered":"Conselho libera fus\u00e3o de curr\u00edculos de 2021 e 2022 e pede aula presencial"},"content":{"rendered":"<p>Uma <a href=\"http:\/\/portal.mec.gov.br\/index.php?option=com_docman&amp;view=download&amp;alias=195831-pcp006-21&amp;category_slug=julho-2021-pdf&amp;Itemid=30192\" target=\"_blank\" rel=\"noopener noreferrer\">resolu\u00e7\u00e3o do CNE (Conselho Nacional de Educa\u00e7\u00e3o)<\/a> traz novas sugest\u00f5es para a educa\u00e7\u00e3o durante a pandemia. Uma delas \u00e9 a possibilidade de as escolas aderirem ao cont\u00ednuo curricular no pr\u00f3ximo ano, ou seja unir os curr\u00edculos de 2021 e de 2022. O parecer aguarda ainda homologa\u00e7\u00e3o do MEC (Minist\u00e9rio da Educa\u00e7\u00e3o), o que n\u00e3o tem prazo para acontecer.<!--more--><\/p>\n<p>No documento, o CNE avalia a necessidade do retorno presencial das aulas como algo &#8220;urgente e indispens\u00e1vel para assegurar o direito \u00e0 educa\u00e7\u00e3o de todas as crian\u00e7as e jovens do pa\u00eds&#8221;. Levantamento do UOL apontou que pelo menos <a href=\"https:\/\/educacao.uol.com.br\/noticias\/2021\/07\/05\/estados-df-aula-presencial-segundo-semestre.htm\" target=\"_blank\" rel=\"noopener noreferrer\">oito estados e o Distrito Federal pretendem ampliar as aulas presenciais em agosto<\/a>.<\/p>\n<p>Al\u00e9m disso, o texto do conselho traz dados de como o fechamento das escolas impactou na aprendizagem dos estudantes.<\/p>\n<p>Segundo a pesquisa, em m\u00e9dia, a cada ano da fase de alfabetiza\u00e7\u00e3o as crian\u00e7as agregam 4 pontos de aprendizagem. Ser\u00e3o necess\u00e1rios mais de 11 anos para recuperar a aprendizagem perdida.<\/p>\n<p>Para a presidente do CNE, Maria Helena Guimar\u00e3es de Castro, a grande mudan\u00e7a do parecer em rela\u00e7\u00e3o aos divulgados no ano passado \u00e9 o cen\u00e1rio da pandemia no pa\u00eds. &#8220;Agora temos um controle maior, com 20% da popula\u00e7\u00e3o totalmente imunizada, quase 50% j\u00e1 tomou a primeira dose e o avan\u00e7o da imuniza\u00e7\u00e3o dos profissionais da educa\u00e7\u00e3o. Tudo isso indica uma situa\u00e7\u00e3o de maior seguran\u00e7a&#8221;, disse ao UOL.<\/p>\n<p>No parecer aprovado pelo MEC em julho de 2020, o CNE indicava a possibilidade de &#8220;continuum curricular 2020-2021&#8221; nas redes e escolas em que n\u00e3o havia sido poss\u00edvel cumprir os objetivos de aprendizagem do ano.<\/p>\n<p>&#8220;Neste ano, as aulas est\u00e3o praticamente come\u00e7ando agora ou em agosto, n\u00e3o ser\u00e1 poss\u00edvel dar conta de todos os objetivos. Por isso, o parecer indica o continuum e a necessidade de as escolas focarem em tempo de recupera\u00e7\u00e3o&#8221;, explica Maria Helena. Para ela, os alunos conseguir\u00e3o alcan\u00e7ar a aprendizagem que estavam antes da pandemia no final de 2022 ou 2023.<\/p>\n<p>Vale lembrar que, no ano passado, a resolu\u00e7\u00e3o que autorizava, por exemplo, o ensino remoto at\u00e9 o final de 2021, foi feita pelo CNE e passou a ser um dos documentos mais importantes nacionalmente, j\u00e1 que ao longo de 2020 o MEC n\u00e3o se pronunciava a respeito dos desafios da educa\u00e7\u00e3o em meio a pandemia.<\/p>\n<p>Para este parecer, a presidente do CNE disse que o conselho teve um &#8220;bom di\u00e1logo&#8221; com a equipe do MEC e que tudo o que est\u00e1 previsto no texto j\u00e1 foi visto pela pasta. O documento foi enviado na quarta-feira para homologa\u00e7\u00e3o.<\/p>\n<p>O parecer deste ano indica tamb\u00e9m que as escolas podem realizar atividades n\u00e3o presenciais, &#8220;mediante uso de tecnologias da informa\u00e7\u00e3o e comunica\u00e7\u00e3o&#8221;, para o cumprimento das 800 horas letivas no ano.<\/p>\n<p>Maria Helena sugere que as redes e escolas procurem aumentar o tempo de recupera\u00e7\u00e3o das aprendizagens, &#8220;sempre enfatizando que o ambiente mais importante \u00e9 a escola&#8221;.<\/p>\n<p>Aos alunos que est\u00e3o em s\u00e9ries de final de ciclo, 5\u00ba ano, 9\u00ba ano do fundamental ou 3\u00aa s\u00e9rie do ensino m\u00e9dio, o CNE recomenda &#8220;medidas espec\u00edficas&#8221; para garantir a possibilidade conclus\u00e3o do aprendizado, &#8220;assegurando a possibilidade de transfer\u00eancia de unidade escolar ou de acesso ao ensino m\u00e9dio, aos cursos de educa\u00e7\u00e3o profissional t\u00e9cnica ou \u00e0 educa\u00e7\u00e3o superior, conforme o caso&#8221;.<\/p>\n<p>O parecer tamb\u00e9m sugere fazer avalia\u00e7\u00f5es diagn\u00f3sticas dos alunos para orientar a recupera\u00e7\u00e3o, forma\u00e7\u00e3o continuada dos professores e &#8220;articula\u00e7\u00e3o entre os tr\u00eas n\u00edveis de governo para assegurar o acesso dos estudantes \u00e0s atividades remotas e melhoria da conectividade\/acesso \u00e0s tecnologias&#8221;.<\/p>\n<p><strong>Busca ativa de alunos<\/strong><\/p>\n<p>Um dos grandes desafios para o segundo semestre nos estados e munic\u00edpios que ter\u00e3o retorno presencial \u00e9 engajar alunos que abandonaram as atividades escolares durante a pandemia. Para a presidente do CNE, o trabalho de busca ativa deve come\u00e7ar desde agora.<\/p>\n<p>Dados do Unicef (Fundo das Na\u00e7\u00f5es Unidas para a Inf\u00e2ncia) mostram que cerca de 5,5 milh\u00f5es de crian\u00e7as e adolescentes ficaram sem acesso \u00e0 educa\u00e7\u00e3o em 2020. Ao todo, 80% dos alunos em idade escolar, entre 6 e 17 anos, mesmo matriculados em escolas, n\u00e3o tiveram acesso ao ensino remoto ou presencial.<\/p>\n<p>&#8220;\u00c9 fundamental come\u00e7ar esse trabalho agora, porque muitos estudantes j\u00e1 abandonaram as escolas em setembro do ano passado. As redes precisam fazer isso com rapidez para que a retomada em agosto seja efetiva&#8221;, aponta a presidente do CNE.<\/p>\n","protected":false},"excerpt":{"rendered":"<p>Uma resolu\u00e7\u00e3o do CNE (Conselho Nacional de Educa\u00e7\u00e3o) traz novas sugest\u00f5es para a educa\u00e7\u00e3o durante a pandemia. Uma delas \u00e9 a possibilidade de as escolas aderirem ao cont\u00ednuo curricular no pr\u00f3ximo ano, ou seja unir os curr\u00edculos de 2021 e de 2022. O parecer aguarda ainda homologa\u00e7\u00e3o do MEC (Minist\u00e9rio da Educa\u00e7\u00e3o), o que n\u00e3o [&hellip;]<\/p>\n","protected":false},"author":4,"featured_media":0,"comment_status":"closed","ping_status":"closed","sticky":false,"template":"","format":"standard","meta":{"footnotes":"","_links_to":"","_links_to_target":""},"categories":[9],"tags":[],"class_list":["post-14484","post","type-post","status-publish","format-standard","hentry","category-noticias-da-imprensa"],"yoast_head":"<!-- This site is optimized with the Yoast SEO plugin v15.1 - https:\/\/yoast.com\/wordpress\/plugins\/seo\/ -->\n<title>Conselho libera fus\u00e3o de curr\u00edculos de 2021 e 2022 e pede aula presencial &raquo; Abrelivros<\/title>\n<meta name=\"robots\" content=\"index, follow, max-snippet:-1, max-image-preview:large, max-video-preview:-1\" \/>\n<link rel=\"canonical\" href=\"https:\/\/abrelivros.org.br\/site\/conselho-libera-fusao-de-curriculos-de-2021-e-2022-e-pede-aula-presencial\/\" \/>\n<meta property=\"og:locale\" content=\"pt_BR\" \/>\n<meta property=\"og:type\" content=\"article\" \/>\n<meta property=\"og:title\" content=\"Conselho libera fus\u00e3o de curr\u00edculos de 2021 e 2022 e pede aula presencial &raquo; Abrelivros\" \/>\n<meta property=\"og:description\" content=\"Uma resolu\u00e7\u00e3o do CNE (Conselho Nacional de Educa\u00e7\u00e3o) traz novas sugest\u00f5es para a educa\u00e7\u00e3o durante a pandemia. Uma delas \u00e9 a possibilidade de as escolas aderirem ao cont\u00ednuo curricular no pr\u00f3ximo ano, ou seja unir os curr\u00edculos de 2021 e de 2022. O parecer aguarda ainda homologa\u00e7\u00e3o do MEC (Minist\u00e9rio da Educa\u00e7\u00e3o), o que n\u00e3o [&hellip;]\" \/>\n<meta property=\"og:url\" content=\"https:\/\/abrelivros.org.br\/site\/conselho-libera-fusao-de-curriculos-de-2021-e-2022-e-pede-aula-presencial\/\" \/>\n<meta property=\"og:site_name\" content=\"Abrelivros\" \/>\n<meta property=\"article:published_time\" content=\"2021-07-19T17:55:33+00:00\" \/>\n<meta name=\"twitter:card\" content=\"summary_large_image\" \/>\n<script type=\"application\/ld+json\" class=\"yoast-schema-graph\">{\"@context\":\"https:\/\/schema.org\",\"@graph\":[{\"@type\":\"WebSite\",\"@id\":\"https:\/\/abrelivros.org.br\/site\/#website\",\"url\":\"https:\/\/abrelivros.org.br\/site\/\",\"name\":\"Abrelivros\",\"description\":\"\",\"potentialAction\":[{\"@type\":\"SearchAction\",\"target\":\"https:\/\/abrelivros.org.br\/site\/?s={search_term_string}\",\"query-input\":\"required name=search_term_string\"}],\"inLanguage\":\"pt-BR\"},{\"@type\":\"WebPage\",\"@id\":\"https:\/\/abrelivros.org.br\/site\/conselho-libera-fusao-de-curriculos-de-2021-e-2022-e-pede-aula-presencial\/#webpage\",\"url\":\"https:\/\/abrelivros.org.br\/site\/conselho-libera-fusao-de-curriculos-de-2021-e-2022-e-pede-aula-presencial\/\",\"name\":\"Conselho libera fus\\u00e3o de curr\\u00edculos de 2021 e 2022 e pede aula presencial &raquo; Abrelivros\",\"isPartOf\":{\"@id\":\"https:\/\/abrelivros.org.br\/site\/#website\"},\"datePublished\":\"2021-07-19T17:55:33+00:00\",\"dateModified\":\"2021-07-19T17:55:33+00:00\",\"author\":{\"@id\":\"https:\/\/abrelivros.org.br\/site\/#\/schema\/person\/65db80e26409802ce15ac5feec6a15fd\"},\"breadcrumb\":{\"@id\":\"https:\/\/abrelivros.org.br\/site\/conselho-libera-fusao-de-curriculos-de-2021-e-2022-e-pede-aula-presencial\/#breadcrumb\"},\"inLanguage\":\"pt-BR\",\"potentialAction\":[{\"@type\":\"ReadAction\",\"target\":[\"https:\/\/abrelivros.org.br\/site\/conselho-libera-fusao-de-curriculos-de-2021-e-2022-e-pede-aula-presencial\/\"]}]},{\"@type\":\"BreadcrumbList\",\"@id\":\"https:\/\/abrelivros.org.br\/site\/conselho-libera-fusao-de-curriculos-de-2021-e-2022-e-pede-aula-presencial\/#breadcrumb\",\"itemListElement\":[{\"@type\":\"ListItem\",\"position\":1,\"item\":{\"@type\":\"WebPage\",\"@id\":\"https:\/\/abrelivros.org.br\/site\/\",\"url\":\"https:\/\/abrelivros.org.br\/site\/\",\"name\":\"In\\u00edcio\"}},{\"@type\":\"ListItem\",\"position\":2,\"item\":{\"@type\":\"WebPage\",\"@id\":\"https:\/\/abrelivros.org.br\/site\/category\/noticias\/\",\"url\":\"https:\/\/abrelivros.org.br\/site\/category\/noticias\/\",\"name\":\"Not\\u00edcias\"}},{\"@type\":\"ListItem\",\"position\":3,\"item\":{\"@type\":\"WebPage\",\"@id\":\"https:\/\/abrelivros.org.br\/site\/category\/noticias\/noticias-da-imprensa\/\",\"url\":\"https:\/\/abrelivros.org.br\/site\/category\/noticias\/noticias-da-imprensa\/\",\"name\":\"Not\\u00edcias da imprensa\"}},{\"@type\":\"ListItem\",\"position\":4,\"item\":{\"@type\":\"WebPage\",\"@id\":\"https:\/\/abrelivros.org.br\/site\/conselho-libera-fusao-de-curriculos-de-2021-e-2022-e-pede-aula-presencial\/\",\"url\":\"https:\/\/abrelivros.org.br\/site\/conselho-libera-fusao-de-curriculos-de-2021-e-2022-e-pede-aula-presencial\/\",\"name\":\"Conselho libera fus\\u00e3o de curr\\u00edculos de 2021 e 2022 e pede aula presencial\"}}]},{\"@type\":\"Person\",\"@id\":\"https:\/\/abrelivros.org.br\/site\/#\/schema\/person\/65db80e26409802ce15ac5feec6a15fd\",\"name\":\"Reda\\u00e7\\u00e3o Abrelivros\",\"image\":{\"@type\":\"ImageObject\",\"@id\":\"https:\/\/abrelivros.org.br\/site\/#personlogo\",\"inLanguage\":\"pt-BR\",\"url\":\"https:\/\/secure.gravatar.com\/avatar\/c4e57f9c7e3482965bd428192061218520756c39080b1d1820b679fa5e9af192?s=96&d=mm&r=g\",\"caption\":\"Reda\\u00e7\\u00e3o Abrelivros\"}}]}<\/script>\n<!-- \/ Yoast SEO plugin. -->","_links":{"self":[{"href":"https:\/\/abrelivros.org.br\/site\/wp-json\/wp\/v2\/posts\/14484","targetHints":{"allow":["GET"]}}],"collection":[{"href":"https:\/\/abrelivros.org.br\/site\/wp-json\/wp\/v2\/posts"}],"about":[{"href":"https:\/\/abrelivros.org.br\/site\/wp-json\/wp\/v2\/types\/post"}],"author":[{"embeddable":true,"href":"https:\/\/abrelivros.org.br\/site\/wp-json\/wp\/v2\/users\/4"}],"replies":[{"embeddable":true,"href":"https:\/\/abrelivros.org.br\/site\/wp-json\/wp\/v2\/comments?post=14484"}],"version-history":[{"count":1,"href":"https:\/\/abrelivros.org.br\/site\/wp-json\/wp\/v2\/posts\/14484\/revisions"}],"predecessor-version":[{"id":14485,"href":"https:\/\/abrelivros.org.br\/site\/wp-json\/wp\/v2\/posts\/14484\/revisions\/14485"}],"wp:attachment":[{"href":"https:\/\/abrelivros.org.br\/site\/wp-json\/wp\/v2\/media?parent=14484"}],"wp:term":[{"taxonomy":"category","embeddable":true,"href":"https:\/\/abrelivros.org.br\/site\/wp-json\/wp\/v2\/categories?post=14484"},{"taxonomy":"post_tag","embeddable":true,"href":"https:\/\/abrelivros.org.br\/site\/wp-json\/wp\/v2\/tags?post=14484"}],"curies":[{"name":"wp","href":"https:\/\/api.w.org\/{rel}","templated":true}]}}