{"id":14482,"date":"2021-07-16T12:52:30","date_gmt":"2021-07-16T15:52:30","guid":{"rendered":"https:\/\/abrelivros.org.br\/site\/?p=14482"},"modified":"2021-07-16T12:52:30","modified_gmt":"2021-07-16T15:52:30","slug":"mec-abre-mais-uma-turma-de-5-000-vagas-no-curso-de-extensao-em-matematica-para-estudantes-e-professores","status":"publish","type":"post","link":"https:\/\/abrelivros.org.br\/site\/mec-abre-mais-uma-turma-de-5-000-vagas-no-curso-de-extensao-em-matematica-para-estudantes-e-professores\/","title":{"rendered":"MEC abre mais uma turma de 5.000 vagas no curso de extens\u00e3o em matem\u00e1tica para estudantes e professores"},"content":{"rendered":"<p>A Secretaria de Educa\u00e7\u00e3o B\u00e1sica (SEB) do Minist\u00e9rio da Educa\u00e7\u00e3o (MEC), em parceria com o Laborat\u00f3rio de Tecnologia da Informa\u00e7\u00e3o e M\u00eddias Educacionais da Universidade Federal de Goi\u00e1s (UFG), abre mais uma turma de 5.000 vagas no curso de extens\u00e3o em matem\u00e1tica.<!--more--><\/p>\n<p>Com carga hor\u00e1ria de 60 horas, o curso tem por objetivo potencializar a compreens\u00e3o das habilidades e caracter\u00edsticas relativas \u00e0 matem\u00e1tica como estrat\u00e9gia de express\u00e3o do material e do imagin\u00e1rio humano, promovendo oportunidades de expans\u00e3o e troca de informa\u00e7\u00e3o e de conhecimentos no universo acad\u00eamico.<\/p>\n<p>A forma\u00e7\u00e3o \u00e9 composta por nove minicursos: conjuntos num\u00e9ricos; opera\u00e7\u00f5es com n\u00fameros naturais; opera\u00e7\u00f5es com n\u00fameros inteiros; opera\u00e7\u00f5es com n\u00fameros racionais\/fracion\u00e1rios; opera\u00e7\u00f5es com n\u00fameros racionais\/decimais; potencia\u00e7\u00e3o e radicia\u00e7\u00e3o; express\u00f5es; equa\u00e7\u00f5es; e fun\u00e7\u00f5es.<\/p>\n<p>O curso, disponibilizado no Ambiente Virtual de Aprendizagem do MEC (Avamec), est\u00e1 com as inscri\u00e7\u00f5es abertas. Realize a sua inscri\u00e7\u00e3o por meio do link: <a href=\"https:\/\/avamec.mec.gov.br\/#\/instituicao\/seb\/curso\/13501\/informacoes\" target=\"_blank\" rel=\"noopener noreferrer\">https:\/\/avamec.mec.gov.br\/#\/instituicao\/seb\/curso\/13501\/informacoes<\/a><\/p>\n","protected":false},"excerpt":{"rendered":"<p>A Secretaria de Educa\u00e7\u00e3o B\u00e1sica (SEB) do Minist\u00e9rio da Educa\u00e7\u00e3o (MEC), em parceria com o Laborat\u00f3rio de Tecnologia da Informa\u00e7\u00e3o e M\u00eddias Educacionais da Universidade Federal de Goi\u00e1s (UFG), abre mais uma turma de 5.000 vagas no curso de extens\u00e3o em matem\u00e1tica.<\/p>\n","protected":false},"author":4,"featured_media":0,"comment_status":"closed","ping_status":"closed","sticky":false,"template":"","format":"standard","meta":{"footnotes":"","_links_to":"","_links_to_target":""},"categories":[9],"tags":[],"class_list":["post-14482","post","type-post","status-publish","format-standard","hentry","category-noticias-da-imprensa"],"yoast_head":"<!-- This site is optimized with the Yoast SEO plugin v15.1 - https:\/\/yoast.com\/wordpress\/plugins\/seo\/ -->\n<title>MEC abre mais uma turma de 5.000 vagas no curso de extens\u00e3o em matem\u00e1tica para estudantes e professores &raquo; Abrelivros<\/title>\n<meta name=\"robots\" content=\"index, follow, max-snippet:-1, max-image-preview:large, max-video-preview:-1\" \/>\n<link rel=\"canonical\" href=\"https:\/\/abrelivros.org.br\/site\/mec-abre-mais-uma-turma-de-5-000-vagas-no-curso-de-extensao-em-matematica-para-estudantes-e-professores\/\" \/>\n<meta property=\"og:locale\" content=\"pt_BR\" \/>\n<meta property=\"og:type\" content=\"article\" \/>\n<meta property=\"og:title\" content=\"MEC abre mais uma turma de 5.000 vagas no curso de extens\u00e3o em matem\u00e1tica para estudantes e professores &raquo; Abrelivros\" \/>\n<meta property=\"og:description\" content=\"A Secretaria de Educa\u00e7\u00e3o B\u00e1sica (SEB) do Minist\u00e9rio da Educa\u00e7\u00e3o (MEC), em parceria com o Laborat\u00f3rio de Tecnologia da Informa\u00e7\u00e3o e M\u00eddias Educacionais da Universidade Federal de Goi\u00e1s (UFG), abre mais uma turma de 5.000 vagas no curso de extens\u00e3o em matem\u00e1tica.\" \/>\n<meta property=\"og:url\" content=\"https:\/\/abrelivros.org.br\/site\/mec-abre-mais-uma-turma-de-5-000-vagas-no-curso-de-extensao-em-matematica-para-estudantes-e-professores\/\" \/>\n<meta property=\"og:site_name\" content=\"Abrelivros\" \/>\n<meta property=\"article:published_time\" content=\"2021-07-16T15:52:30+00:00\" \/>\n<meta name=\"twitter:card\" content=\"summary_large_image\" \/>\n<script type=\"application\/ld+json\" class=\"yoast-schema-graph\">{\"@context\":\"https:\/\/schema.org\",\"@graph\":[{\"@type\":\"WebSite\",\"@id\":\"https:\/\/abrelivros.org.br\/site\/#website\",\"url\":\"https:\/\/abrelivros.org.br\/site\/\",\"name\":\"Abrelivros\",\"description\":\"\",\"potentialAction\":[{\"@type\":\"SearchAction\",\"target\":\"https:\/\/abrelivros.org.br\/site\/?s={search_term_string}\",\"query-input\":\"required name=search_term_string\"}],\"inLanguage\":\"pt-BR\"},{\"@type\":\"WebPage\",\"@id\":\"https:\/\/abrelivros.org.br\/site\/mec-abre-mais-uma-turma-de-5-000-vagas-no-curso-de-extensao-em-matematica-para-estudantes-e-professores\/#webpage\",\"url\":\"https:\/\/abrelivros.org.br\/site\/mec-abre-mais-uma-turma-de-5-000-vagas-no-curso-de-extensao-em-matematica-para-estudantes-e-professores\/\",\"name\":\"MEC abre mais uma turma de 5.000 vagas no curso de extens\\u00e3o em matem\\u00e1tica para estudantes e professores &raquo; Abrelivros\",\"isPartOf\":{\"@id\":\"https:\/\/abrelivros.org.br\/site\/#website\"},\"datePublished\":\"2021-07-16T15:52:30+00:00\",\"dateModified\":\"2021-07-16T15:52:30+00:00\",\"author\":{\"@id\":\"https:\/\/abrelivros.org.br\/site\/#\/schema\/person\/65db80e26409802ce15ac5feec6a15fd\"},\"breadcrumb\":{\"@id\":\"https:\/\/abrelivros.org.br\/site\/mec-abre-mais-uma-turma-de-5-000-vagas-no-curso-de-extensao-em-matematica-para-estudantes-e-professores\/#breadcrumb\"},\"inLanguage\":\"pt-BR\",\"potentialAction\":[{\"@type\":\"ReadAction\",\"target\":[\"https:\/\/abrelivros.org.br\/site\/mec-abre-mais-uma-turma-de-5-000-vagas-no-curso-de-extensao-em-matematica-para-estudantes-e-professores\/\"]}]},{\"@type\":\"BreadcrumbList\",\"@id\":\"https:\/\/abrelivros.org.br\/site\/mec-abre-mais-uma-turma-de-5-000-vagas-no-curso-de-extensao-em-matematica-para-estudantes-e-professores\/#breadcrumb\",\"itemListElement\":[{\"@type\":\"ListItem\",\"position\":1,\"item\":{\"@type\":\"WebPage\",\"@id\":\"https:\/\/abrelivros.org.br\/site\/\",\"url\":\"https:\/\/abrelivros.org.br\/site\/\",\"name\":\"In\\u00edcio\"}},{\"@type\":\"ListItem\",\"position\":2,\"item\":{\"@type\":\"WebPage\",\"@id\":\"https:\/\/abrelivros.org.br\/site\/category\/noticias\/\",\"url\":\"https:\/\/abrelivros.org.br\/site\/category\/noticias\/\",\"name\":\"Not\\u00edcias\"}},{\"@type\":\"ListItem\",\"position\":3,\"item\":{\"@type\":\"WebPage\",\"@id\":\"https:\/\/abrelivros.org.br\/site\/category\/noticias\/noticias-da-imprensa\/\",\"url\":\"https:\/\/abrelivros.org.br\/site\/category\/noticias\/noticias-da-imprensa\/\",\"name\":\"Not\\u00edcias da imprensa\"}},{\"@type\":\"ListItem\",\"position\":4,\"item\":{\"@type\":\"WebPage\",\"@id\":\"https:\/\/abrelivros.org.br\/site\/mec-abre-mais-uma-turma-de-5-000-vagas-no-curso-de-extensao-em-matematica-para-estudantes-e-professores\/\",\"url\":\"https:\/\/abrelivros.org.br\/site\/mec-abre-mais-uma-turma-de-5-000-vagas-no-curso-de-extensao-em-matematica-para-estudantes-e-professores\/\",\"name\":\"MEC abre mais uma turma de 5.000 vagas no curso de extens\\u00e3o em matem\\u00e1tica para estudantes e professores\"}}]},{\"@type\":\"Person\",\"@id\":\"https:\/\/abrelivros.org.br\/site\/#\/schema\/person\/65db80e26409802ce15ac5feec6a15fd\",\"name\":\"Reda\\u00e7\\u00e3o Abrelivros\",\"image\":{\"@type\":\"ImageObject\",\"@id\":\"https:\/\/abrelivros.org.br\/site\/#personlogo\",\"inLanguage\":\"pt-BR\",\"url\":\"https:\/\/secure.gravatar.com\/avatar\/c4e57f9c7e3482965bd428192061218520756c39080b1d1820b679fa5e9af192?s=96&d=mm&r=g\",\"caption\":\"Reda\\u00e7\\u00e3o Abrelivros\"}}]}<\/script>\n<!-- \/ Yoast SEO plugin. -->","_links":{"self":[{"href":"https:\/\/abrelivros.org.br\/site\/wp-json\/wp\/v2\/posts\/14482","targetHints":{"allow":["GET"]}}],"collection":[{"href":"https:\/\/abrelivros.org.br\/site\/wp-json\/wp\/v2\/posts"}],"about":[{"href":"https:\/\/abrelivros.org.br\/site\/wp-json\/wp\/v2\/types\/post"}],"author":[{"embeddable":true,"href":"https:\/\/abrelivros.org.br\/site\/wp-json\/wp\/v2\/users\/4"}],"replies":[{"embeddable":true,"href":"https:\/\/abrelivros.org.br\/site\/wp-json\/wp\/v2\/comments?post=14482"}],"version-history":[{"count":1,"href":"https:\/\/abrelivros.org.br\/site\/wp-json\/wp\/v2\/posts\/14482\/revisions"}],"predecessor-version":[{"id":14483,"href":"https:\/\/abrelivros.org.br\/site\/wp-json\/wp\/v2\/posts\/14482\/revisions\/14483"}],"wp:attachment":[{"href":"https:\/\/abrelivros.org.br\/site\/wp-json\/wp\/v2\/media?parent=14482"}],"wp:term":[{"taxonomy":"category","embeddable":true,"href":"https:\/\/abrelivros.org.br\/site\/wp-json\/wp\/v2\/categories?post=14482"},{"taxonomy":"post_tag","embeddable":true,"href":"https:\/\/abrelivros.org.br\/site\/wp-json\/wp\/v2\/tags?post=14482"}],"curies":[{"name":"wp","href":"https:\/\/api.w.org\/{rel}","templated":true}]}}