{"id":14480,"date":"2021-07-16T12:46:56","date_gmt":"2021-07-16T15:46:56","guid":{"rendered":"https:\/\/abrelivros.org.br\/site\/?p=14480"},"modified":"2021-07-16T12:46:56","modified_gmt":"2021-07-16T15:46:56","slug":"gestores-educacionais-ja-podem-escolher-livros-didaticos-do-pnld-2021","status":"publish","type":"post","link":"https:\/\/abrelivros.org.br\/site\/gestores-educacionais-ja-podem-escolher-livros-didaticos-do-pnld-2021\/","title":{"rendered":"Gestores educacionais j\u00e1 podem escolher livros did\u00e1ticos do PNLD 2021"},"content":{"rendered":"<p>J\u00e1 se encontra aberto o registro da escolha das obras do Programa Nacional do Livro e do Material Did\u00e1tico \u2013 PNLD 2021. As sele\u00e7\u00f5es s\u00e3o para livros did\u00e1ticos por \u00e1rea de conhecimento, destinados ao ensino m\u00e9dio.<!--more--> At\u00e9 o dia 11 de agosto os diretores das escolas participantes poder\u00e3o escolher, pelo Sistema PDDE Interativo\/Simec, as obras que ser\u00e3o utilizadas nos pr\u00f3ximos quatro anos.<\/p>\n<p>A escolha dever\u00e1 ser realizada a partir de uma reflex\u00e3o coletiva entre os professores, com base nas orienta\u00e7\u00f5es constantes no Guia do PNLD 2021. O guia est\u00e1 dispon\u00edvel no <a href=\"https:\/\/www.gov.br\/fnde\/pt-br\" target=\"_blank\" rel=\"noopener noreferrer\">portal do FNDE<\/a> desde o dia 2 de julho.<\/p>\n<p>Informa\u00e7\u00f5es importantes sobre a escolha:<\/p>\n<p>\u2022 As escolas com estudantes no ensino m\u00e9dio dever\u00e3o registrar a escolha para \u00e1reas do conhecimento e para obras did\u00e1ticas espec\u00edficas.<\/p>\n<p>\u2022 Caso a escola opte por n\u00e3o utilizar qualquer uma das op\u00e7\u00f5es ofertadas, \u00e9 obrigat\u00f3rio o registro no sistema de que n\u00e3o deseja receber o material daquela(s) op\u00e7\u00e3o(\u00f5es). Sem esse registro, o Simec apontar\u00e1 que deve ser enviado um dos t\u00edtulos dispon\u00edveis de cada op\u00e7\u00e3o para todo o alunado.<\/p>\n<p>\u2022 A distribui\u00e7\u00e3o dos livros levar\u00e1 em conta o modelo de escolha que foi previamente definido pelo representante da rede de ensino a partir de decis\u00e3o conjunta das suas escolas. Para qualquer modelo, deve ser garantido que cada escola participante do PNLD continue registrando suas escolhas individualmente e de acordo com a decis\u00e3o de seu corpo docente.<\/p>\n<p>\u2022 \u00c9 obrigat\u00f3ria a inclus\u00e3o da ata de reuni\u00e3o da escolha no Sistema PDDE Interativo\/Simec. A n\u00e3o inclus\u00e3o obriga as escolas a apresentar uma justificativa.<\/p>\n<p>\u2022 As escolas precisam informar sobre a visita de representante de editoras que realizou divulga\u00e7\u00e3o de material do PNLD em sua unidade.<\/p>\n<p>Caso algum gestor municipal ou estadual n\u00e3o tenha acesso ao Sistema PDDE Interativo\/Simec, a secretaria de educa\u00e7\u00e3o dever\u00e1 providenciar a libera\u00e7\u00e3o. Os gestores das escolas federais dever\u00e3o encaminhar a solicita\u00e7\u00e3o de acesso acompanhada do termo de posse e de um documento de identifica\u00e7\u00e3o digitalizados para <a href=\"mailto:livrodidatico@fnde.gov.br\" target=\"_blank\" rel=\"noopener noreferrer\">livrodidatico@fnde.gov.br<\/a>. O acesso ao sistema \u00e9 feito com o CPF do gestor de cada escola com uma senha pessoal e intransfer\u00edvel.<\/p>\n<p>As orienta\u00e7\u00f5es quanto aos procedimentos para a escolha est\u00e3o dispon\u00edveis no <a href=\"https:\/\/www.gov.br\/fnde\/pt-br\/acesso-a-informacao\/acoes-e-programas\/programas\/programas-do-livro\/pnld\/escolha-pnld-2021-2013-objeto-2-areas-do-conhecimento\" target=\"_blank\" rel=\"noopener noreferrer\">portal do FNDE<\/a>.<\/p>\n","protected":false},"excerpt":{"rendered":"<p>J\u00e1 se encontra aberto o registro da escolha das obras do Programa Nacional do Livro e do Material Did\u00e1tico \u2013 PNLD 2021. As sele\u00e7\u00f5es s\u00e3o para livros did\u00e1ticos por \u00e1rea de conhecimento, destinados ao ensino m\u00e9dio.<\/p>\n","protected":false},"author":4,"featured_media":0,"comment_status":"closed","ping_status":"closed","sticky":false,"template":"","format":"standard","meta":{"footnotes":"","_links_to":"","_links_to_target":""},"categories":[9,10],"tags":[],"class_list":["post-14480","post","type-post","status-publish","format-standard","hentry","category-noticias-da-imprensa","category-pnld-programa-nacional-do-livro-e-do-material-didatico"],"yoast_head":"<!-- This site is optimized with the Yoast SEO plugin v15.1 - https:\/\/yoast.com\/wordpress\/plugins\/seo\/ -->\n<title>Gestores educacionais j\u00e1 podem escolher livros did\u00e1ticos do PNLD 2021 &raquo; Abrelivros<\/title>\n<meta name=\"robots\" content=\"index, follow, max-snippet:-1, max-image-preview:large, max-video-preview:-1\" \/>\n<link rel=\"canonical\" href=\"https:\/\/abrelivros.org.br\/site\/gestores-educacionais-ja-podem-escolher-livros-didaticos-do-pnld-2021\/\" \/>\n<meta property=\"og:locale\" content=\"pt_BR\" \/>\n<meta property=\"og:type\" content=\"article\" \/>\n<meta property=\"og:title\" content=\"Gestores educacionais j\u00e1 podem escolher livros did\u00e1ticos do PNLD 2021 &raquo; Abrelivros\" \/>\n<meta property=\"og:description\" content=\"J\u00e1 se encontra aberto o registro da escolha das obras do Programa Nacional do Livro e do Material Did\u00e1tico \u2013 PNLD 2021. As sele\u00e7\u00f5es s\u00e3o para livros did\u00e1ticos por \u00e1rea de conhecimento, destinados ao ensino m\u00e9dio.\" \/>\n<meta property=\"og:url\" content=\"https:\/\/abrelivros.org.br\/site\/gestores-educacionais-ja-podem-escolher-livros-didaticos-do-pnld-2021\/\" \/>\n<meta property=\"og:site_name\" content=\"Abrelivros\" \/>\n<meta property=\"article:published_time\" content=\"2021-07-16T15:46:56+00:00\" \/>\n<meta name=\"twitter:card\" content=\"summary_large_image\" \/>\n<script type=\"application\/ld+json\" class=\"yoast-schema-graph\">{\"@context\":\"https:\/\/schema.org\",\"@graph\":[{\"@type\":\"WebSite\",\"@id\":\"https:\/\/abrelivros.org.br\/site\/#website\",\"url\":\"https:\/\/abrelivros.org.br\/site\/\",\"name\":\"Abrelivros\",\"description\":\"\",\"potentialAction\":[{\"@type\":\"SearchAction\",\"target\":\"https:\/\/abrelivros.org.br\/site\/?s={search_term_string}\",\"query-input\":\"required name=search_term_string\"}],\"inLanguage\":\"pt-BR\"},{\"@type\":\"WebPage\",\"@id\":\"https:\/\/abrelivros.org.br\/site\/gestores-educacionais-ja-podem-escolher-livros-didaticos-do-pnld-2021\/#webpage\",\"url\":\"https:\/\/abrelivros.org.br\/site\/gestores-educacionais-ja-podem-escolher-livros-didaticos-do-pnld-2021\/\",\"name\":\"Gestores educacionais j\\u00e1 podem escolher livros did\\u00e1ticos do PNLD 2021 &raquo; Abrelivros\",\"isPartOf\":{\"@id\":\"https:\/\/abrelivros.org.br\/site\/#website\"},\"datePublished\":\"2021-07-16T15:46:56+00:00\",\"dateModified\":\"2021-07-16T15:46:56+00:00\",\"author\":{\"@id\":\"https:\/\/abrelivros.org.br\/site\/#\/schema\/person\/65db80e26409802ce15ac5feec6a15fd\"},\"breadcrumb\":{\"@id\":\"https:\/\/abrelivros.org.br\/site\/gestores-educacionais-ja-podem-escolher-livros-didaticos-do-pnld-2021\/#breadcrumb\"},\"inLanguage\":\"pt-BR\",\"potentialAction\":[{\"@type\":\"ReadAction\",\"target\":[\"https:\/\/abrelivros.org.br\/site\/gestores-educacionais-ja-podem-escolher-livros-didaticos-do-pnld-2021\/\"]}]},{\"@type\":\"BreadcrumbList\",\"@id\":\"https:\/\/abrelivros.org.br\/site\/gestores-educacionais-ja-podem-escolher-livros-didaticos-do-pnld-2021\/#breadcrumb\",\"itemListElement\":[{\"@type\":\"ListItem\",\"position\":1,\"item\":{\"@type\":\"WebPage\",\"@id\":\"https:\/\/abrelivros.org.br\/site\/\",\"url\":\"https:\/\/abrelivros.org.br\/site\/\",\"name\":\"In\\u00edcio\"}},{\"@type\":\"ListItem\",\"position\":2,\"item\":{\"@type\":\"WebPage\",\"@id\":\"https:\/\/abrelivros.org.br\/site\/category\/noticias\/\",\"url\":\"https:\/\/abrelivros.org.br\/site\/category\/noticias\/\",\"name\":\"Not\\u00edcias\"}},{\"@type\":\"ListItem\",\"position\":3,\"item\":{\"@type\":\"WebPage\",\"@id\":\"https:\/\/abrelivros.org.br\/site\/category\/noticias\/noticias-da-imprensa\/\",\"url\":\"https:\/\/abrelivros.org.br\/site\/category\/noticias\/noticias-da-imprensa\/\",\"name\":\"Not\\u00edcias da imprensa\"}},{\"@type\":\"ListItem\",\"position\":4,\"item\":{\"@type\":\"WebPage\",\"@id\":\"https:\/\/abrelivros.org.br\/site\/gestores-educacionais-ja-podem-escolher-livros-didaticos-do-pnld-2021\/\",\"url\":\"https:\/\/abrelivros.org.br\/site\/gestores-educacionais-ja-podem-escolher-livros-didaticos-do-pnld-2021\/\",\"name\":\"Gestores educacionais j\\u00e1 podem escolher livros did\\u00e1ticos do PNLD 2021\"}}]},{\"@type\":\"Person\",\"@id\":\"https:\/\/abrelivros.org.br\/site\/#\/schema\/person\/65db80e26409802ce15ac5feec6a15fd\",\"name\":\"Reda\\u00e7\\u00e3o Abrelivros\",\"image\":{\"@type\":\"ImageObject\",\"@id\":\"https:\/\/abrelivros.org.br\/site\/#personlogo\",\"inLanguage\":\"pt-BR\",\"url\":\"https:\/\/secure.gravatar.com\/avatar\/c4e57f9c7e3482965bd428192061218520756c39080b1d1820b679fa5e9af192?s=96&d=mm&r=g\",\"caption\":\"Reda\\u00e7\\u00e3o Abrelivros\"}}]}<\/script>\n<!-- \/ Yoast SEO plugin. -->","_links":{"self":[{"href":"https:\/\/abrelivros.org.br\/site\/wp-json\/wp\/v2\/posts\/14480","targetHints":{"allow":["GET"]}}],"collection":[{"href":"https:\/\/abrelivros.org.br\/site\/wp-json\/wp\/v2\/posts"}],"about":[{"href":"https:\/\/abrelivros.org.br\/site\/wp-json\/wp\/v2\/types\/post"}],"author":[{"embeddable":true,"href":"https:\/\/abrelivros.org.br\/site\/wp-json\/wp\/v2\/users\/4"}],"replies":[{"embeddable":true,"href":"https:\/\/abrelivros.org.br\/site\/wp-json\/wp\/v2\/comments?post=14480"}],"version-history":[{"count":1,"href":"https:\/\/abrelivros.org.br\/site\/wp-json\/wp\/v2\/posts\/14480\/revisions"}],"predecessor-version":[{"id":14481,"href":"https:\/\/abrelivros.org.br\/site\/wp-json\/wp\/v2\/posts\/14480\/revisions\/14481"}],"wp:attachment":[{"href":"https:\/\/abrelivros.org.br\/site\/wp-json\/wp\/v2\/media?parent=14480"}],"wp:term":[{"taxonomy":"category","embeddable":true,"href":"https:\/\/abrelivros.org.br\/site\/wp-json\/wp\/v2\/categories?post=14480"},{"taxonomy":"post_tag","embeddable":true,"href":"https:\/\/abrelivros.org.br\/site\/wp-json\/wp\/v2\/tags?post=14480"}],"curies":[{"name":"wp","href":"https:\/\/api.w.org\/{rel}","templated":true}]}}