{"id":14478,"date":"2021-07-16T12:43:22","date_gmt":"2021-07-16T15:43:22","guid":{"rendered":"https:\/\/abrelivros.org.br\/site\/?p=14478"},"modified":"2021-07-16T12:43:22","modified_gmt":"2021-07-16T15:43:22","slug":"novo-ensino-medio-comeca-a-ser-implementado-gradualmente-a-partir-de-2022","status":"publish","type":"post","link":"https:\/\/abrelivros.org.br\/site\/novo-ensino-medio-comeca-a-ser-implementado-gradualmente-a-partir-de-2022\/","title":{"rendered":"Novo Ensino M\u00e9dio come\u00e7a a ser implementado gradualmente a partir de 2022"},"content":{"rendered":"<p>Com carga hor\u00e1ria maior e diferentes possibilidades de forma\u00e7\u00e3o, o Novo Ensino M\u00e9dio come\u00e7a a ser implementado nas escolas p\u00fablicas e privadas do pa\u00eds a partir de 2022. As a\u00e7\u00f5es e o cronograma nacional para a implementa\u00e7\u00e3o do Novo Ensino M\u00e9dio foram divulgados nesta quarta-feira (14) pelo Minist\u00e9rio da Educa\u00e7\u00e3o.<!--more--> A portaria com as orienta\u00e7\u00f5es est\u00e1 publicada no <a href=\"https:\/\/www.in.gov.br\/en\/web\/dou\/-\/portaria-n-521-de-13-de-julho-de-2021-331876769\" target=\"_blank\" rel=\"noopener noreferrer\">Di\u00e1rio Oficial da Uni\u00e3o<\/a>.<\/p>\n<p>A implementa\u00e7\u00e3o do Novo Ensino M\u00e9dio ser\u00e1 iniciada no ano que vem de forma progressiva com as 1\u00aa s\u00e9ries do Ensino M\u00e9dio. Em 2023 com as 1\u00aa e 2\u00aa s\u00e9ries e completando o ciclo de implementa\u00e7\u00e3o nas tr\u00eas s\u00e9ries do ensino m\u00e9dio em 2024.<\/p>\n<p>Esse modelo traz uma nova organiza\u00e7\u00e3o curricular e a amplia\u00e7\u00e3o da carga hor\u00e1ria m\u00ednima das atuais 800 horas para 1.000 horas anuais. Contempla as aprendizagens essenciais e comuns a todos os jovens e a oferta de diferentes possibilidades de escolha aos estudantes a partir dos itiner\u00e1rios formativos incluindo a forma\u00e7\u00e3o t\u00e9cnica e profissional de forma a aprofundar conhecimentos e ajudar na inser\u00e7\u00e3o dos jovens no mercado de trabalho.<\/p>\n<p>\u201cEduca\u00e7\u00e3o \u00e9 sempre m\u00e9dio e longo prazo, nada curto prazo, ent\u00e3o, o que estamos fazendo aqui vai refletir l\u00e1 na frente\u201d, disse o ministro da Educa\u00e7\u00e3o, Milton Ribeiro. \u201cPrecisamos dar uma resposta aos nossos jovens do presente para o futuro. O que fizemos agora vai refletir l\u00e1 no futuro\u201d, afirmou.<\/p>\n<p>O minist\u00e9rio tem ofertado apoio t\u00e9cnico e financeiro \u00e0s secretarias de educa\u00e7\u00e3o para a elabora\u00e7\u00e3o dos referencias curriculares alinhados ao Novo Ensino M\u00e9dio. \u201cInvestimos nesse projeto novo mais de R$ 70 milh\u00f5es nas secretarias de educa\u00e7\u00e3o para readequa\u00e7\u00e3o de seus referencias curriculares e para forma\u00e7\u00e3o dos profissionais de educa\u00e7\u00e3o. J\u00e1 mandamos isso no \u00e2mbito do programa de apoio do Novo Ensino M\u00e9dio. Promovemos o repasse a mais de 4 mil escolas piloto, totalizando R$ 360 milh\u00f5es em apoio financeiro\u201d, detalhou Milton Ribeiro.<\/p>\n<p>A Lei n\u00ba 13.415\/2017 alterou a Lei de Diretrizes e Bases da Educa\u00e7\u00e3o Nacional e estabeleceu uma mudan\u00e7a na estrutura do ensino m\u00e9dio.<\/p>\n<p><strong>Cronograma<\/strong><\/p>\n<p>A portaria publicada no Di\u00e1rio Oficial da Uni\u00e3o desta quarta-feira traz o cronograma de a\u00e7\u00f5es para a efetiva\u00e7\u00e3o do Novo Ensino M\u00e9dio em \u00e2mbito nacional, orienta as unidades da federa\u00e7\u00e3o quanto aos procedimentos e prazos que dever\u00e3o ser cumpridos, quanto a oferta dos itiner\u00e1rios formativos e no processo de execu\u00e7\u00e3o de seus curr\u00edculos, alinhados \u00e0 Base Nacional Comum Curricular (BNCC).<\/p>\n<p>Trata tamb\u00e9m do prazo de escolha e entrega de materiais did\u00e1ticos e cronograma de forma\u00e7\u00e3o para profissionais da educa\u00e7\u00e3o, entre outros.<\/p>\n<p><strong>Cronograma<\/strong>:<\/p>\n<p>1) No ano de 2021: aprova\u00e7\u00e3o e homologa\u00e7\u00e3o dos referenciais curriculares pelos respectivos Conselhos de Educa\u00e7\u00e3o e forma\u00e7\u00f5es continuadas destinadas aos profissionais da educa\u00e7\u00e3o;<\/p>\n<p>2) No ano de 2022: implementa\u00e7\u00e3o dos referenciais curriculares no 1\u00ba ano do ensino m\u00e9dio;<\/p>\n<p>3) No ano de 2023: implementa\u00e7\u00e3o dos referenciais curriculares nos 1\u00ba e 2\u00ba anos do ensino m\u00e9dio;<\/p>\n<p>4) No ano de 2024: implementa\u00e7\u00e3o dos referenciais curriculares em todos os anos do ensino m\u00e9dio;<\/p>\n<p>5) Nos anos de 2022 a 2024: monitoramento da implementa\u00e7\u00e3o dos referenciais curriculares e da forma\u00e7\u00e3o continuada aos profissionais da educa\u00e7\u00e3o.<\/p>\n<p><strong>Apoio \u00e0 implementa\u00e7\u00e3o<\/strong><\/p>\n<p>Nas pr\u00f3ximas semanas, o Minist\u00e9rio da Educa\u00e7\u00e3o lan\u00e7ar\u00e1 um novo Programa de Fomento \u00e0 Implementa\u00e7\u00e3o dos Itiner\u00e1rios Formativos para dar apoio t\u00e9cnico e financeiro as escolas de ensino m\u00e9dio e a integra\u00e7\u00e3o entre as institui\u00e7\u00f5es de ensino superior, setor produtivo, escolas e secretarias de educa\u00e7\u00e3o.<\/p>\n<p>A portaria publicada no Di\u00e1rio Oficial prev\u00ea que ocorra a forma\u00e7\u00e3o continuada dos profissionais da educa\u00e7\u00e3o para alinhamento dos referenciais curriculares \u00e0 BNCC com apoio t\u00e9cnico e financeiro do minist\u00e9rio. De acordo com o MEC, ser\u00e3o lan\u00e7ados cursos de forma\u00e7\u00e3o para os profissionais da educa\u00e7\u00e3o, voltados para os itiner\u00e1rios formativos, incluindo a forma\u00e7\u00e3o t\u00e9cnica e profissional.<\/p>\n<p><strong>Conte\u00fados<\/strong><\/p>\n<p>O Novo Ensino M\u00e9dio poder\u00e1 ofertar at\u00e9 cinco itiner\u00e1rios formativos que possibilitar\u00e3o que o estudante a escolher em qual \u00e1rea quer aprofundar seus conhecimentos ao longo do ensino m\u00e9dio. Eles podem variar conforme o contexto no qual a escola est\u00e1 inserida e de acordo com as necessidades e interesses dos estudantes. As redes de ensino ter\u00e3o autonomia para definir os itiner\u00e1rios ofertados.<\/p>\n<p>Os itiner\u00e1rios s\u00e3o: linguagens e suas tecnologias, matem\u00e1tica e suas tecnologias, ci\u00eancias da natureza e suas tecnologias, ci\u00eancias humanas e sociais aplicadas e forma\u00e7\u00e3o t\u00e9cnica e profissional.<\/p>\n<p>A portaria traz o cronograma referente aos materiais e recursos did\u00e1ticos para o Novo Ensino M\u00e9dio:<\/p>\n<p>1) No ano de 2021: escolha e distribui\u00e7\u00e3o das obras, projeto integradores e projetos de vida;<\/p>\n<p>2) No ano de 2022: escolha e distribui\u00e7\u00e3o, por \u00e1rea de conhecimento, das obras de forma\u00e7\u00e3o continuada e dos recursos educacionais digitais;<\/p>\n<p>3) No ano de 2023: escolha e distribui\u00e7\u00e3o das obras liter\u00e1rias; e<\/p>\n<p>4) No ano de 2024: escolha e distribui\u00e7\u00e3o dos materiais e recursos did\u00e1ticos para os itiner\u00e1rios formativos.<\/p>\n<p>&nbsp;<\/p>\n","protected":false},"excerpt":{"rendered":"<p>Com carga hor\u00e1ria maior e diferentes possibilidades de forma\u00e7\u00e3o, o Novo Ensino M\u00e9dio come\u00e7a a ser implementado nas escolas p\u00fablicas e privadas do pa\u00eds a partir de 2022. As a\u00e7\u00f5es e o cronograma nacional para a implementa\u00e7\u00e3o do Novo Ensino M\u00e9dio foram divulgados nesta quarta-feira (14) pelo Minist\u00e9rio da Educa\u00e7\u00e3o.<\/p>\n","protected":false},"author":4,"featured_media":0,"comment_status":"closed","ping_status":"closed","sticky":false,"template":"","format":"standard","meta":{"footnotes":"","_links_to":"","_links_to_target":""},"categories":[9],"tags":[],"class_list":["post-14478","post","type-post","status-publish","format-standard","hentry","category-noticias-da-imprensa"],"yoast_head":"<!-- This site is optimized with the Yoast SEO plugin v15.1 - https:\/\/yoast.com\/wordpress\/plugins\/seo\/ -->\n<title>Novo Ensino M\u00e9dio come\u00e7a a ser implementado gradualmente a partir de 2022 &raquo; Abrelivros<\/title>\n<meta name=\"robots\" content=\"index, follow, max-snippet:-1, max-image-preview:large, max-video-preview:-1\" \/>\n<link rel=\"canonical\" href=\"https:\/\/abrelivros.org.br\/site\/novo-ensino-medio-comeca-a-ser-implementado-gradualmente-a-partir-de-2022\/\" \/>\n<meta property=\"og:locale\" content=\"pt_BR\" \/>\n<meta property=\"og:type\" content=\"article\" \/>\n<meta property=\"og:title\" content=\"Novo Ensino M\u00e9dio come\u00e7a a ser implementado gradualmente a partir de 2022 &raquo; Abrelivros\" \/>\n<meta property=\"og:description\" content=\"Com carga hor\u00e1ria maior e diferentes possibilidades de forma\u00e7\u00e3o, o Novo Ensino M\u00e9dio come\u00e7a a ser implementado nas escolas p\u00fablicas e privadas do pa\u00eds a partir de 2022. As a\u00e7\u00f5es e o cronograma nacional para a implementa\u00e7\u00e3o do Novo Ensino M\u00e9dio foram divulgados nesta quarta-feira (14) pelo Minist\u00e9rio da Educa\u00e7\u00e3o.\" \/>\n<meta property=\"og:url\" content=\"https:\/\/abrelivros.org.br\/site\/novo-ensino-medio-comeca-a-ser-implementado-gradualmente-a-partir-de-2022\/\" \/>\n<meta property=\"og:site_name\" content=\"Abrelivros\" \/>\n<meta property=\"article:published_time\" content=\"2021-07-16T15:43:22+00:00\" \/>\n<meta name=\"twitter:card\" content=\"summary_large_image\" \/>\n<script type=\"application\/ld+json\" class=\"yoast-schema-graph\">{\"@context\":\"https:\/\/schema.org\",\"@graph\":[{\"@type\":\"WebSite\",\"@id\":\"https:\/\/abrelivros.org.br\/site\/#website\",\"url\":\"https:\/\/abrelivros.org.br\/site\/\",\"name\":\"Abrelivros\",\"description\":\"\",\"potentialAction\":[{\"@type\":\"SearchAction\",\"target\":\"https:\/\/abrelivros.org.br\/site\/?s={search_term_string}\",\"query-input\":\"required name=search_term_string\"}],\"inLanguage\":\"pt-BR\"},{\"@type\":\"WebPage\",\"@id\":\"https:\/\/abrelivros.org.br\/site\/novo-ensino-medio-comeca-a-ser-implementado-gradualmente-a-partir-de-2022\/#webpage\",\"url\":\"https:\/\/abrelivros.org.br\/site\/novo-ensino-medio-comeca-a-ser-implementado-gradualmente-a-partir-de-2022\/\",\"name\":\"Novo Ensino M\\u00e9dio come\\u00e7a a ser implementado gradualmente a partir de 2022 &raquo; Abrelivros\",\"isPartOf\":{\"@id\":\"https:\/\/abrelivros.org.br\/site\/#website\"},\"datePublished\":\"2021-07-16T15:43:22+00:00\",\"dateModified\":\"2021-07-16T15:43:22+00:00\",\"author\":{\"@id\":\"https:\/\/abrelivros.org.br\/site\/#\/schema\/person\/65db80e26409802ce15ac5feec6a15fd\"},\"breadcrumb\":{\"@id\":\"https:\/\/abrelivros.org.br\/site\/novo-ensino-medio-comeca-a-ser-implementado-gradualmente-a-partir-de-2022\/#breadcrumb\"},\"inLanguage\":\"pt-BR\",\"potentialAction\":[{\"@type\":\"ReadAction\",\"target\":[\"https:\/\/abrelivros.org.br\/site\/novo-ensino-medio-comeca-a-ser-implementado-gradualmente-a-partir-de-2022\/\"]}]},{\"@type\":\"BreadcrumbList\",\"@id\":\"https:\/\/abrelivros.org.br\/site\/novo-ensino-medio-comeca-a-ser-implementado-gradualmente-a-partir-de-2022\/#breadcrumb\",\"itemListElement\":[{\"@type\":\"ListItem\",\"position\":1,\"item\":{\"@type\":\"WebPage\",\"@id\":\"https:\/\/abrelivros.org.br\/site\/\",\"url\":\"https:\/\/abrelivros.org.br\/site\/\",\"name\":\"In\\u00edcio\"}},{\"@type\":\"ListItem\",\"position\":2,\"item\":{\"@type\":\"WebPage\",\"@id\":\"https:\/\/abrelivros.org.br\/site\/category\/noticias\/\",\"url\":\"https:\/\/abrelivros.org.br\/site\/category\/noticias\/\",\"name\":\"Not\\u00edcias\"}},{\"@type\":\"ListItem\",\"position\":3,\"item\":{\"@type\":\"WebPage\",\"@id\":\"https:\/\/abrelivros.org.br\/site\/category\/noticias\/noticias-da-imprensa\/\",\"url\":\"https:\/\/abrelivros.org.br\/site\/category\/noticias\/noticias-da-imprensa\/\",\"name\":\"Not\\u00edcias da imprensa\"}},{\"@type\":\"ListItem\",\"position\":4,\"item\":{\"@type\":\"WebPage\",\"@id\":\"https:\/\/abrelivros.org.br\/site\/novo-ensino-medio-comeca-a-ser-implementado-gradualmente-a-partir-de-2022\/\",\"url\":\"https:\/\/abrelivros.org.br\/site\/novo-ensino-medio-comeca-a-ser-implementado-gradualmente-a-partir-de-2022\/\",\"name\":\"Novo Ensino M\\u00e9dio come\\u00e7a a ser implementado gradualmente a partir de 2022\"}}]},{\"@type\":\"Person\",\"@id\":\"https:\/\/abrelivros.org.br\/site\/#\/schema\/person\/65db80e26409802ce15ac5feec6a15fd\",\"name\":\"Reda\\u00e7\\u00e3o Abrelivros\",\"image\":{\"@type\":\"ImageObject\",\"@id\":\"https:\/\/abrelivros.org.br\/site\/#personlogo\",\"inLanguage\":\"pt-BR\",\"url\":\"https:\/\/secure.gravatar.com\/avatar\/c4e57f9c7e3482965bd428192061218520756c39080b1d1820b679fa5e9af192?s=96&d=mm&r=g\",\"caption\":\"Reda\\u00e7\\u00e3o Abrelivros\"}}]}<\/script>\n<!-- \/ Yoast SEO plugin. -->","_links":{"self":[{"href":"https:\/\/abrelivros.org.br\/site\/wp-json\/wp\/v2\/posts\/14478","targetHints":{"allow":["GET"]}}],"collection":[{"href":"https:\/\/abrelivros.org.br\/site\/wp-json\/wp\/v2\/posts"}],"about":[{"href":"https:\/\/abrelivros.org.br\/site\/wp-json\/wp\/v2\/types\/post"}],"author":[{"embeddable":true,"href":"https:\/\/abrelivros.org.br\/site\/wp-json\/wp\/v2\/users\/4"}],"replies":[{"embeddable":true,"href":"https:\/\/abrelivros.org.br\/site\/wp-json\/wp\/v2\/comments?post=14478"}],"version-history":[{"count":1,"href":"https:\/\/abrelivros.org.br\/site\/wp-json\/wp\/v2\/posts\/14478\/revisions"}],"predecessor-version":[{"id":14479,"href":"https:\/\/abrelivros.org.br\/site\/wp-json\/wp\/v2\/posts\/14478\/revisions\/14479"}],"wp:attachment":[{"href":"https:\/\/abrelivros.org.br\/site\/wp-json\/wp\/v2\/media?parent=14478"}],"wp:term":[{"taxonomy":"category","embeddable":true,"href":"https:\/\/abrelivros.org.br\/site\/wp-json\/wp\/v2\/categories?post=14478"},{"taxonomy":"post_tag","embeddable":true,"href":"https:\/\/abrelivros.org.br\/site\/wp-json\/wp\/v2\/tags?post=14478"}],"curies":[{"name":"wp","href":"https:\/\/api.w.org\/{rel}","templated":true}]}}