{"id":14476,"date":"2021-07-16T12:36:56","date_gmt":"2021-07-16T15:36:56","guid":{"rendered":"https:\/\/abrelivros.org.br\/site\/?p=14476"},"modified":"2021-07-16T12:36:56","modified_gmt":"2021-07-16T15:36:56","slug":"seb-divulga-editais-de-selecao-e-contratacao-de-profissionais-no-ambito-do-projeto-de-apoio-a-implementacao-do-novo-ensino-medio","status":"publish","type":"post","link":"https:\/\/abrelivros.org.br\/site\/seb-divulga-editais-de-selecao-e-contratacao-de-profissionais-no-ambito-do-projeto-de-apoio-a-implementacao-do-novo-ensino-medio\/","title":{"rendered":"SEB divulga editais de sele\u00e7\u00e3o e contrata\u00e7\u00e3o de profissionais no \u00e2mbito do Projeto de Apoio \u00e0 Implementa\u00e7\u00e3o do Novo Ensino M\u00e9dio"},"content":{"rendered":"<p>A Secretaria de Educa\u00e7\u00e3o B\u00e1sica (SEB) do Minist\u00e9rio da Educa\u00e7\u00e3o (MEC) tornou p\u00fablico, na \u00faltima quinta-feira (15), tr\u00eas editais de sele\u00e7\u00e3o e contrata\u00e7\u00e3o de profissionais para atuarem no \u00e2mbito do Projeto de Apoio \u00e0 Implementa\u00e7\u00e3o do Novo Ensino M\u00e9dio.<!--more--> Os editais contemplam vagas para analistas de itiner\u00e1rios formativos, analistas de comunica\u00e7\u00e3o e consultores individuais especializados para realiza\u00e7\u00e3o de auditorias financeiras.<\/p>\n<p>O edital n\u00ba 14 tem como objeto a contrata\u00e7\u00e3o de cinco consultores individuais analistas de itiner\u00e1rios formativos com foco nas cinco \u00e1reas do conhecimento ofertadas no Novo Ensino M\u00e9dio (NEM): linguagens e suas tecnologias; matem\u00e1tica e suas tecnologias; ci\u00eancias da natureza e suas tecnologias; ci\u00eancias humanas e sociais aplicadas; e forma\u00e7\u00e3o t\u00e9cnica e profissional.<\/p>\n<p>O edital n\u00ba 15 visa \u00e0 contrata\u00e7\u00e3o de tr\u00eas consultores individuais especializados para realiza\u00e7\u00e3o de auditorias financeiras de presta\u00e7\u00e3o de contas, n\u00edvel pleno, sobre as demonstra\u00e7\u00f5es financeiras, com a finalidade de verificar a elegibilidade das execu\u00e7\u00f5es das despesas dos programas contemplados no \u00e2mbito do Projeto de Apoio \u00e0 Implementa\u00e7\u00e3o do NEM.<\/p>\n<p>J\u00e1 o edital n\u00ba 16 tem como objetivo a contrata\u00e7\u00e3o de dois consultores individuais analistas de comunica\u00e7\u00e3o no \u00e2mbito do Projeto de Apoio \u00e0 Implementa\u00e7\u00e3o do NEM. Confira as datas-limite para demonstra\u00e7\u00e3o de interesse nas vagas:<\/p>\n<p>Edital n\u00ba 14: 23 de julho;<\/p>\n<p>Edital n\u00ba 15: 31 de julho; e<\/p>\n<p>Edital n\u00ba 16: 31 de julho.<\/p>\n<p>As manifesta\u00e7\u00f5es de interesse dever\u00e3o ser realizadas por meio do endere\u00e7o eletr\u00f4nico: selecaonovoensinomedio@mec.gov.br. O e-mail deve indicar em seu corpo ou no campo assunto, obrigatoriamente, o n\u00ba da manifesta\u00e7\u00e3o de interesse e perfil para qual est\u00e1 concorrendo. Al\u00e9m disso, o curr\u00edculo deve ser anexado em um dos seguintes formatos: odt, doc, pdf, xls, dwg ou jpg e com tamanho m\u00e1ximo de 10MB.<\/p>\n<p>Para mais informa\u00e7\u00f5es, acesse: <a href=\"https:\/\/www.gov.br\/mec\/pt-br\/acesso-a-informacao\/editais\" target=\"_blank\" rel=\"noopener noreferrer\">https:\/\/www.gov.br\/mec\/pt-br\/acesso-a-informacao\/editais<\/a><\/p>\n<p><a href=\"https:\/\/www.gov.br\/mec\/pt-br\/media\/editais\/2021\/SEI_MEC2733973AvisodeLicitao.pdf\" target=\"_blank\" rel=\"noopener noreferrer\">Confira<\/a> o edital n\u00ba 14.<\/p>\n<p><a href=\"https:\/\/www.gov.br\/mec\/pt-br\/media\/editais\/2021\/SEI_MEC2757896AvisodeLicitao.pdf\" target=\"_blank\" rel=\"noopener noreferrer\">Confira<\/a> o edital n\u00ba 15.<\/p>\n<p><a href=\"https:\/\/www.gov.br\/mec\/pt-br\/media\/editais\/2021\/SEI_MEC2758476AvisodeLicitao.pdf\" target=\"_blank\" rel=\"noopener noreferrer\">Confira<\/a> o edital n\u00ba 16.<\/p>\n","protected":false},"excerpt":{"rendered":"<p>A Secretaria de Educa\u00e7\u00e3o B\u00e1sica (SEB) do Minist\u00e9rio da Educa\u00e7\u00e3o (MEC) tornou p\u00fablico, na \u00faltima quinta-feira (15), tr\u00eas editais de sele\u00e7\u00e3o e contrata\u00e7\u00e3o de profissionais para atuarem no \u00e2mbito do Projeto de Apoio \u00e0 Implementa\u00e7\u00e3o do Novo Ensino M\u00e9dio.<\/p>\n","protected":false},"author":4,"featured_media":0,"comment_status":"closed","ping_status":"closed","sticky":false,"template":"","format":"standard","meta":{"footnotes":"","_links_to":"","_links_to_target":""},"categories":[9],"tags":[],"class_list":["post-14476","post","type-post","status-publish","format-standard","hentry","category-noticias-da-imprensa"],"yoast_head":"<!-- This site is optimized with the Yoast SEO plugin v15.1 - https:\/\/yoast.com\/wordpress\/plugins\/seo\/ -->\n<title>SEB divulga editais de sele\u00e7\u00e3o e contrata\u00e7\u00e3o de profissionais no \u00e2mbito do Projeto de Apoio \u00e0 Implementa\u00e7\u00e3o do Novo Ensino M\u00e9dio &raquo; Abrelivros<\/title>\n<meta name=\"robots\" content=\"index, follow, max-snippet:-1, max-image-preview:large, max-video-preview:-1\" \/>\n<link rel=\"canonical\" href=\"https:\/\/abrelivros.org.br\/site\/seb-divulga-editais-de-selecao-e-contratacao-de-profissionais-no-ambito-do-projeto-de-apoio-a-implementacao-do-novo-ensino-medio\/\" \/>\n<meta property=\"og:locale\" content=\"pt_BR\" \/>\n<meta property=\"og:type\" content=\"article\" \/>\n<meta property=\"og:title\" content=\"SEB divulga editais de sele\u00e7\u00e3o e contrata\u00e7\u00e3o de profissionais no \u00e2mbito do Projeto de Apoio \u00e0 Implementa\u00e7\u00e3o do Novo Ensino M\u00e9dio &raquo; Abrelivros\" \/>\n<meta property=\"og:description\" content=\"A Secretaria de Educa\u00e7\u00e3o B\u00e1sica (SEB) do Minist\u00e9rio da Educa\u00e7\u00e3o (MEC) tornou p\u00fablico, na \u00faltima quinta-feira (15), tr\u00eas editais de sele\u00e7\u00e3o e contrata\u00e7\u00e3o de profissionais para atuarem no \u00e2mbito do Projeto de Apoio \u00e0 Implementa\u00e7\u00e3o do Novo Ensino M\u00e9dio.\" \/>\n<meta property=\"og:url\" content=\"https:\/\/abrelivros.org.br\/site\/seb-divulga-editais-de-selecao-e-contratacao-de-profissionais-no-ambito-do-projeto-de-apoio-a-implementacao-do-novo-ensino-medio\/\" \/>\n<meta property=\"og:site_name\" content=\"Abrelivros\" \/>\n<meta property=\"article:published_time\" content=\"2021-07-16T15:36:56+00:00\" \/>\n<meta name=\"twitter:card\" content=\"summary_large_image\" \/>\n<script type=\"application\/ld+json\" class=\"yoast-schema-graph\">{\"@context\":\"https:\/\/schema.org\",\"@graph\":[{\"@type\":\"WebSite\",\"@id\":\"https:\/\/abrelivros.org.br\/site\/#website\",\"url\":\"https:\/\/abrelivros.org.br\/site\/\",\"name\":\"Abrelivros\",\"description\":\"\",\"potentialAction\":[{\"@type\":\"SearchAction\",\"target\":\"https:\/\/abrelivros.org.br\/site\/?s={search_term_string}\",\"query-input\":\"required name=search_term_string\"}],\"inLanguage\":\"pt-BR\"},{\"@type\":\"WebPage\",\"@id\":\"https:\/\/abrelivros.org.br\/site\/seb-divulga-editais-de-selecao-e-contratacao-de-profissionais-no-ambito-do-projeto-de-apoio-a-implementacao-do-novo-ensino-medio\/#webpage\",\"url\":\"https:\/\/abrelivros.org.br\/site\/seb-divulga-editais-de-selecao-e-contratacao-de-profissionais-no-ambito-do-projeto-de-apoio-a-implementacao-do-novo-ensino-medio\/\",\"name\":\"SEB divulga editais de sele\\u00e7\\u00e3o e contrata\\u00e7\\u00e3o de profissionais no \\u00e2mbito do Projeto de Apoio \\u00e0 Implementa\\u00e7\\u00e3o do Novo Ensino M\\u00e9dio &raquo; Abrelivros\",\"isPartOf\":{\"@id\":\"https:\/\/abrelivros.org.br\/site\/#website\"},\"datePublished\":\"2021-07-16T15:36:56+00:00\",\"dateModified\":\"2021-07-16T15:36:56+00:00\",\"author\":{\"@id\":\"https:\/\/abrelivros.org.br\/site\/#\/schema\/person\/65db80e26409802ce15ac5feec6a15fd\"},\"breadcrumb\":{\"@id\":\"https:\/\/abrelivros.org.br\/site\/seb-divulga-editais-de-selecao-e-contratacao-de-profissionais-no-ambito-do-projeto-de-apoio-a-implementacao-do-novo-ensino-medio\/#breadcrumb\"},\"inLanguage\":\"pt-BR\",\"potentialAction\":[{\"@type\":\"ReadAction\",\"target\":[\"https:\/\/abrelivros.org.br\/site\/seb-divulga-editais-de-selecao-e-contratacao-de-profissionais-no-ambito-do-projeto-de-apoio-a-implementacao-do-novo-ensino-medio\/\"]}]},{\"@type\":\"BreadcrumbList\",\"@id\":\"https:\/\/abrelivros.org.br\/site\/seb-divulga-editais-de-selecao-e-contratacao-de-profissionais-no-ambito-do-projeto-de-apoio-a-implementacao-do-novo-ensino-medio\/#breadcrumb\",\"itemListElement\":[{\"@type\":\"ListItem\",\"position\":1,\"item\":{\"@type\":\"WebPage\",\"@id\":\"https:\/\/abrelivros.org.br\/site\/\",\"url\":\"https:\/\/abrelivros.org.br\/site\/\",\"name\":\"In\\u00edcio\"}},{\"@type\":\"ListItem\",\"position\":2,\"item\":{\"@type\":\"WebPage\",\"@id\":\"https:\/\/abrelivros.org.br\/site\/category\/noticias\/\",\"url\":\"https:\/\/abrelivros.org.br\/site\/category\/noticias\/\",\"name\":\"Not\\u00edcias\"}},{\"@type\":\"ListItem\",\"position\":3,\"item\":{\"@type\":\"WebPage\",\"@id\":\"https:\/\/abrelivros.org.br\/site\/category\/noticias\/noticias-da-imprensa\/\",\"url\":\"https:\/\/abrelivros.org.br\/site\/category\/noticias\/noticias-da-imprensa\/\",\"name\":\"Not\\u00edcias da imprensa\"}},{\"@type\":\"ListItem\",\"position\":4,\"item\":{\"@type\":\"WebPage\",\"@id\":\"https:\/\/abrelivros.org.br\/site\/seb-divulga-editais-de-selecao-e-contratacao-de-profissionais-no-ambito-do-projeto-de-apoio-a-implementacao-do-novo-ensino-medio\/\",\"url\":\"https:\/\/abrelivros.org.br\/site\/seb-divulga-editais-de-selecao-e-contratacao-de-profissionais-no-ambito-do-projeto-de-apoio-a-implementacao-do-novo-ensino-medio\/\",\"name\":\"SEB divulga editais de sele\\u00e7\\u00e3o e contrata\\u00e7\\u00e3o de profissionais no \\u00e2mbito do Projeto de Apoio \\u00e0 Implementa\\u00e7\\u00e3o do Novo Ensino M\\u00e9dio\"}}]},{\"@type\":\"Person\",\"@id\":\"https:\/\/abrelivros.org.br\/site\/#\/schema\/person\/65db80e26409802ce15ac5feec6a15fd\",\"name\":\"Reda\\u00e7\\u00e3o Abrelivros\",\"image\":{\"@type\":\"ImageObject\",\"@id\":\"https:\/\/abrelivros.org.br\/site\/#personlogo\",\"inLanguage\":\"pt-BR\",\"url\":\"https:\/\/secure.gravatar.com\/avatar\/c4e57f9c7e3482965bd428192061218520756c39080b1d1820b679fa5e9af192?s=96&d=mm&r=g\",\"caption\":\"Reda\\u00e7\\u00e3o Abrelivros\"}}]}<\/script>\n<!-- \/ Yoast SEO plugin. -->","_links":{"self":[{"href":"https:\/\/abrelivros.org.br\/site\/wp-json\/wp\/v2\/posts\/14476","targetHints":{"allow":["GET"]}}],"collection":[{"href":"https:\/\/abrelivros.org.br\/site\/wp-json\/wp\/v2\/posts"}],"about":[{"href":"https:\/\/abrelivros.org.br\/site\/wp-json\/wp\/v2\/types\/post"}],"author":[{"embeddable":true,"href":"https:\/\/abrelivros.org.br\/site\/wp-json\/wp\/v2\/users\/4"}],"replies":[{"embeddable":true,"href":"https:\/\/abrelivros.org.br\/site\/wp-json\/wp\/v2\/comments?post=14476"}],"version-history":[{"count":1,"href":"https:\/\/abrelivros.org.br\/site\/wp-json\/wp\/v2\/posts\/14476\/revisions"}],"predecessor-version":[{"id":14477,"href":"https:\/\/abrelivros.org.br\/site\/wp-json\/wp\/v2\/posts\/14476\/revisions\/14477"}],"wp:attachment":[{"href":"https:\/\/abrelivros.org.br\/site\/wp-json\/wp\/v2\/media?parent=14476"}],"wp:term":[{"taxonomy":"category","embeddable":true,"href":"https:\/\/abrelivros.org.br\/site\/wp-json\/wp\/v2\/categories?post=14476"},{"taxonomy":"post_tag","embeddable":true,"href":"https:\/\/abrelivros.org.br\/site\/wp-json\/wp\/v2\/tags?post=14476"}],"curies":[{"name":"wp","href":"https:\/\/api.w.org\/{rel}","templated":true}]}}