{"id":14474,"date":"2021-07-16T12:31:22","date_gmt":"2021-07-16T15:31:22","guid":{"rendered":"https:\/\/abrelivros.org.br\/site\/?p=14474"},"modified":"2021-07-16T12:31:22","modified_gmt":"2021-07-16T15:31:22","slug":"enem-alinhado-com-novo-ensino-medio-sera-aplicado-a-partir-de-2024","status":"publish","type":"post","link":"https:\/\/abrelivros.org.br\/site\/enem-alinhado-com-novo-ensino-medio-sera-aplicado-a-partir-de-2024\/","title":{"rendered":"Enem alinhado com novo ensino m\u00e9dio ser\u00e1 aplicado a partir de 2024"},"content":{"rendered":"<p>O <a href=\"https:\/\/educacao.uol.com.br\/enem\/\" target=\"_blank\" rel=\"noopener noreferrer\">Enem<\/a> (Exame Nacional do Ensino M\u00e9dio) estar\u00e1 alinhado com as diretrizes curriculares do novo ensino m\u00e9dio a partir de 2024. \u00c9 o que define um cronograma publicado hoje pelo MEC (Minist\u00e9rio da Educa\u00e7\u00e3o).<!--more--><\/p>\n<p>O ensino m\u00e9dio em todo o Brasil ter\u00e1 mudan\u00e7as, a partir do ano que vem, com a amplia\u00e7\u00e3o da carga hor\u00e1ria para os estudantes e organiza\u00e7\u00e3o curricular mais flex\u00edvel. Na pr\u00e1tica, os alunos poder\u00e3o escolher diferentes \u00e1reas para estudar. Por causa das mudan\u00e7as previstas para a etapa, o Enem, principal porta de entrada dos alunos no ensino superior, tamb\u00e9m dever\u00e1 mudar.<\/p>\n<p>A atualiza\u00e7\u00e3o da matriz de avalia\u00e7\u00e3o do novo Enem ocorrer\u00e1 ao longo dos pr\u00f3ximos anos para que, em 2024, a aplica\u00e7\u00e3o do exame j\u00e1 seja realizada conforme as diretrizes do novo ensino m\u00e9dio.<\/p>\n<p>Ainda conforme a portaria, neste ano dever\u00e1 ocorrer a aprova\u00e7\u00e3o e homologa\u00e7\u00e3o dos referenciais curriculares do ensino m\u00e9dio pelos Conselhos de Educa\u00e7\u00e3o. Tamb\u00e9m dever\u00e3o ser realizadas forma\u00e7\u00f5es para os profissionais da educa\u00e7\u00e3o.<\/p>\n<p>O cronograma prev\u00ea que em 2022 sejam implementadas as mudan\u00e7as curriculares no 1.\u00ba ano do ensino m\u00e9dio. J\u00e1 em 2023, a implementa\u00e7\u00e3o dos referenciais curriculares vai abranger o 1.\u00bae o 2.\u00ba ano do ensino m\u00e9dio, para alcan\u00e7ar aos tr\u00eas anos da etapa em 2024. As redes de ensino dever\u00e3o encaminhar MEC os referenciais curriculares alinhados \u00e0 BNCC at\u00e9 fevereiro de 2022.<\/p>\n<p>&#8220;A virada de chave para a implementa\u00e7\u00e3o do novo ensino m\u00e9dio ocorrer\u00e1 em 2022&#8221;, disse o secret\u00e1rio da Educa\u00e7\u00e3o B\u00e1sica do MEC, Mauro Rabelo, em uma cerim\u00f4nia de lan\u00e7amento do cronograma no Inep (Instituto Nacional de Pesquisas Educacionais). O novo ensino m\u00e9dio \u00e9 uma resposta a uma escola tida como desinteressante pelos jovens e, portanto, com altos \u00edndices de evas\u00e3o.<\/p>\n<p>O modelo incentiva o protagonismo dos alunos, apresenta diferentes trilhas de conhecimento definidas em itiner\u00e1rios formativos e substitui a estrutura tradicional das disciplinas por formatos flex\u00edveis e integrados de aplica\u00e7\u00e3o de conhecimentos e habilidades. No entanto, a menos de um ano do prazo para que tudo isso saia do papel, os dados sinalizam que pode haver atrasos, como mostrou o Estad\u00e3o em abril.<\/p>\n<p>O ministro da Educa\u00e7\u00e3o, Milton Ribeiro, tamb\u00e9m participou da cerim\u00f4nia na manh\u00e3 de hoje. O presidente Jair Bolsonaro participaria do evento, mas cancelou a presen\u00e7a ap\u00f3s ser internado no Hospital das For\u00e7as Armadas na madrugada desta quarta. Ribeiro iniciou a cerim\u00f4nia com uma ora\u00e7\u00e3o pela sa\u00fade de Bolsonaro.<\/p>\n<p>Sobre o novo ensino m\u00e9dio, o ministro chamou as a\u00e7\u00f5es de &#8220;uma promessa que estamos pagando&#8221;. As mudan\u00e7as para o novo ensino m\u00e9dio foram aprovadas em 2017. &#8220;Nosso governo tem a miss\u00e3o de terminar o que os outros come\u00e7aram. Quando cheguei no MEC, encontrei um monte de coisas come\u00e7adas e n\u00e3o terminadas. Hoje, estamos aplicando algo criado em 2017 (novo ensino m\u00e9dio). \u00c9 uma promessa que estamos pagando, mas foi outro que fez.&#8221;<\/p>\n","protected":false},"excerpt":{"rendered":"<p>O Enem (Exame Nacional do Ensino M\u00e9dio) estar\u00e1 alinhado com as diretrizes curriculares do novo ensino m\u00e9dio a partir de 2024. \u00c9 o que define um cronograma publicado hoje pelo MEC (Minist\u00e9rio da Educa\u00e7\u00e3o).<\/p>\n","protected":false},"author":4,"featured_media":0,"comment_status":"closed","ping_status":"closed","sticky":false,"template":"","format":"standard","meta":{"footnotes":"","_links_to":"","_links_to_target":""},"categories":[9],"tags":[],"class_list":["post-14474","post","type-post","status-publish","format-standard","hentry","category-noticias-da-imprensa"],"yoast_head":"<!-- This site is optimized with the Yoast SEO plugin v15.1 - https:\/\/yoast.com\/wordpress\/plugins\/seo\/ -->\n<title>Enem alinhado com novo ensino m\u00e9dio ser\u00e1 aplicado a partir de 2024 &raquo; Abrelivros<\/title>\n<meta name=\"robots\" content=\"index, follow, max-snippet:-1, max-image-preview:large, max-video-preview:-1\" \/>\n<link rel=\"canonical\" href=\"https:\/\/abrelivros.org.br\/site\/enem-alinhado-com-novo-ensino-medio-sera-aplicado-a-partir-de-2024\/\" \/>\n<meta property=\"og:locale\" content=\"pt_BR\" \/>\n<meta property=\"og:type\" content=\"article\" \/>\n<meta property=\"og:title\" content=\"Enem alinhado com novo ensino m\u00e9dio ser\u00e1 aplicado a partir de 2024 &raquo; Abrelivros\" \/>\n<meta property=\"og:description\" content=\"O Enem (Exame Nacional do Ensino M\u00e9dio) estar\u00e1 alinhado com as diretrizes curriculares do novo ensino m\u00e9dio a partir de 2024. \u00c9 o que define um cronograma publicado hoje pelo MEC (Minist\u00e9rio da Educa\u00e7\u00e3o).\" \/>\n<meta property=\"og:url\" content=\"https:\/\/abrelivros.org.br\/site\/enem-alinhado-com-novo-ensino-medio-sera-aplicado-a-partir-de-2024\/\" \/>\n<meta property=\"og:site_name\" content=\"Abrelivros\" \/>\n<meta property=\"article:published_time\" content=\"2021-07-16T15:31:22+00:00\" \/>\n<meta name=\"twitter:card\" content=\"summary_large_image\" \/>\n<script type=\"application\/ld+json\" class=\"yoast-schema-graph\">{\"@context\":\"https:\/\/schema.org\",\"@graph\":[{\"@type\":\"WebSite\",\"@id\":\"https:\/\/abrelivros.org.br\/site\/#website\",\"url\":\"https:\/\/abrelivros.org.br\/site\/\",\"name\":\"Abrelivros\",\"description\":\"\",\"potentialAction\":[{\"@type\":\"SearchAction\",\"target\":\"https:\/\/abrelivros.org.br\/site\/?s={search_term_string}\",\"query-input\":\"required name=search_term_string\"}],\"inLanguage\":\"pt-BR\"},{\"@type\":\"WebPage\",\"@id\":\"https:\/\/abrelivros.org.br\/site\/enem-alinhado-com-novo-ensino-medio-sera-aplicado-a-partir-de-2024\/#webpage\",\"url\":\"https:\/\/abrelivros.org.br\/site\/enem-alinhado-com-novo-ensino-medio-sera-aplicado-a-partir-de-2024\/\",\"name\":\"Enem alinhado com novo ensino m\\u00e9dio ser\\u00e1 aplicado a partir de 2024 &raquo; Abrelivros\",\"isPartOf\":{\"@id\":\"https:\/\/abrelivros.org.br\/site\/#website\"},\"datePublished\":\"2021-07-16T15:31:22+00:00\",\"dateModified\":\"2021-07-16T15:31:22+00:00\",\"author\":{\"@id\":\"https:\/\/abrelivros.org.br\/site\/#\/schema\/person\/65db80e26409802ce15ac5feec6a15fd\"},\"breadcrumb\":{\"@id\":\"https:\/\/abrelivros.org.br\/site\/enem-alinhado-com-novo-ensino-medio-sera-aplicado-a-partir-de-2024\/#breadcrumb\"},\"inLanguage\":\"pt-BR\",\"potentialAction\":[{\"@type\":\"ReadAction\",\"target\":[\"https:\/\/abrelivros.org.br\/site\/enem-alinhado-com-novo-ensino-medio-sera-aplicado-a-partir-de-2024\/\"]}]},{\"@type\":\"BreadcrumbList\",\"@id\":\"https:\/\/abrelivros.org.br\/site\/enem-alinhado-com-novo-ensino-medio-sera-aplicado-a-partir-de-2024\/#breadcrumb\",\"itemListElement\":[{\"@type\":\"ListItem\",\"position\":1,\"item\":{\"@type\":\"WebPage\",\"@id\":\"https:\/\/abrelivros.org.br\/site\/\",\"url\":\"https:\/\/abrelivros.org.br\/site\/\",\"name\":\"In\\u00edcio\"}},{\"@type\":\"ListItem\",\"position\":2,\"item\":{\"@type\":\"WebPage\",\"@id\":\"https:\/\/abrelivros.org.br\/site\/category\/noticias\/\",\"url\":\"https:\/\/abrelivros.org.br\/site\/category\/noticias\/\",\"name\":\"Not\\u00edcias\"}},{\"@type\":\"ListItem\",\"position\":3,\"item\":{\"@type\":\"WebPage\",\"@id\":\"https:\/\/abrelivros.org.br\/site\/category\/noticias\/noticias-da-imprensa\/\",\"url\":\"https:\/\/abrelivros.org.br\/site\/category\/noticias\/noticias-da-imprensa\/\",\"name\":\"Not\\u00edcias da imprensa\"}},{\"@type\":\"ListItem\",\"position\":4,\"item\":{\"@type\":\"WebPage\",\"@id\":\"https:\/\/abrelivros.org.br\/site\/enem-alinhado-com-novo-ensino-medio-sera-aplicado-a-partir-de-2024\/\",\"url\":\"https:\/\/abrelivros.org.br\/site\/enem-alinhado-com-novo-ensino-medio-sera-aplicado-a-partir-de-2024\/\",\"name\":\"Enem alinhado com novo ensino m\\u00e9dio ser\\u00e1 aplicado a partir de 2024\"}}]},{\"@type\":\"Person\",\"@id\":\"https:\/\/abrelivros.org.br\/site\/#\/schema\/person\/65db80e26409802ce15ac5feec6a15fd\",\"name\":\"Reda\\u00e7\\u00e3o Abrelivros\",\"image\":{\"@type\":\"ImageObject\",\"@id\":\"https:\/\/abrelivros.org.br\/site\/#personlogo\",\"inLanguage\":\"pt-BR\",\"url\":\"https:\/\/secure.gravatar.com\/avatar\/c4e57f9c7e3482965bd428192061218520756c39080b1d1820b679fa5e9af192?s=96&d=mm&r=g\",\"caption\":\"Reda\\u00e7\\u00e3o Abrelivros\"}}]}<\/script>\n<!-- \/ Yoast SEO plugin. -->","_links":{"self":[{"href":"https:\/\/abrelivros.org.br\/site\/wp-json\/wp\/v2\/posts\/14474","targetHints":{"allow":["GET"]}}],"collection":[{"href":"https:\/\/abrelivros.org.br\/site\/wp-json\/wp\/v2\/posts"}],"about":[{"href":"https:\/\/abrelivros.org.br\/site\/wp-json\/wp\/v2\/types\/post"}],"author":[{"embeddable":true,"href":"https:\/\/abrelivros.org.br\/site\/wp-json\/wp\/v2\/users\/4"}],"replies":[{"embeddable":true,"href":"https:\/\/abrelivros.org.br\/site\/wp-json\/wp\/v2\/comments?post=14474"}],"version-history":[{"count":1,"href":"https:\/\/abrelivros.org.br\/site\/wp-json\/wp\/v2\/posts\/14474\/revisions"}],"predecessor-version":[{"id":14475,"href":"https:\/\/abrelivros.org.br\/site\/wp-json\/wp\/v2\/posts\/14474\/revisions\/14475"}],"wp:attachment":[{"href":"https:\/\/abrelivros.org.br\/site\/wp-json\/wp\/v2\/media?parent=14474"}],"wp:term":[{"taxonomy":"category","embeddable":true,"href":"https:\/\/abrelivros.org.br\/site\/wp-json\/wp\/v2\/categories?post=14474"},{"taxonomy":"post_tag","embeddable":true,"href":"https:\/\/abrelivros.org.br\/site\/wp-json\/wp\/v2\/tags?post=14474"}],"curies":[{"name":"wp","href":"https:\/\/api.w.org\/{rel}","templated":true}]}}