{"id":14472,"date":"2021-07-15T15:33:33","date_gmt":"2021-07-15T18:33:33","guid":{"rendered":"https:\/\/abrelivros.org.br\/site\/?p=14472"},"modified":"2021-07-15T15:33:33","modified_gmt":"2021-07-15T18:33:33","slug":"nielsen-em-relacao-a-2020-varejo-de-livros-continua-em-alta","status":"publish","type":"post","link":"https:\/\/abrelivros.org.br\/site\/nielsen-em-relacao-a-2020-varejo-de-livros-continua-em-alta\/","title":{"rendered":"Nielsen: Em rela\u00e7\u00e3o a 2020, varejo de livros continua em alta"},"content":{"rendered":"<p>Chegando na metade do ano, os resultados do 6\u00ba Painel do Varejo de Livros no Brasil \u2013 referente ao intervalo entre 24 de maio e 20 de junho \u2013 mostram que a performance do mercado livreiro continua em alta em 2021 no comparativo como ano passado.<!--more--> No acumulado do ano, o estudo realizado pela Nielsen mostra uma varia\u00e7\u00e3o positiva de 46,52% em volume e de 36,96% em valor. Em n\u00fameros absolutos, significa que neste ano, foram vendidos at\u00e9 agora, 23,3 milh\u00f5es de unidades, contra 15,9 milh\u00f5es em 2020, quando os estabelecimentos sentiam os efeitos das medidas de restri\u00e7\u00e3o adotadas pela pandemia. Em valor, a diferen\u00e7a \u00e9 de R$ 998,4 milh\u00f5es em 2021, contra R$ 729 milh\u00f5es em 2020.<br \/>\nNa compara\u00e7\u00e3o com o mesmo intervalo do ano passado, o estudo tamb\u00e9m apresenta um crescimento. Os estabelecimentos monitorados pela Nielsen venderam 3,7 milh\u00f5es de unidades, pouco mais de um milh\u00e3o em rela\u00e7\u00e3o a 2020, o que resulta numa varia\u00e7\u00e3o positiva de 38%. O faturamento bateu R$ 149,9 milh\u00f5es contra R$ 109 milh\u00f5es do ano anterior, ou seja, um crescimento de 37,5%.<\/p>\n<p>O relat\u00f3rio encomendado pelo Sindicato Nacional dos Editores de Livros (SNEL), tamb\u00e9m traz a compara\u00e7\u00e3o com o m\u00eas anterior. Nesse cen\u00e1rio, o que se v\u00ea \u00e9 uma leve desacelera\u00e7\u00e3o de 6,18% em volume e 5,75% em valor. Ou seja, foram 3,9 milh\u00f5es de unidades vendidas em maio, contra 3,7 em junho. Em rela\u00e7\u00e3o ao faturamento, maio bateu os R$ 159 milh\u00f5es, contra R$ 149 milh\u00f5es em junho. Segundo a an\u00e1lise feita pelo estudo, essa redu\u00e7\u00e3o se deve \u00e0 aus\u00eancia de uma efem\u00e9ride comercial no m\u00eas de junho, enquanto em maio as vendas de livros foram aquecidas pelo Dia das M\u00e3es.<\/p>\n<p>A an\u00e1lise completa do relat\u00f3rio pode ser lida na mat\u00e9ria que est\u00e1 no PublishNews+, a \u00e1rea exclusiva para assinantes do PN. Os artigos est\u00e3o dispon\u00edveis gratuitamente na plataforma e para acess\u00e1-los \u00e9 preciso fazer um cadastro pr\u00e9vio <a href=\"https:\/\/pnmais.com\/minha-conta\/\" target=\"_blank\" rel=\"noopener noreferrer\">clicando aqui<\/a>. Com o cadastro feito e logado na plataforma, voc\u00ea poder\u00e1 ler o artigo <a href=\"https:\/\/pnmais.com\/assinaturas\/?r=2218&amp;wcm_redirect_to=post&amp;wcm_redirect_id=2218\" target=\"_blank\" rel=\"noopener noreferrer\">clicando aqui<\/a>.<\/p>\n","protected":false},"excerpt":{"rendered":"<p>Chegando na metade do ano, os resultados do 6\u00ba Painel do Varejo de Livros no Brasil \u2013 referente ao intervalo entre 24 de maio e 20 de junho \u2013 mostram que a performance do mercado livreiro continua em alta em 2021 no comparativo como ano passado.<\/p>\n","protected":false},"author":4,"featured_media":0,"comment_status":"closed","ping_status":"closed","sticky":false,"template":"","format":"standard","meta":{"footnotes":"","_links_to":"","_links_to_target":""},"categories":[9],"tags":[],"class_list":["post-14472","post","type-post","status-publish","format-standard","hentry","category-noticias-da-imprensa"],"yoast_head":"<!-- This site is optimized with the Yoast SEO plugin v15.1 - https:\/\/yoast.com\/wordpress\/plugins\/seo\/ -->\n<title>Nielsen: Em rela\u00e7\u00e3o a 2020, varejo de livros continua em alta &raquo; Abrelivros<\/title>\n<meta name=\"robots\" content=\"index, follow, max-snippet:-1, max-image-preview:large, max-video-preview:-1\" \/>\n<link rel=\"canonical\" href=\"https:\/\/abrelivros.org.br\/site\/nielsen-em-relacao-a-2020-varejo-de-livros-continua-em-alta\/\" \/>\n<meta property=\"og:locale\" content=\"pt_BR\" \/>\n<meta property=\"og:type\" content=\"article\" \/>\n<meta property=\"og:title\" content=\"Nielsen: Em rela\u00e7\u00e3o a 2020, varejo de livros continua em alta &raquo; Abrelivros\" \/>\n<meta property=\"og:description\" content=\"Chegando na metade do ano, os resultados do 6\u00ba Painel do Varejo de Livros no Brasil \u2013 referente ao intervalo entre 24 de maio e 20 de junho \u2013 mostram que a performance do mercado livreiro continua em alta em 2021 no comparativo como ano passado.\" \/>\n<meta property=\"og:url\" content=\"https:\/\/abrelivros.org.br\/site\/nielsen-em-relacao-a-2020-varejo-de-livros-continua-em-alta\/\" \/>\n<meta property=\"og:site_name\" content=\"Abrelivros\" \/>\n<meta property=\"article:published_time\" content=\"2021-07-15T18:33:33+00:00\" \/>\n<meta name=\"twitter:card\" content=\"summary_large_image\" \/>\n<script type=\"application\/ld+json\" class=\"yoast-schema-graph\">{\"@context\":\"https:\/\/schema.org\",\"@graph\":[{\"@type\":\"WebSite\",\"@id\":\"https:\/\/abrelivros.org.br\/site\/#website\",\"url\":\"https:\/\/abrelivros.org.br\/site\/\",\"name\":\"Abrelivros\",\"description\":\"\",\"potentialAction\":[{\"@type\":\"SearchAction\",\"target\":\"https:\/\/abrelivros.org.br\/site\/?s={search_term_string}\",\"query-input\":\"required name=search_term_string\"}],\"inLanguage\":\"pt-BR\"},{\"@type\":\"WebPage\",\"@id\":\"https:\/\/abrelivros.org.br\/site\/nielsen-em-relacao-a-2020-varejo-de-livros-continua-em-alta\/#webpage\",\"url\":\"https:\/\/abrelivros.org.br\/site\/nielsen-em-relacao-a-2020-varejo-de-livros-continua-em-alta\/\",\"name\":\"Nielsen: Em rela\\u00e7\\u00e3o a 2020, varejo de livros continua em alta &raquo; Abrelivros\",\"isPartOf\":{\"@id\":\"https:\/\/abrelivros.org.br\/site\/#website\"},\"datePublished\":\"2021-07-15T18:33:33+00:00\",\"dateModified\":\"2021-07-15T18:33:33+00:00\",\"author\":{\"@id\":\"https:\/\/abrelivros.org.br\/site\/#\/schema\/person\/65db80e26409802ce15ac5feec6a15fd\"},\"breadcrumb\":{\"@id\":\"https:\/\/abrelivros.org.br\/site\/nielsen-em-relacao-a-2020-varejo-de-livros-continua-em-alta\/#breadcrumb\"},\"inLanguage\":\"pt-BR\",\"potentialAction\":[{\"@type\":\"ReadAction\",\"target\":[\"https:\/\/abrelivros.org.br\/site\/nielsen-em-relacao-a-2020-varejo-de-livros-continua-em-alta\/\"]}]},{\"@type\":\"BreadcrumbList\",\"@id\":\"https:\/\/abrelivros.org.br\/site\/nielsen-em-relacao-a-2020-varejo-de-livros-continua-em-alta\/#breadcrumb\",\"itemListElement\":[{\"@type\":\"ListItem\",\"position\":1,\"item\":{\"@type\":\"WebPage\",\"@id\":\"https:\/\/abrelivros.org.br\/site\/\",\"url\":\"https:\/\/abrelivros.org.br\/site\/\",\"name\":\"In\\u00edcio\"}},{\"@type\":\"ListItem\",\"position\":2,\"item\":{\"@type\":\"WebPage\",\"@id\":\"https:\/\/abrelivros.org.br\/site\/category\/noticias\/\",\"url\":\"https:\/\/abrelivros.org.br\/site\/category\/noticias\/\",\"name\":\"Not\\u00edcias\"}},{\"@type\":\"ListItem\",\"position\":3,\"item\":{\"@type\":\"WebPage\",\"@id\":\"https:\/\/abrelivros.org.br\/site\/category\/noticias\/noticias-da-imprensa\/\",\"url\":\"https:\/\/abrelivros.org.br\/site\/category\/noticias\/noticias-da-imprensa\/\",\"name\":\"Not\\u00edcias da imprensa\"}},{\"@type\":\"ListItem\",\"position\":4,\"item\":{\"@type\":\"WebPage\",\"@id\":\"https:\/\/abrelivros.org.br\/site\/nielsen-em-relacao-a-2020-varejo-de-livros-continua-em-alta\/\",\"url\":\"https:\/\/abrelivros.org.br\/site\/nielsen-em-relacao-a-2020-varejo-de-livros-continua-em-alta\/\",\"name\":\"Nielsen: Em rela\\u00e7\\u00e3o a 2020, varejo de livros continua em alta\"}}]},{\"@type\":\"Person\",\"@id\":\"https:\/\/abrelivros.org.br\/site\/#\/schema\/person\/65db80e26409802ce15ac5feec6a15fd\",\"name\":\"Reda\\u00e7\\u00e3o Abrelivros\",\"image\":{\"@type\":\"ImageObject\",\"@id\":\"https:\/\/abrelivros.org.br\/site\/#personlogo\",\"inLanguage\":\"pt-BR\",\"url\":\"https:\/\/secure.gravatar.com\/avatar\/c4e57f9c7e3482965bd428192061218520756c39080b1d1820b679fa5e9af192?s=96&d=mm&r=g\",\"caption\":\"Reda\\u00e7\\u00e3o Abrelivros\"}}]}<\/script>\n<!-- \/ Yoast SEO plugin. -->","_links":{"self":[{"href":"https:\/\/abrelivros.org.br\/site\/wp-json\/wp\/v2\/posts\/14472","targetHints":{"allow":["GET"]}}],"collection":[{"href":"https:\/\/abrelivros.org.br\/site\/wp-json\/wp\/v2\/posts"}],"about":[{"href":"https:\/\/abrelivros.org.br\/site\/wp-json\/wp\/v2\/types\/post"}],"author":[{"embeddable":true,"href":"https:\/\/abrelivros.org.br\/site\/wp-json\/wp\/v2\/users\/4"}],"replies":[{"embeddable":true,"href":"https:\/\/abrelivros.org.br\/site\/wp-json\/wp\/v2\/comments?post=14472"}],"version-history":[{"count":1,"href":"https:\/\/abrelivros.org.br\/site\/wp-json\/wp\/v2\/posts\/14472\/revisions"}],"predecessor-version":[{"id":14473,"href":"https:\/\/abrelivros.org.br\/site\/wp-json\/wp\/v2\/posts\/14472\/revisions\/14473"}],"wp:attachment":[{"href":"https:\/\/abrelivros.org.br\/site\/wp-json\/wp\/v2\/media?parent=14472"}],"wp:term":[{"taxonomy":"category","embeddable":true,"href":"https:\/\/abrelivros.org.br\/site\/wp-json\/wp\/v2\/categories?post=14472"},{"taxonomy":"post_tag","embeddable":true,"href":"https:\/\/abrelivros.org.br\/site\/wp-json\/wp\/v2\/tags?post=14472"}],"curies":[{"name":"wp","href":"https:\/\/api.w.org\/{rel}","templated":true}]}}