{"id":14470,"date":"2021-07-15T15:31:30","date_gmt":"2021-07-15T18:31:30","guid":{"rendered":"https:\/\/abrelivros.org.br\/site\/?p=14470"},"modified":"2021-07-15T15:31:30","modified_gmt":"2021-07-15T18:31:30","slug":"jornada-pedagogica-2021-comeca-na-proxima-semana","status":"publish","type":"post","link":"https:\/\/abrelivros.org.br\/site\/jornada-pedagogica-2021-comeca-na-proxima-semana\/","title":{"rendered":"Jornada pedag\u00f3gica 2021 come\u00e7a na pr\u00f3xima semana"},"content":{"rendered":"<p>A Companhia na Educa\u00e7\u00e3o \u2013 n\u00facleo do Grupo Companhia das Letras respons\u00e1vel por fomentar a \u00e1rea educacional, oferecendo servi\u00e7os pedag\u00f3gicos e produzindo eventos e materiais destinados \u00e0 comunidade escolar, inicia na pr\u00f3xima segunda (19), a sua Jornada pedag\u00f3gica.<!--more--> Com o tem A forma\u00e7\u00e3o de leitores na escola \u2013 reflex\u00f5es sobre o curr\u00edculo de leitura, o evento digital e gratuito acontecer\u00e1 at\u00e9 o dia 23 e contar\u00e1 com 13 encontros trazendo conceitos e pr\u00e1ticas, organizados por etapa escolar, al\u00e9m de projetos tem\u00e1ticos e encontros com formadores e especialistas. Haver\u00e1, por exemplo, mesas voltadas para a forma\u00e7\u00e3o de leitores na escola e reflex\u00f5es sobre o curr\u00edculo de leitura vinculado \u00e0 BNCC, conta\u00e7\u00f5es de hist\u00f3rias e bate-papo com pesquisadores, editores e autores como Jeferson Ten\u00f3rio e Milton Hatoum. A transmiss\u00e3o dos encontros acontecer\u00e1 pelo <a href=\"https:\/\/www.youtube.com\/channel\/UCjfGJJCC_dTlL1SUHZWXKvA\" target=\"_blank\" rel=\"noopener noreferrer\">Canal LetrinhaZ<\/a> e Facebook da <a href=\"https:\/\/www.facebook.com\/companhianaeducacao\" target=\"_blank\" rel=\"noopener noreferrer\">Companhia na Educa\u00e7\u00e3o<\/a>. Informa\u00e7\u00f5es sobre como se inscrever e a programa\u00e7\u00e3o completa voc\u00ea encontra <a href=\"https:\/\/www.companhiadasletras.com.br\/sala_professor\/JornadaPedagogica\/\" target=\"_blank\" rel=\"noopener noreferrer\">clicando aqui<\/a>.<\/p>\n","protected":false},"excerpt":{"rendered":"<p>A Companhia na Educa\u00e7\u00e3o \u2013 n\u00facleo do Grupo Companhia das Letras respons\u00e1vel por fomentar a \u00e1rea educacional, oferecendo servi\u00e7os pedag\u00f3gicos e produzindo eventos e materiais destinados \u00e0 comunidade escolar, inicia na pr\u00f3xima segunda (19), a sua Jornada pedag\u00f3gica.<\/p>\n","protected":false},"author":4,"featured_media":0,"comment_status":"closed","ping_status":"closed","sticky":false,"template":"","format":"standard","meta":{"footnotes":"","_links_to":"","_links_to_target":""},"categories":[9],"tags":[],"class_list":["post-14470","post","type-post","status-publish","format-standard","hentry","category-noticias-da-imprensa"],"yoast_head":"<!-- This site is optimized with the Yoast SEO plugin v15.1 - https:\/\/yoast.com\/wordpress\/plugins\/seo\/ -->\n<title>Jornada pedag\u00f3gica 2021 come\u00e7a na pr\u00f3xima semana &raquo; Abrelivros<\/title>\n<meta name=\"robots\" content=\"index, follow, max-snippet:-1, max-image-preview:large, max-video-preview:-1\" \/>\n<link rel=\"canonical\" href=\"https:\/\/abrelivros.org.br\/site\/jornada-pedagogica-2021-comeca-na-proxima-semana\/\" \/>\n<meta property=\"og:locale\" content=\"pt_BR\" \/>\n<meta property=\"og:type\" content=\"article\" \/>\n<meta property=\"og:title\" content=\"Jornada pedag\u00f3gica 2021 come\u00e7a na pr\u00f3xima semana &raquo; Abrelivros\" \/>\n<meta property=\"og:description\" content=\"A Companhia na Educa\u00e7\u00e3o \u2013 n\u00facleo do Grupo Companhia das Letras respons\u00e1vel por fomentar a \u00e1rea educacional, oferecendo servi\u00e7os pedag\u00f3gicos e produzindo eventos e materiais destinados \u00e0 comunidade escolar, inicia na pr\u00f3xima segunda (19), a sua Jornada pedag\u00f3gica.\" \/>\n<meta property=\"og:url\" content=\"https:\/\/abrelivros.org.br\/site\/jornada-pedagogica-2021-comeca-na-proxima-semana\/\" \/>\n<meta property=\"og:site_name\" content=\"Abrelivros\" \/>\n<meta property=\"article:published_time\" content=\"2021-07-15T18:31:30+00:00\" \/>\n<meta name=\"twitter:card\" content=\"summary_large_image\" \/>\n<script type=\"application\/ld+json\" class=\"yoast-schema-graph\">{\"@context\":\"https:\/\/schema.org\",\"@graph\":[{\"@type\":\"WebSite\",\"@id\":\"https:\/\/abrelivros.org.br\/site\/#website\",\"url\":\"https:\/\/abrelivros.org.br\/site\/\",\"name\":\"Abrelivros\",\"description\":\"\",\"potentialAction\":[{\"@type\":\"SearchAction\",\"target\":\"https:\/\/abrelivros.org.br\/site\/?s={search_term_string}\",\"query-input\":\"required name=search_term_string\"}],\"inLanguage\":\"pt-BR\"},{\"@type\":\"WebPage\",\"@id\":\"https:\/\/abrelivros.org.br\/site\/jornada-pedagogica-2021-comeca-na-proxima-semana\/#webpage\",\"url\":\"https:\/\/abrelivros.org.br\/site\/jornada-pedagogica-2021-comeca-na-proxima-semana\/\",\"name\":\"Jornada pedag\\u00f3gica 2021 come\\u00e7a na pr\\u00f3xima semana &raquo; Abrelivros\",\"isPartOf\":{\"@id\":\"https:\/\/abrelivros.org.br\/site\/#website\"},\"datePublished\":\"2021-07-15T18:31:30+00:00\",\"dateModified\":\"2021-07-15T18:31:30+00:00\",\"author\":{\"@id\":\"https:\/\/abrelivros.org.br\/site\/#\/schema\/person\/65db80e26409802ce15ac5feec6a15fd\"},\"breadcrumb\":{\"@id\":\"https:\/\/abrelivros.org.br\/site\/jornada-pedagogica-2021-comeca-na-proxima-semana\/#breadcrumb\"},\"inLanguage\":\"pt-BR\",\"potentialAction\":[{\"@type\":\"ReadAction\",\"target\":[\"https:\/\/abrelivros.org.br\/site\/jornada-pedagogica-2021-comeca-na-proxima-semana\/\"]}]},{\"@type\":\"BreadcrumbList\",\"@id\":\"https:\/\/abrelivros.org.br\/site\/jornada-pedagogica-2021-comeca-na-proxima-semana\/#breadcrumb\",\"itemListElement\":[{\"@type\":\"ListItem\",\"position\":1,\"item\":{\"@type\":\"WebPage\",\"@id\":\"https:\/\/abrelivros.org.br\/site\/\",\"url\":\"https:\/\/abrelivros.org.br\/site\/\",\"name\":\"In\\u00edcio\"}},{\"@type\":\"ListItem\",\"position\":2,\"item\":{\"@type\":\"WebPage\",\"@id\":\"https:\/\/abrelivros.org.br\/site\/category\/noticias\/\",\"url\":\"https:\/\/abrelivros.org.br\/site\/category\/noticias\/\",\"name\":\"Not\\u00edcias\"}},{\"@type\":\"ListItem\",\"position\":3,\"item\":{\"@type\":\"WebPage\",\"@id\":\"https:\/\/abrelivros.org.br\/site\/category\/noticias\/noticias-da-imprensa\/\",\"url\":\"https:\/\/abrelivros.org.br\/site\/category\/noticias\/noticias-da-imprensa\/\",\"name\":\"Not\\u00edcias da imprensa\"}},{\"@type\":\"ListItem\",\"position\":4,\"item\":{\"@type\":\"WebPage\",\"@id\":\"https:\/\/abrelivros.org.br\/site\/jornada-pedagogica-2021-comeca-na-proxima-semana\/\",\"url\":\"https:\/\/abrelivros.org.br\/site\/jornada-pedagogica-2021-comeca-na-proxima-semana\/\",\"name\":\"Jornada pedag\\u00f3gica 2021 come\\u00e7a na pr\\u00f3xima semana\"}}]},{\"@type\":\"Person\",\"@id\":\"https:\/\/abrelivros.org.br\/site\/#\/schema\/person\/65db80e26409802ce15ac5feec6a15fd\",\"name\":\"Reda\\u00e7\\u00e3o Abrelivros\",\"image\":{\"@type\":\"ImageObject\",\"@id\":\"https:\/\/abrelivros.org.br\/site\/#personlogo\",\"inLanguage\":\"pt-BR\",\"url\":\"https:\/\/secure.gravatar.com\/avatar\/c4e57f9c7e3482965bd428192061218520756c39080b1d1820b679fa5e9af192?s=96&d=mm&r=g\",\"caption\":\"Reda\\u00e7\\u00e3o Abrelivros\"}}]}<\/script>\n<!-- \/ Yoast SEO plugin. -->","_links":{"self":[{"href":"https:\/\/abrelivros.org.br\/site\/wp-json\/wp\/v2\/posts\/14470","targetHints":{"allow":["GET"]}}],"collection":[{"href":"https:\/\/abrelivros.org.br\/site\/wp-json\/wp\/v2\/posts"}],"about":[{"href":"https:\/\/abrelivros.org.br\/site\/wp-json\/wp\/v2\/types\/post"}],"author":[{"embeddable":true,"href":"https:\/\/abrelivros.org.br\/site\/wp-json\/wp\/v2\/users\/4"}],"replies":[{"embeddable":true,"href":"https:\/\/abrelivros.org.br\/site\/wp-json\/wp\/v2\/comments?post=14470"}],"version-history":[{"count":1,"href":"https:\/\/abrelivros.org.br\/site\/wp-json\/wp\/v2\/posts\/14470\/revisions"}],"predecessor-version":[{"id":14471,"href":"https:\/\/abrelivros.org.br\/site\/wp-json\/wp\/v2\/posts\/14470\/revisions\/14471"}],"wp:attachment":[{"href":"https:\/\/abrelivros.org.br\/site\/wp-json\/wp\/v2\/media?parent=14470"}],"wp:term":[{"taxonomy":"category","embeddable":true,"href":"https:\/\/abrelivros.org.br\/site\/wp-json\/wp\/v2\/categories?post=14470"},{"taxonomy":"post_tag","embeddable":true,"href":"https:\/\/abrelivros.org.br\/site\/wp-json\/wp\/v2\/tags?post=14470"}],"curies":[{"name":"wp","href":"https:\/\/api.w.org\/{rel}","templated":true}]}}