{"id":14463,"date":"2021-07-15T15:21:27","date_gmt":"2021-07-15T18:21:27","guid":{"rendered":"https:\/\/abrelivros.org.br\/site\/?p=14463"},"modified":"2021-07-15T15:21:27","modified_gmt":"2021-07-15T18:21:27","slug":"ribeiro-pede-apoio-de-professores-para-retorno-as-aulas","status":"publish","type":"post","link":"https:\/\/abrelivros.org.br\/site\/ribeiro-pede-apoio-de-professores-para-retorno-as-aulas\/","title":{"rendered":"Ribeiro pede apoio de professores para retorno \u00e0s aulas"},"content":{"rendered":"<p>O ministro da Educa\u00e7\u00e3o, Milton Ribeiro, pediu hoje (14), durante o lan\u00e7amento das a\u00e7\u00f5es previstas para o novo ensino m\u00e9dio, o apoio de professores para o retorno \u00e0s aulas dos estudantes brasileiros. \u201cPrecisamos dar uma resposta a nossos jovens no presente e no futuro. N\u00e3o podemos abandon\u00e1-los com escolas fechadas\u201d, disse o ministro.<!--more--><\/p>\n<p>Durante o evento, foi anunciado o cronograma de implementa\u00e7\u00e3o do projeto que abranger\u00e1 todas as escolas p\u00fablicas e privadas do pa\u00eds. A implementa\u00e7\u00e3o do novo ensino m\u00e9dio ser\u00e1 feita de forma progressiva, a partir de 2022, nas 1\u00aa s\u00e9ries do ensino m\u00e9dio. De acordo com o Minist\u00e9rio da Educa\u00e7\u00e3o (MEC), em 2023 as mudan\u00e7as abranger\u00e3o as tr\u00eas s\u00e9ries do ensino m\u00e9dio em 2024.<\/p>\n<p>Segundo Ribeiro, o sucesso na implanta\u00e7\u00e3o do novo ensino m\u00e9dio tamb\u00e9m precisar\u00e1 do apoio dos profissionais da educa\u00e7\u00e3o para alcan\u00e7ar seu sucesso. \u201cEu acredito no projeto e que, l\u00e1 na ponta, professores e diretores e secret\u00e1rios s\u00e3o os grandes respons\u00e1veis para que esse novo ensino m\u00e9dio possa acontecer e ser um sucesso para os nossos jovens e para o nosso Brasil\u201d, disse o ministro.<\/p>\n<p>De acordo com o MEC, a nova organiza\u00e7\u00e3o do ensino m\u00e9dio amplia a carga hor\u00e1ria total de 2,4 mil horas para 3 mil horas. Por meio de uma nova estrutura curricular, possibilitar\u00e1 a oferta de \u201cdiferentes itiner\u00e1rios formativos conforme o contexto no qual a escola est\u00e1 inserida e de acordo com as necessidades e interesses dos estudantes\u201d.<\/p>\n<p>O cronograma apresentado pelo minist\u00e9rio prev\u00ea calend\u00e1rios que ampliar\u00e3o a carga hor\u00e1ria para 1 mil horas anuais nas unidades escolares de ensino m\u00e9dio; prazos para a implementa\u00e7\u00e3o dos novos curr\u00edculos, alinhados \u00e0 Base Nacional Comum Curricular (BNCC) e aos itiner\u00e1rios formativos.<\/p>\n<p>Prev\u00ea tamb\u00e9m o estabelecimento de cronogramas referentes aos materiais e recursos did\u00e1ticos, via Programa Nacional do Livro Did\u00e1tico (PNLD), bem como para atualiza\u00e7\u00f5es das matrizes do Ensino M\u00e9dio em Tempo Integral (EMTI), do Sistema de Avalia\u00e7\u00e3o da Educa\u00e7\u00e3o B\u00e1sica (Saeb) e da matriz de avalia\u00e7\u00e3o do Novo Exame Nacional do Ensino M\u00e9dio (Enem).<\/p>\n","protected":false},"excerpt":{"rendered":"<p>O ministro da Educa\u00e7\u00e3o, Milton Ribeiro, pediu hoje (14), durante o lan\u00e7amento das a\u00e7\u00f5es previstas para o novo ensino m\u00e9dio, o apoio de professores para o retorno \u00e0s aulas dos estudantes brasileiros. \u201cPrecisamos dar uma resposta a nossos jovens no presente e no futuro. N\u00e3o podemos abandon\u00e1-los com escolas fechadas\u201d, disse o ministro.<\/p>\n","protected":false},"author":4,"featured_media":0,"comment_status":"closed","ping_status":"closed","sticky":false,"template":"","format":"standard","meta":{"footnotes":"","_links_to":"","_links_to_target":""},"categories":[9,10],"tags":[],"class_list":["post-14463","post","type-post","status-publish","format-standard","hentry","category-noticias-da-imprensa","category-pnld-programa-nacional-do-livro-e-do-material-didatico"],"yoast_head":"<!-- This site is optimized with the Yoast SEO plugin v15.1 - https:\/\/yoast.com\/wordpress\/plugins\/seo\/ -->\n<title>Ribeiro pede apoio de professores para retorno \u00e0s aulas &raquo; Abrelivros<\/title>\n<meta name=\"robots\" content=\"index, follow, max-snippet:-1, max-image-preview:large, max-video-preview:-1\" \/>\n<link rel=\"canonical\" href=\"https:\/\/abrelivros.org.br\/site\/ribeiro-pede-apoio-de-professores-para-retorno-as-aulas\/\" \/>\n<meta property=\"og:locale\" content=\"pt_BR\" \/>\n<meta property=\"og:type\" content=\"article\" \/>\n<meta property=\"og:title\" content=\"Ribeiro pede apoio de professores para retorno \u00e0s aulas &raquo; Abrelivros\" \/>\n<meta property=\"og:description\" content=\"O ministro da Educa\u00e7\u00e3o, Milton Ribeiro, pediu hoje (14), durante o lan\u00e7amento das a\u00e7\u00f5es previstas para o novo ensino m\u00e9dio, o apoio de professores para o retorno \u00e0s aulas dos estudantes brasileiros. \u201cPrecisamos dar uma resposta a nossos jovens no presente e no futuro. N\u00e3o podemos abandon\u00e1-los com escolas fechadas\u201d, disse o ministro.\" \/>\n<meta property=\"og:url\" content=\"https:\/\/abrelivros.org.br\/site\/ribeiro-pede-apoio-de-professores-para-retorno-as-aulas\/\" \/>\n<meta property=\"og:site_name\" content=\"Abrelivros\" \/>\n<meta property=\"article:published_time\" content=\"2021-07-15T18:21:27+00:00\" \/>\n<meta name=\"twitter:card\" content=\"summary_large_image\" \/>\n<script type=\"application\/ld+json\" class=\"yoast-schema-graph\">{\"@context\":\"https:\/\/schema.org\",\"@graph\":[{\"@type\":\"WebSite\",\"@id\":\"https:\/\/abrelivros.org.br\/site\/#website\",\"url\":\"https:\/\/abrelivros.org.br\/site\/\",\"name\":\"Abrelivros\",\"description\":\"\",\"potentialAction\":[{\"@type\":\"SearchAction\",\"target\":\"https:\/\/abrelivros.org.br\/site\/?s={search_term_string}\",\"query-input\":\"required name=search_term_string\"}],\"inLanguage\":\"pt-BR\"},{\"@type\":\"WebPage\",\"@id\":\"https:\/\/abrelivros.org.br\/site\/ribeiro-pede-apoio-de-professores-para-retorno-as-aulas\/#webpage\",\"url\":\"https:\/\/abrelivros.org.br\/site\/ribeiro-pede-apoio-de-professores-para-retorno-as-aulas\/\",\"name\":\"Ribeiro pede apoio de professores para retorno \\u00e0s aulas &raquo; Abrelivros\",\"isPartOf\":{\"@id\":\"https:\/\/abrelivros.org.br\/site\/#website\"},\"datePublished\":\"2021-07-15T18:21:27+00:00\",\"dateModified\":\"2021-07-15T18:21:27+00:00\",\"author\":{\"@id\":\"https:\/\/abrelivros.org.br\/site\/#\/schema\/person\/65db80e26409802ce15ac5feec6a15fd\"},\"breadcrumb\":{\"@id\":\"https:\/\/abrelivros.org.br\/site\/ribeiro-pede-apoio-de-professores-para-retorno-as-aulas\/#breadcrumb\"},\"inLanguage\":\"pt-BR\",\"potentialAction\":[{\"@type\":\"ReadAction\",\"target\":[\"https:\/\/abrelivros.org.br\/site\/ribeiro-pede-apoio-de-professores-para-retorno-as-aulas\/\"]}]},{\"@type\":\"BreadcrumbList\",\"@id\":\"https:\/\/abrelivros.org.br\/site\/ribeiro-pede-apoio-de-professores-para-retorno-as-aulas\/#breadcrumb\",\"itemListElement\":[{\"@type\":\"ListItem\",\"position\":1,\"item\":{\"@type\":\"WebPage\",\"@id\":\"https:\/\/abrelivros.org.br\/site\/\",\"url\":\"https:\/\/abrelivros.org.br\/site\/\",\"name\":\"In\\u00edcio\"}},{\"@type\":\"ListItem\",\"position\":2,\"item\":{\"@type\":\"WebPage\",\"@id\":\"https:\/\/abrelivros.org.br\/site\/category\/noticias\/\",\"url\":\"https:\/\/abrelivros.org.br\/site\/category\/noticias\/\",\"name\":\"Not\\u00edcias\"}},{\"@type\":\"ListItem\",\"position\":3,\"item\":{\"@type\":\"WebPage\",\"@id\":\"https:\/\/abrelivros.org.br\/site\/category\/noticias\/noticias-da-imprensa\/\",\"url\":\"https:\/\/abrelivros.org.br\/site\/category\/noticias\/noticias-da-imprensa\/\",\"name\":\"Not\\u00edcias da imprensa\"}},{\"@type\":\"ListItem\",\"position\":4,\"item\":{\"@type\":\"WebPage\",\"@id\":\"https:\/\/abrelivros.org.br\/site\/ribeiro-pede-apoio-de-professores-para-retorno-as-aulas\/\",\"url\":\"https:\/\/abrelivros.org.br\/site\/ribeiro-pede-apoio-de-professores-para-retorno-as-aulas\/\",\"name\":\"Ribeiro pede apoio de professores para retorno \\u00e0s aulas\"}}]},{\"@type\":\"Person\",\"@id\":\"https:\/\/abrelivros.org.br\/site\/#\/schema\/person\/65db80e26409802ce15ac5feec6a15fd\",\"name\":\"Reda\\u00e7\\u00e3o Abrelivros\",\"image\":{\"@type\":\"ImageObject\",\"@id\":\"https:\/\/abrelivros.org.br\/site\/#personlogo\",\"inLanguage\":\"pt-BR\",\"url\":\"https:\/\/secure.gravatar.com\/avatar\/c4e57f9c7e3482965bd428192061218520756c39080b1d1820b679fa5e9af192?s=96&d=mm&r=g\",\"caption\":\"Reda\\u00e7\\u00e3o Abrelivros\"}}]}<\/script>\n<!-- \/ Yoast SEO plugin. -->","_links":{"self":[{"href":"https:\/\/abrelivros.org.br\/site\/wp-json\/wp\/v2\/posts\/14463","targetHints":{"allow":["GET"]}}],"collection":[{"href":"https:\/\/abrelivros.org.br\/site\/wp-json\/wp\/v2\/posts"}],"about":[{"href":"https:\/\/abrelivros.org.br\/site\/wp-json\/wp\/v2\/types\/post"}],"author":[{"embeddable":true,"href":"https:\/\/abrelivros.org.br\/site\/wp-json\/wp\/v2\/users\/4"}],"replies":[{"embeddable":true,"href":"https:\/\/abrelivros.org.br\/site\/wp-json\/wp\/v2\/comments?post=14463"}],"version-history":[{"count":1,"href":"https:\/\/abrelivros.org.br\/site\/wp-json\/wp\/v2\/posts\/14463\/revisions"}],"predecessor-version":[{"id":14464,"href":"https:\/\/abrelivros.org.br\/site\/wp-json\/wp\/v2\/posts\/14463\/revisions\/14464"}],"wp:attachment":[{"href":"https:\/\/abrelivros.org.br\/site\/wp-json\/wp\/v2\/media?parent=14463"}],"wp:term":[{"taxonomy":"category","embeddable":true,"href":"https:\/\/abrelivros.org.br\/site\/wp-json\/wp\/v2\/categories?post=14463"},{"taxonomy":"post_tag","embeddable":true,"href":"https:\/\/abrelivros.org.br\/site\/wp-json\/wp\/v2\/tags?post=14463"}],"curies":[{"name":"wp","href":"https:\/\/api.w.org\/{rel}","templated":true}]}}