{"id":14456,"date":"2021-07-15T15:12:29","date_gmt":"2021-07-15T18:12:29","guid":{"rendered":"https:\/\/abrelivros.org.br\/site\/?p=14456"},"modified":"2021-07-15T15:12:29","modified_gmt":"2021-07-15T18:12:29","slug":"vendas-seguem-em-alta-no-6o-periodo-de-2021-e-mercado-livreiro-ensaia-retomada","status":"publish","type":"post","link":"https:\/\/abrelivros.org.br\/site\/vendas-seguem-em-alta-no-6o-periodo-de-2021-e-mercado-livreiro-ensaia-retomada\/","title":{"rendered":"Vendas seguem em alta no 6\u00ba per\u00edodo de 2021 e mercado livreiro ensaia retomada"},"content":{"rendered":"<p>Se aproximando do fechamento do primeiro semestre, o 6\u00ba Painel do Varejo de Livros no Brasil mostra que a performance do mercado livreiro continua em alta em 2021 no comparativo com o ano passado.<!--more--> Realizado pela Nielsen BookScan e apresentado pelo SNEL, o estudo aponta que no acumulado do ano*, as vendas de livros registraram um aumento de 46,5% em volume e de 37% em faturamento. Em n\u00fameros reais, esta varia\u00e7\u00e3o significa que at\u00e9 20 de junho de 2021 foram vendidos 7,4 milh\u00f5es de exemplares a mais em rela\u00e7\u00e3o ao mesmo intervalo em 2020, com uma receita superior em R$ 269,4 milh\u00f5es.<\/p>\n<p>O crescimento expressivo explicita dois momentos distintos do mercado: nos primeiros seis meses de 2021, o setor livreiro vem se reconsolidando a partir de esfor\u00e7os comerciais que miram uma retomada. J\u00e1 nesta mesma \u00e9poca 2020, os n\u00fameros ilustravam um varejo ainda bastante atingido pelas medidas de restri\u00e7\u00e3o adotadas durante a primeira fase da pandemia. Para fins comparativos com uma base menos impactada pela crise econ\u00f4mica, no quadro abaixo relembramos os dados do 1\u00ba semestre de 2019, quando o mercado livreiro tamb\u00e9m vivia um cen\u00e1rio mais favor\u00e1vel de recupera\u00e7\u00e3o.<\/p>\n<p>Analisado de forma avulsa, o desempenho do 6\u00ba per\u00edodo de 2021** \u00e9 positivo, com um crescimento de 38% em volume e de 37,5% em valor, se comparado ao mesmo intervalo no ano passado.<\/p>\n<p>No entanto, comparando o 6\u00ba per\u00edodo de 2021 ao per\u00edodo imediatamente anterior***, notamos uma leve desacelera\u00e7\u00e3o: 6,2% em volume e 5,7% em faturamento. A redu\u00e7\u00e3o se deve \u00e0 aus\u00eancia de uma efem\u00e9ride comercial no m\u00eas de junho, enquanto em maio as vendas de livros foram aquecidas pelo Dia das M\u00e3es.<\/p>\n<p>Esses s\u00e3o alguns dos dados do 6\u00ba Painel do Varejo de Livros no Brasil em 2021, apresentados pela Nielsen BookScan e pelo Sindicato Nacional dos Editores de Livros (SNEL). Os n\u00fameros t\u00eam como base o resultado da Nielsen Bookscan Brasil, que apura as vendas das principais livrarias e supermercados no pa\u00eds.<\/p>\n<p>* T. Mercado \u2013 Acumulado WK01 \/ WK24: 2020 (30\/12\/2019 a 14\/06\/2020) x 2021 (04\/01\/2021 a 20\/06\/2021)<\/p>\n<p>** T. Mercado \u2013 Per\u00edodo 06: 2020 (18\/05\/2020 a 14\/06\/2020) x 2021 (24\/05\/2021 a 20\/06\/2021)<\/p>\n<p>*** T. Mercado \u2013 Per\u00edodo 05\/2021 (26\/04\/2021 a 23\/05\/2021) x Per\u00edodo 06\/2021 (24\/05\/2021 a 20\/06\/2021)<\/p>\n<p>Fonte: Nielsen | Nielsen BookScan<\/p>\n<p><strong>Metodologia<\/strong><\/p>\n<p>O objetivo da cria\u00e7\u00e3o do Painel \u00e9 dar mais transpar\u00eancia \u00e0 ind\u00fastria editorial brasileira. A iniciativa da parceria entre o SNEL (Sindicato Nacional dos Editores de Livros) e a Nielsen disponibiliza para o setor dados atualizados que poder\u00e3o contribuir nas tomadas de decis\u00f5es por empres\u00e1rios de todos os portes.<\/p>\n<p>Para a realiza\u00e7\u00e3o do Painel, os dados s\u00e3o coletados diretamente do \u201ccaixa\u201d das livrarias, e-commerce e varejistas colaboradores. As informa\u00e7\u00f5es s\u00e3o recebidas eletronicamente em formato de banco de dados. Ap\u00f3s o processamento, os dados s\u00e3o enviados online e atualizados semanalmente.<\/p>\n","protected":false},"excerpt":{"rendered":"<p>Se aproximando do fechamento do primeiro semestre, o 6\u00ba Painel do Varejo de Livros no Brasil mostra que a performance do mercado livreiro continua em alta em 2021 no comparativo com o ano passado.<\/p>\n","protected":false},"author":4,"featured_media":0,"comment_status":"closed","ping_status":"closed","sticky":false,"template":"","format":"standard","meta":{"footnotes":"","_links_to":"","_links_to_target":""},"categories":[9],"tags":[],"class_list":["post-14456","post","type-post","status-publish","format-standard","hentry","category-noticias-da-imprensa"],"yoast_head":"<!-- This site is optimized with the Yoast SEO plugin v15.1 - https:\/\/yoast.com\/wordpress\/plugins\/seo\/ -->\n<title>Vendas seguem em alta no 6\u00ba per\u00edodo de 2021 e mercado livreiro ensaia retomada &raquo; Abrelivros<\/title>\n<meta name=\"robots\" content=\"index, follow, max-snippet:-1, max-image-preview:large, max-video-preview:-1\" \/>\n<link rel=\"canonical\" href=\"https:\/\/abrelivros.org.br\/site\/vendas-seguem-em-alta-no-6o-periodo-de-2021-e-mercado-livreiro-ensaia-retomada\/\" \/>\n<meta property=\"og:locale\" content=\"pt_BR\" \/>\n<meta property=\"og:type\" content=\"article\" \/>\n<meta property=\"og:title\" content=\"Vendas seguem em alta no 6\u00ba per\u00edodo de 2021 e mercado livreiro ensaia retomada &raquo; Abrelivros\" \/>\n<meta property=\"og:description\" content=\"Se aproximando do fechamento do primeiro semestre, o 6\u00ba Painel do Varejo de Livros no Brasil mostra que a performance do mercado livreiro continua em alta em 2021 no comparativo com o ano passado.\" \/>\n<meta property=\"og:url\" content=\"https:\/\/abrelivros.org.br\/site\/vendas-seguem-em-alta-no-6o-periodo-de-2021-e-mercado-livreiro-ensaia-retomada\/\" \/>\n<meta property=\"og:site_name\" content=\"Abrelivros\" \/>\n<meta property=\"article:published_time\" content=\"2021-07-15T18:12:29+00:00\" \/>\n<meta name=\"twitter:card\" content=\"summary_large_image\" \/>\n<script type=\"application\/ld+json\" class=\"yoast-schema-graph\">{\"@context\":\"https:\/\/schema.org\",\"@graph\":[{\"@type\":\"WebSite\",\"@id\":\"https:\/\/abrelivros.org.br\/site\/#website\",\"url\":\"https:\/\/abrelivros.org.br\/site\/\",\"name\":\"Abrelivros\",\"description\":\"\",\"potentialAction\":[{\"@type\":\"SearchAction\",\"target\":\"https:\/\/abrelivros.org.br\/site\/?s={search_term_string}\",\"query-input\":\"required name=search_term_string\"}],\"inLanguage\":\"pt-BR\"},{\"@type\":\"WebPage\",\"@id\":\"https:\/\/abrelivros.org.br\/site\/vendas-seguem-em-alta-no-6o-periodo-de-2021-e-mercado-livreiro-ensaia-retomada\/#webpage\",\"url\":\"https:\/\/abrelivros.org.br\/site\/vendas-seguem-em-alta-no-6o-periodo-de-2021-e-mercado-livreiro-ensaia-retomada\/\",\"name\":\"Vendas seguem em alta no 6\\u00ba per\\u00edodo de 2021 e mercado livreiro ensaia retomada &raquo; Abrelivros\",\"isPartOf\":{\"@id\":\"https:\/\/abrelivros.org.br\/site\/#website\"},\"datePublished\":\"2021-07-15T18:12:29+00:00\",\"dateModified\":\"2021-07-15T18:12:29+00:00\",\"author\":{\"@id\":\"https:\/\/abrelivros.org.br\/site\/#\/schema\/person\/65db80e26409802ce15ac5feec6a15fd\"},\"breadcrumb\":{\"@id\":\"https:\/\/abrelivros.org.br\/site\/vendas-seguem-em-alta-no-6o-periodo-de-2021-e-mercado-livreiro-ensaia-retomada\/#breadcrumb\"},\"inLanguage\":\"pt-BR\",\"potentialAction\":[{\"@type\":\"ReadAction\",\"target\":[\"https:\/\/abrelivros.org.br\/site\/vendas-seguem-em-alta-no-6o-periodo-de-2021-e-mercado-livreiro-ensaia-retomada\/\"]}]},{\"@type\":\"BreadcrumbList\",\"@id\":\"https:\/\/abrelivros.org.br\/site\/vendas-seguem-em-alta-no-6o-periodo-de-2021-e-mercado-livreiro-ensaia-retomada\/#breadcrumb\",\"itemListElement\":[{\"@type\":\"ListItem\",\"position\":1,\"item\":{\"@type\":\"WebPage\",\"@id\":\"https:\/\/abrelivros.org.br\/site\/\",\"url\":\"https:\/\/abrelivros.org.br\/site\/\",\"name\":\"In\\u00edcio\"}},{\"@type\":\"ListItem\",\"position\":2,\"item\":{\"@type\":\"WebPage\",\"@id\":\"https:\/\/abrelivros.org.br\/site\/category\/noticias\/\",\"url\":\"https:\/\/abrelivros.org.br\/site\/category\/noticias\/\",\"name\":\"Not\\u00edcias\"}},{\"@type\":\"ListItem\",\"position\":3,\"item\":{\"@type\":\"WebPage\",\"@id\":\"https:\/\/abrelivros.org.br\/site\/category\/noticias\/noticias-da-imprensa\/\",\"url\":\"https:\/\/abrelivros.org.br\/site\/category\/noticias\/noticias-da-imprensa\/\",\"name\":\"Not\\u00edcias da imprensa\"}},{\"@type\":\"ListItem\",\"position\":4,\"item\":{\"@type\":\"WebPage\",\"@id\":\"https:\/\/abrelivros.org.br\/site\/vendas-seguem-em-alta-no-6o-periodo-de-2021-e-mercado-livreiro-ensaia-retomada\/\",\"url\":\"https:\/\/abrelivros.org.br\/site\/vendas-seguem-em-alta-no-6o-periodo-de-2021-e-mercado-livreiro-ensaia-retomada\/\",\"name\":\"Vendas seguem em alta no 6\\u00ba per\\u00edodo de 2021 e mercado livreiro ensaia retomada\"}}]},{\"@type\":\"Person\",\"@id\":\"https:\/\/abrelivros.org.br\/site\/#\/schema\/person\/65db80e26409802ce15ac5feec6a15fd\",\"name\":\"Reda\\u00e7\\u00e3o Abrelivros\",\"image\":{\"@type\":\"ImageObject\",\"@id\":\"https:\/\/abrelivros.org.br\/site\/#personlogo\",\"inLanguage\":\"pt-BR\",\"url\":\"https:\/\/secure.gravatar.com\/avatar\/c4e57f9c7e3482965bd428192061218520756c39080b1d1820b679fa5e9af192?s=96&d=mm&r=g\",\"caption\":\"Reda\\u00e7\\u00e3o Abrelivros\"}}]}<\/script>\n<!-- \/ Yoast SEO plugin. -->","_links":{"self":[{"href":"https:\/\/abrelivros.org.br\/site\/wp-json\/wp\/v2\/posts\/14456","targetHints":{"allow":["GET"]}}],"collection":[{"href":"https:\/\/abrelivros.org.br\/site\/wp-json\/wp\/v2\/posts"}],"about":[{"href":"https:\/\/abrelivros.org.br\/site\/wp-json\/wp\/v2\/types\/post"}],"author":[{"embeddable":true,"href":"https:\/\/abrelivros.org.br\/site\/wp-json\/wp\/v2\/users\/4"}],"replies":[{"embeddable":true,"href":"https:\/\/abrelivros.org.br\/site\/wp-json\/wp\/v2\/comments?post=14456"}],"version-history":[{"count":1,"href":"https:\/\/abrelivros.org.br\/site\/wp-json\/wp\/v2\/posts\/14456\/revisions"}],"predecessor-version":[{"id":14457,"href":"https:\/\/abrelivros.org.br\/site\/wp-json\/wp\/v2\/posts\/14456\/revisions\/14457"}],"wp:attachment":[{"href":"https:\/\/abrelivros.org.br\/site\/wp-json\/wp\/v2\/media?parent=14456"}],"wp:term":[{"taxonomy":"category","embeddable":true,"href":"https:\/\/abrelivros.org.br\/site\/wp-json\/wp\/v2\/categories?post=14456"},{"taxonomy":"post_tag","embeddable":true,"href":"https:\/\/abrelivros.org.br\/site\/wp-json\/wp\/v2\/tags?post=14456"}],"curies":[{"name":"wp","href":"https:\/\/api.w.org\/{rel}","templated":true}]}}