{"id":14453,"date":"2021-07-15T15:04:47","date_gmt":"2021-07-15T18:04:47","guid":{"rendered":"https:\/\/abrelivros.org.br\/site\/?p=14453"},"modified":"2021-07-15T15:10:05","modified_gmt":"2021-07-15T18:10:05","slug":"mec-e-ocde-debatem-novas-diretrizes-para-o-saeb","status":"publish","type":"post","link":"https:\/\/abrelivros.org.br\/site\/mec-e-ocde-debatem-novas-diretrizes-para-o-saeb\/","title":{"rendered":"MEC e OCDE debatem novas diretrizes para o Saeb"},"content":{"rendered":"<p>Vai ao ar, nesta quinta-feira (15), no canal do Minist\u00e9rio da Educa\u00e7\u00e3o no Youtube, uma s\u00e9rie de entrevistas virtuais com a Organiza\u00e7\u00e3o para Coopera\u00e7\u00e3o e Desenvolvimento Econ\u00f4mico (OCDE), sobre o Sistema de Avalia\u00e7\u00e3o da Educa\u00e7\u00e3o B\u00e1sica (Saeb).<!--more--> O organismo internacional analisou as reformas e forneceu diagn\u00f3stico para adequar o sistema aos novos padr\u00f5es. O estudo foi baseado em pesquisa de hist\u00f3rico e as conclus\u00f5es desta revis\u00e3o est\u00e3o no relat\u00f3rio que foi lan\u00e7ado hoje \u00e0s 8h.<\/p>\n<p>Participam do debate o Secret\u00e1rio da Educa\u00e7\u00e3o B\u00e1sica, Mauro Rabelo, o Presidente do INEP, Danilo Dupas, e o Diretor do Comit\u00ea de Pol\u00edticas Educacionais e Compet\u00eancias da OCDE, Andreas Schleicher.<\/p>\n<p>O material \u00e9 uma perspectiva independente sobre como as mudan\u00e7as podem ser mais eficazes, levando em considera\u00e7\u00e3o as pesquisas e as experi\u00eancias internacionais da OCDE. O objetivo \u00e9 apoiar os formuladores de pol\u00edticas brasileiras em sua reflex\u00e3o sobre os potenciais e recursos de design para o futuro do sistema de avalia\u00e7\u00e3o.<\/p>\n<p>Al\u00e9m disso, a perspectiva do organismo tamb\u00e9m dever\u00e1 contribuir para o debate nacional sobre como o SAEB pode ser transformado para se alinhar com a responsabilidade e objetivos da educa\u00e7\u00e3o do Brasil, alcan\u00e7ando melhor equil\u00edbrio entre as fun\u00e7\u00f5es da avalia\u00e7\u00e3o que ajudam a aumentar a qualidade e a equidade educacional.<\/p>\n<p><strong>*O ESTUDO*<\/strong><\/p>\n<p>Em 2017, o governo brasileiro aprovou uma nova Base Curricular Comum Nacional (Base Curricular Comum Nacional, BNCC) e criou um novo modelo para o ensino m\u00e9dio que integrava de modo geral os programas vocacionais. Essas reformas representam novas abordagens de ensino e aprendizagem, de modo que todos os alunos tenham a chance de alcan\u00e7ar os padr\u00f5es nacionais e prosperar.<\/p>\n<p>As mudan\u00e7as tamb\u00e9m apresentam oportunidade de revisar o prop\u00f3sito e o desenho do Sistema de Avalia\u00e7\u00e3o da Educa\u00e7\u00e3o B\u00e1sica (SAEB), que tem sido uma fonte essencial de informa\u00e7\u00f5es sobre os resultados de aprendizagem dos alunos nos \u00faltimos 30 anos.<\/p>\n<p>Como resultado, o governo federal est\u00e1 discutindo atualmente como desenvolver o sistema, para que se alinhe mais estreitamente aos novos padr\u00f5es de aprendizagem do Brasil, al\u00e9m de fornecer dados que possam apoiar uma ampla lista de atores da educa\u00e7\u00e3o, da sala de aula ao minist\u00e9rio &#8211; em seus esfor\u00e7os para aumentar o desempenho educacional e reduzir as desigualdades.<\/p>\n","protected":false},"excerpt":{"rendered":"<p>Vai ao ar, nesta quinta-feira (15), no canal do Minist\u00e9rio da Educa\u00e7\u00e3o no Youtube, uma s\u00e9rie de entrevistas virtuais com a Organiza\u00e7\u00e3o para Coopera\u00e7\u00e3o e Desenvolvimento Econ\u00f4mico (OCDE), sobre o Sistema de Avalia\u00e7\u00e3o da Educa\u00e7\u00e3o B\u00e1sica (Saeb).<\/p>\n","protected":false},"author":4,"featured_media":0,"comment_status":"closed","ping_status":"closed","sticky":false,"template":"","format":"standard","meta":{"footnotes":"","_links_to":"","_links_to_target":""},"categories":[9],"tags":[],"class_list":["post-14453","post","type-post","status-publish","format-standard","hentry","category-noticias-da-imprensa"],"yoast_head":"<!-- This site is optimized with the Yoast SEO plugin v15.1 - https:\/\/yoast.com\/wordpress\/plugins\/seo\/ -->\n<title>MEC e OCDE debatem novas diretrizes para o Saeb &raquo; Abrelivros<\/title>\n<meta name=\"robots\" content=\"index, follow, max-snippet:-1, max-image-preview:large, max-video-preview:-1\" \/>\n<link rel=\"canonical\" href=\"https:\/\/abrelivros.org.br\/site\/mec-e-ocde-debatem-novas-diretrizes-para-o-saeb\/\" \/>\n<meta property=\"og:locale\" content=\"pt_BR\" \/>\n<meta property=\"og:type\" content=\"article\" \/>\n<meta property=\"og:title\" content=\"MEC e OCDE debatem novas diretrizes para o Saeb &raquo; Abrelivros\" \/>\n<meta property=\"og:description\" content=\"Vai ao ar, nesta quinta-feira (15), no canal do Minist\u00e9rio da Educa\u00e7\u00e3o no Youtube, uma s\u00e9rie de entrevistas virtuais com a Organiza\u00e7\u00e3o para Coopera\u00e7\u00e3o e Desenvolvimento Econ\u00f4mico (OCDE), sobre o Sistema de Avalia\u00e7\u00e3o da Educa\u00e7\u00e3o B\u00e1sica (Saeb).\" \/>\n<meta property=\"og:url\" content=\"https:\/\/abrelivros.org.br\/site\/mec-e-ocde-debatem-novas-diretrizes-para-o-saeb\/\" \/>\n<meta property=\"og:site_name\" content=\"Abrelivros\" \/>\n<meta property=\"article:published_time\" content=\"2021-07-15T18:04:47+00:00\" \/>\n<meta property=\"article:modified_time\" content=\"2021-07-15T18:10:05+00:00\" \/>\n<meta name=\"twitter:card\" content=\"summary_large_image\" \/>\n<script type=\"application\/ld+json\" class=\"yoast-schema-graph\">{\"@context\":\"https:\/\/schema.org\",\"@graph\":[{\"@type\":\"WebSite\",\"@id\":\"https:\/\/abrelivros.org.br\/site\/#website\",\"url\":\"https:\/\/abrelivros.org.br\/site\/\",\"name\":\"Abrelivros\",\"description\":\"\",\"potentialAction\":[{\"@type\":\"SearchAction\",\"target\":\"https:\/\/abrelivros.org.br\/site\/?s={search_term_string}\",\"query-input\":\"required name=search_term_string\"}],\"inLanguage\":\"pt-BR\"},{\"@type\":\"WebPage\",\"@id\":\"https:\/\/abrelivros.org.br\/site\/mec-e-ocde-debatem-novas-diretrizes-para-o-saeb\/#webpage\",\"url\":\"https:\/\/abrelivros.org.br\/site\/mec-e-ocde-debatem-novas-diretrizes-para-o-saeb\/\",\"name\":\"MEC e OCDE debatem novas diretrizes para o Saeb &raquo; Abrelivros\",\"isPartOf\":{\"@id\":\"https:\/\/abrelivros.org.br\/site\/#website\"},\"datePublished\":\"2021-07-15T18:04:47+00:00\",\"dateModified\":\"2021-07-15T18:10:05+00:00\",\"author\":{\"@id\":\"https:\/\/abrelivros.org.br\/site\/#\/schema\/person\/65db80e26409802ce15ac5feec6a15fd\"},\"breadcrumb\":{\"@id\":\"https:\/\/abrelivros.org.br\/site\/mec-e-ocde-debatem-novas-diretrizes-para-o-saeb\/#breadcrumb\"},\"inLanguage\":\"pt-BR\",\"potentialAction\":[{\"@type\":\"ReadAction\",\"target\":[\"https:\/\/abrelivros.org.br\/site\/mec-e-ocde-debatem-novas-diretrizes-para-o-saeb\/\"]}]},{\"@type\":\"BreadcrumbList\",\"@id\":\"https:\/\/abrelivros.org.br\/site\/mec-e-ocde-debatem-novas-diretrizes-para-o-saeb\/#breadcrumb\",\"itemListElement\":[{\"@type\":\"ListItem\",\"position\":1,\"item\":{\"@type\":\"WebPage\",\"@id\":\"https:\/\/abrelivros.org.br\/site\/\",\"url\":\"https:\/\/abrelivros.org.br\/site\/\",\"name\":\"In\\u00edcio\"}},{\"@type\":\"ListItem\",\"position\":2,\"item\":{\"@type\":\"WebPage\",\"@id\":\"https:\/\/abrelivros.org.br\/site\/category\/noticias\/\",\"url\":\"https:\/\/abrelivros.org.br\/site\/category\/noticias\/\",\"name\":\"Not\\u00edcias\"}},{\"@type\":\"ListItem\",\"position\":3,\"item\":{\"@type\":\"WebPage\",\"@id\":\"https:\/\/abrelivros.org.br\/site\/category\/noticias\/noticias-da-imprensa\/\",\"url\":\"https:\/\/abrelivros.org.br\/site\/category\/noticias\/noticias-da-imprensa\/\",\"name\":\"Not\\u00edcias da imprensa\"}},{\"@type\":\"ListItem\",\"position\":4,\"item\":{\"@type\":\"WebPage\",\"@id\":\"https:\/\/abrelivros.org.br\/site\/mec-e-ocde-debatem-novas-diretrizes-para-o-saeb\/\",\"url\":\"https:\/\/abrelivros.org.br\/site\/mec-e-ocde-debatem-novas-diretrizes-para-o-saeb\/\",\"name\":\"MEC e OCDE debatem novas diretrizes para o Saeb\"}}]},{\"@type\":\"Person\",\"@id\":\"https:\/\/abrelivros.org.br\/site\/#\/schema\/person\/65db80e26409802ce15ac5feec6a15fd\",\"name\":\"Reda\\u00e7\\u00e3o Abrelivros\",\"image\":{\"@type\":\"ImageObject\",\"@id\":\"https:\/\/abrelivros.org.br\/site\/#personlogo\",\"inLanguage\":\"pt-BR\",\"url\":\"https:\/\/secure.gravatar.com\/avatar\/c4e57f9c7e3482965bd428192061218520756c39080b1d1820b679fa5e9af192?s=96&d=mm&r=g\",\"caption\":\"Reda\\u00e7\\u00e3o Abrelivros\"}}]}<\/script>\n<!-- \/ Yoast SEO plugin. -->","_links":{"self":[{"href":"https:\/\/abrelivros.org.br\/site\/wp-json\/wp\/v2\/posts\/14453","targetHints":{"allow":["GET"]}}],"collection":[{"href":"https:\/\/abrelivros.org.br\/site\/wp-json\/wp\/v2\/posts"}],"about":[{"href":"https:\/\/abrelivros.org.br\/site\/wp-json\/wp\/v2\/types\/post"}],"author":[{"embeddable":true,"href":"https:\/\/abrelivros.org.br\/site\/wp-json\/wp\/v2\/users\/4"}],"replies":[{"embeddable":true,"href":"https:\/\/abrelivros.org.br\/site\/wp-json\/wp\/v2\/comments?post=14453"}],"version-history":[{"count":2,"href":"https:\/\/abrelivros.org.br\/site\/wp-json\/wp\/v2\/posts\/14453\/revisions"}],"predecessor-version":[{"id":14455,"href":"https:\/\/abrelivros.org.br\/site\/wp-json\/wp\/v2\/posts\/14453\/revisions\/14455"}],"wp:attachment":[{"href":"https:\/\/abrelivros.org.br\/site\/wp-json\/wp\/v2\/media?parent=14453"}],"wp:term":[{"taxonomy":"category","embeddable":true,"href":"https:\/\/abrelivros.org.br\/site\/wp-json\/wp\/v2\/categories?post=14453"},{"taxonomy":"post_tag","embeddable":true,"href":"https:\/\/abrelivros.org.br\/site\/wp-json\/wp\/v2\/tags?post=14453"}],"curies":[{"name":"wp","href":"https:\/\/api.w.org\/{rel}","templated":true}]}}