{"id":14445,"date":"2021-07-14T14:34:42","date_gmt":"2021-07-14T17:34:42","guid":{"rendered":"https:\/\/abrelivros.org.br\/site\/?p=14445"},"modified":"2021-07-14T14:34:42","modified_gmt":"2021-07-14T17:34:42","slug":"novo-ensino-medio-visa-ofertar-os-mesmos-direitos-de-aprendizagem-para-todos-os-estudantes-brasileiros","status":"publish","type":"post","link":"https:\/\/abrelivros.org.br\/site\/novo-ensino-medio-visa-ofertar-os-mesmos-direitos-de-aprendizagem-para-todos-os-estudantes-brasileiros\/","title":{"rendered":"Novo Ensino M\u00e9dio visa ofertar os mesmos direitos de aprendizagem para todos os estudantes brasileiros"},"content":{"rendered":"<p>O Novo Ensino M\u00e9dio (NEM), institu\u00eddo com base na Lei n\u00ba 13.415\/2017 que alterou a Lei de Diretrizes e Bases da Educa\u00e7\u00e3o Nacional (LDB), estabeleceu uma mudan\u00e7a na estrutura do ensino m\u00e9dio, ampliando o tempo m\u00ednimo do estudante na escola, de 800 horas para 1.000 horas anuais (at\u00e9 o ano de 2022) e definindo uma nova organiza\u00e7\u00e3o curricular, mais flex\u00edvel, de modo a contemplar a Base Nacional Comum Curricular (BNCC) e a oferta dos itiner\u00e1rios formativos.<!--more--><\/p>\n<p>O NEM contempla a oferta de diferentes possibilidades de escolhas aos estudantes, os chamados itiner\u00e1rios formativos, que t\u00eam foco nas \u00e1reas de conhecimento (Linguagens e suas Tecnologias, Matem\u00e1tica e suas Tecnologias, Ci\u00eancias da Natureza e suas Tecnologias, Ci\u00eancias Humanas e Sociais Aplicadas) e na Forma\u00e7\u00e3o T\u00e9cnica e Profissional. Os itiner\u00e1rios formativos permitem que os estudantes escolham as trilhas de aprofundamento e eletivas, ampliando e aprofundando seus conhecimentos em uma dessas cinco \u00e1reas.<\/p>\n<p>O NEM objetiva, ainda, garantir a oferta de educa\u00e7\u00e3o de qualidade a todos os jovens brasileiros e aproximar as escolas \u00e0 realidade dos estudantes, considerando as novas demandas e complexidades do mundo do trabalho e da vida em sociedade. Os estudantes, com ajuda de seus professores, poder\u00e3o definir seus percursos formativos, conforme seus interesses e necessidades, durante o processo de constru\u00e7\u00e3o de seus projetos de vida.<\/p>\n<p>As escolas ir\u00e3o ofertar espa\u00e7os e estrat\u00e9gias de di\u00e1logo com os estudantes, avaliando seus interesses, demonstrando possibilidades e promovendo a orienta\u00e7\u00e3o a fim de que os estudantes sejam capazes de realizar escolhas respons\u00e1veis e conscientes, em di\u00e1logo com seus anseios e aptid\u00f5es.<\/p>\n<p>Os novos curr\u00edculos contemplam a forma\u00e7\u00e3o geral, orientada pela BNCC, e os itiner\u00e1rios formativos para que os estudantes aprofundem seus estudos nas \u00e1reas de conhecimento nas quais se identificam. Essa nova organiza\u00e7\u00e3o contribuir\u00e1 para o aumento do interesse dos jovens em ter acesso \u00e0 escola e, consequentemente, para a sua perman\u00eancia e melhoria dos resultados da aprendizagem.<\/p>\n","protected":false},"excerpt":{"rendered":"<p>O Novo Ensino M\u00e9dio (NEM), institu\u00eddo com base na Lei n\u00ba 13.415\/2017 que alterou a Lei de Diretrizes e Bases da Educa\u00e7\u00e3o Nacional (LDB), estabeleceu uma mudan\u00e7a na estrutura do ensino m\u00e9dio, ampliando o tempo m\u00ednimo do estudante na escola, de 800 horas para 1.000 horas anuais (at\u00e9 o ano de 2022) e definindo uma [&hellip;]<\/p>\n","protected":false},"author":4,"featured_media":0,"comment_status":"closed","ping_status":"closed","sticky":false,"template":"","format":"standard","meta":{"footnotes":"","_links_to":"","_links_to_target":""},"categories":[9],"tags":[],"class_list":["post-14445","post","type-post","status-publish","format-standard","hentry","category-noticias-da-imprensa"],"yoast_head":"<!-- This site is optimized with the Yoast SEO plugin v15.1 - https:\/\/yoast.com\/wordpress\/plugins\/seo\/ -->\n<title>Novo Ensino M\u00e9dio visa ofertar os mesmos direitos de aprendizagem para todos os estudantes brasileiros &raquo; Abrelivros<\/title>\n<meta name=\"robots\" content=\"index, follow, max-snippet:-1, max-image-preview:large, max-video-preview:-1\" \/>\n<link rel=\"canonical\" href=\"https:\/\/abrelivros.org.br\/site\/novo-ensino-medio-visa-ofertar-os-mesmos-direitos-de-aprendizagem-para-todos-os-estudantes-brasileiros\/\" \/>\n<meta property=\"og:locale\" content=\"pt_BR\" \/>\n<meta property=\"og:type\" content=\"article\" \/>\n<meta property=\"og:title\" content=\"Novo Ensino M\u00e9dio visa ofertar os mesmos direitos de aprendizagem para todos os estudantes brasileiros &raquo; Abrelivros\" \/>\n<meta property=\"og:description\" content=\"O Novo Ensino M\u00e9dio (NEM), institu\u00eddo com base na Lei n\u00ba 13.415\/2017 que alterou a Lei de Diretrizes e Bases da Educa\u00e7\u00e3o Nacional (LDB), estabeleceu uma mudan\u00e7a na estrutura do ensino m\u00e9dio, ampliando o tempo m\u00ednimo do estudante na escola, de 800 horas para 1.000 horas anuais (at\u00e9 o ano de 2022) e definindo uma [&hellip;]\" \/>\n<meta property=\"og:url\" content=\"https:\/\/abrelivros.org.br\/site\/novo-ensino-medio-visa-ofertar-os-mesmos-direitos-de-aprendizagem-para-todos-os-estudantes-brasileiros\/\" \/>\n<meta property=\"og:site_name\" content=\"Abrelivros\" \/>\n<meta property=\"article:published_time\" content=\"2021-07-14T17:34:42+00:00\" \/>\n<meta name=\"twitter:card\" content=\"summary_large_image\" \/>\n<script type=\"application\/ld+json\" class=\"yoast-schema-graph\">{\"@context\":\"https:\/\/schema.org\",\"@graph\":[{\"@type\":\"WebSite\",\"@id\":\"https:\/\/abrelivros.org.br\/site\/#website\",\"url\":\"https:\/\/abrelivros.org.br\/site\/\",\"name\":\"Abrelivros\",\"description\":\"\",\"potentialAction\":[{\"@type\":\"SearchAction\",\"target\":\"https:\/\/abrelivros.org.br\/site\/?s={search_term_string}\",\"query-input\":\"required name=search_term_string\"}],\"inLanguage\":\"pt-BR\"},{\"@type\":\"WebPage\",\"@id\":\"https:\/\/abrelivros.org.br\/site\/novo-ensino-medio-visa-ofertar-os-mesmos-direitos-de-aprendizagem-para-todos-os-estudantes-brasileiros\/#webpage\",\"url\":\"https:\/\/abrelivros.org.br\/site\/novo-ensino-medio-visa-ofertar-os-mesmos-direitos-de-aprendizagem-para-todos-os-estudantes-brasileiros\/\",\"name\":\"Novo Ensino M\\u00e9dio visa ofertar os mesmos direitos de aprendizagem para todos os estudantes brasileiros &raquo; Abrelivros\",\"isPartOf\":{\"@id\":\"https:\/\/abrelivros.org.br\/site\/#website\"},\"datePublished\":\"2021-07-14T17:34:42+00:00\",\"dateModified\":\"2021-07-14T17:34:42+00:00\",\"author\":{\"@id\":\"https:\/\/abrelivros.org.br\/site\/#\/schema\/person\/65db80e26409802ce15ac5feec6a15fd\"},\"breadcrumb\":{\"@id\":\"https:\/\/abrelivros.org.br\/site\/novo-ensino-medio-visa-ofertar-os-mesmos-direitos-de-aprendizagem-para-todos-os-estudantes-brasileiros\/#breadcrumb\"},\"inLanguage\":\"pt-BR\",\"potentialAction\":[{\"@type\":\"ReadAction\",\"target\":[\"https:\/\/abrelivros.org.br\/site\/novo-ensino-medio-visa-ofertar-os-mesmos-direitos-de-aprendizagem-para-todos-os-estudantes-brasileiros\/\"]}]},{\"@type\":\"BreadcrumbList\",\"@id\":\"https:\/\/abrelivros.org.br\/site\/novo-ensino-medio-visa-ofertar-os-mesmos-direitos-de-aprendizagem-para-todos-os-estudantes-brasileiros\/#breadcrumb\",\"itemListElement\":[{\"@type\":\"ListItem\",\"position\":1,\"item\":{\"@type\":\"WebPage\",\"@id\":\"https:\/\/abrelivros.org.br\/site\/\",\"url\":\"https:\/\/abrelivros.org.br\/site\/\",\"name\":\"In\\u00edcio\"}},{\"@type\":\"ListItem\",\"position\":2,\"item\":{\"@type\":\"WebPage\",\"@id\":\"https:\/\/abrelivros.org.br\/site\/category\/noticias\/\",\"url\":\"https:\/\/abrelivros.org.br\/site\/category\/noticias\/\",\"name\":\"Not\\u00edcias\"}},{\"@type\":\"ListItem\",\"position\":3,\"item\":{\"@type\":\"WebPage\",\"@id\":\"https:\/\/abrelivros.org.br\/site\/category\/noticias\/noticias-da-imprensa\/\",\"url\":\"https:\/\/abrelivros.org.br\/site\/category\/noticias\/noticias-da-imprensa\/\",\"name\":\"Not\\u00edcias da imprensa\"}},{\"@type\":\"ListItem\",\"position\":4,\"item\":{\"@type\":\"WebPage\",\"@id\":\"https:\/\/abrelivros.org.br\/site\/novo-ensino-medio-visa-ofertar-os-mesmos-direitos-de-aprendizagem-para-todos-os-estudantes-brasileiros\/\",\"url\":\"https:\/\/abrelivros.org.br\/site\/novo-ensino-medio-visa-ofertar-os-mesmos-direitos-de-aprendizagem-para-todos-os-estudantes-brasileiros\/\",\"name\":\"Novo Ensino M\\u00e9dio visa ofertar os mesmos direitos de aprendizagem para todos os estudantes brasileiros\"}}]},{\"@type\":\"Person\",\"@id\":\"https:\/\/abrelivros.org.br\/site\/#\/schema\/person\/65db80e26409802ce15ac5feec6a15fd\",\"name\":\"Reda\\u00e7\\u00e3o Abrelivros\",\"image\":{\"@type\":\"ImageObject\",\"@id\":\"https:\/\/abrelivros.org.br\/site\/#personlogo\",\"inLanguage\":\"pt-BR\",\"url\":\"https:\/\/secure.gravatar.com\/avatar\/c4e57f9c7e3482965bd428192061218520756c39080b1d1820b679fa5e9af192?s=96&d=mm&r=g\",\"caption\":\"Reda\\u00e7\\u00e3o Abrelivros\"}}]}<\/script>\n<!-- \/ Yoast SEO plugin. -->","_links":{"self":[{"href":"https:\/\/abrelivros.org.br\/site\/wp-json\/wp\/v2\/posts\/14445","targetHints":{"allow":["GET"]}}],"collection":[{"href":"https:\/\/abrelivros.org.br\/site\/wp-json\/wp\/v2\/posts"}],"about":[{"href":"https:\/\/abrelivros.org.br\/site\/wp-json\/wp\/v2\/types\/post"}],"author":[{"embeddable":true,"href":"https:\/\/abrelivros.org.br\/site\/wp-json\/wp\/v2\/users\/4"}],"replies":[{"embeddable":true,"href":"https:\/\/abrelivros.org.br\/site\/wp-json\/wp\/v2\/comments?post=14445"}],"version-history":[{"count":1,"href":"https:\/\/abrelivros.org.br\/site\/wp-json\/wp\/v2\/posts\/14445\/revisions"}],"predecessor-version":[{"id":14446,"href":"https:\/\/abrelivros.org.br\/site\/wp-json\/wp\/v2\/posts\/14445\/revisions\/14446"}],"wp:attachment":[{"href":"https:\/\/abrelivros.org.br\/site\/wp-json\/wp\/v2\/media?parent=14445"}],"wp:term":[{"taxonomy":"category","embeddable":true,"href":"https:\/\/abrelivros.org.br\/site\/wp-json\/wp\/v2\/categories?post=14445"},{"taxonomy":"post_tag","embeddable":true,"href":"https:\/\/abrelivros.org.br\/site\/wp-json\/wp\/v2\/tags?post=14445"}],"curies":[{"name":"wp","href":"https:\/\/api.w.org\/{rel}","templated":true}]}}