{"id":14440,"date":"2021-07-13T15:05:53","date_gmt":"2021-07-13T18:05:53","guid":{"rendered":"https:\/\/abrelivros.org.br\/site\/?p=14440"},"modified":"2021-07-13T15:06:42","modified_gmt":"2021-07-13T18:06:42","slug":"estao-abertas-as-inscricoes-para-o-programa-de-apoio-a-pesquisa-da-bn","status":"publish","type":"post","link":"https:\/\/abrelivros.org.br\/site\/estao-abertas-as-inscricoes-para-o-programa-de-apoio-a-pesquisa-da-bn\/","title":{"rendered":"Est\u00e3o abertas as inscri\u00e7\u00f5es para o Programa de Apoio \u00e0 Pesquisa da BN"},"content":{"rendered":"<p>A Biblioteca Nacional lan\u00e7ou o seu <a href=\"https:\/\/www.bn.gov.br\/edital\/2021\/edital-programa-nacional-apoio-pesquisa-biblioteca-nacional\" target=\"_blank\" rel=\"noopener noreferrer\">Programa de apoio \u00e0 pesquisa 2021<\/a>. O edital prev\u00ea a sele\u00e7\u00e3o de pesquisadores para concess\u00e3o de bolsas, visando incentivar a produ\u00e7\u00e3o de trabalhos originais.<!--more--> desenvolvidos a partir de pesquisas no acervo da Funda\u00e7\u00e3o Biblioteca Nacional, em qualquer uma de suas \u00e1reas. Pelos termos do programa, a FBN poder\u00e1 conceder bolsas de pesquisa a doutores, com desembolso mensal, por um per\u00edodo de um ano para pesquisadores brasileiros, natos ou naturalizados, ou estrangeiros com resid\u00eancia e visto permanentes no Brasil. A escolha do tema do projeto \u00e9 livre, por\u00e9m, receber\u00e3o b\u00f4nus na avalia\u00e7\u00e3o os projetos que se enquadrarem nas \u00e1reas de Mem\u00f3ria e preserva\u00e7\u00e3o digital; 200 anos da Independ\u00eancia do Brasil; Livro, leitura e bibliotecas e Letras cl\u00e1ssicas. As inscri\u00e7\u00f5es terminam no dia 03 de agosto.<\/p>\n","protected":false},"excerpt":{"rendered":"<p>A Biblioteca Nacional lan\u00e7ou o seu Programa de apoio \u00e0 pesquisa 2021. O edital prev\u00ea a sele\u00e7\u00e3o de pesquisadores para concess\u00e3o de bolsas, visando incentivar a produ\u00e7\u00e3o de trabalhos originais.<\/p>\n","protected":false},"author":4,"featured_media":0,"comment_status":"closed","ping_status":"closed","sticky":false,"template":"","format":"standard","meta":{"footnotes":"","_links_to":"","_links_to_target":""},"categories":[9],"tags":[],"class_list":["post-14440","post","type-post","status-publish","format-standard","hentry","category-noticias-da-imprensa"],"yoast_head":"<!-- This site is optimized with the Yoast SEO plugin v15.1 - https:\/\/yoast.com\/wordpress\/plugins\/seo\/ -->\n<title>Est\u00e3o abertas as inscri\u00e7\u00f5es para o Programa de Apoio \u00e0 Pesquisa da BN &raquo; Abrelivros<\/title>\n<meta name=\"robots\" content=\"index, follow, max-snippet:-1, max-image-preview:large, max-video-preview:-1\" \/>\n<link rel=\"canonical\" href=\"https:\/\/abrelivros.org.br\/site\/estao-abertas-as-inscricoes-para-o-programa-de-apoio-a-pesquisa-da-bn\/\" \/>\n<meta property=\"og:locale\" content=\"pt_BR\" \/>\n<meta property=\"og:type\" content=\"article\" \/>\n<meta property=\"og:title\" content=\"Est\u00e3o abertas as inscri\u00e7\u00f5es para o Programa de Apoio \u00e0 Pesquisa da BN &raquo; Abrelivros\" \/>\n<meta property=\"og:description\" content=\"A Biblioteca Nacional lan\u00e7ou o seu Programa de apoio \u00e0 pesquisa 2021. O edital prev\u00ea a sele\u00e7\u00e3o de pesquisadores para concess\u00e3o de bolsas, visando incentivar a produ\u00e7\u00e3o de trabalhos originais.\" \/>\n<meta property=\"og:url\" content=\"https:\/\/abrelivros.org.br\/site\/estao-abertas-as-inscricoes-para-o-programa-de-apoio-a-pesquisa-da-bn\/\" \/>\n<meta property=\"og:site_name\" content=\"Abrelivros\" \/>\n<meta property=\"article:published_time\" content=\"2021-07-13T18:05:53+00:00\" \/>\n<meta property=\"article:modified_time\" content=\"2021-07-13T18:06:42+00:00\" \/>\n<meta name=\"twitter:card\" content=\"summary_large_image\" \/>\n<script type=\"application\/ld+json\" class=\"yoast-schema-graph\">{\"@context\":\"https:\/\/schema.org\",\"@graph\":[{\"@type\":\"WebSite\",\"@id\":\"https:\/\/abrelivros.org.br\/site\/#website\",\"url\":\"https:\/\/abrelivros.org.br\/site\/\",\"name\":\"Abrelivros\",\"description\":\"\",\"potentialAction\":[{\"@type\":\"SearchAction\",\"target\":\"https:\/\/abrelivros.org.br\/site\/?s={search_term_string}\",\"query-input\":\"required name=search_term_string\"}],\"inLanguage\":\"pt-BR\"},{\"@type\":\"WebPage\",\"@id\":\"https:\/\/abrelivros.org.br\/site\/estao-abertas-as-inscricoes-para-o-programa-de-apoio-a-pesquisa-da-bn\/#webpage\",\"url\":\"https:\/\/abrelivros.org.br\/site\/estao-abertas-as-inscricoes-para-o-programa-de-apoio-a-pesquisa-da-bn\/\",\"name\":\"Est\\u00e3o abertas as inscri\\u00e7\\u00f5es para o Programa de Apoio \\u00e0 Pesquisa da BN &raquo; Abrelivros\",\"isPartOf\":{\"@id\":\"https:\/\/abrelivros.org.br\/site\/#website\"},\"datePublished\":\"2021-07-13T18:05:53+00:00\",\"dateModified\":\"2021-07-13T18:06:42+00:00\",\"author\":{\"@id\":\"https:\/\/abrelivros.org.br\/site\/#\/schema\/person\/65db80e26409802ce15ac5feec6a15fd\"},\"breadcrumb\":{\"@id\":\"https:\/\/abrelivros.org.br\/site\/estao-abertas-as-inscricoes-para-o-programa-de-apoio-a-pesquisa-da-bn\/#breadcrumb\"},\"inLanguage\":\"pt-BR\",\"potentialAction\":[{\"@type\":\"ReadAction\",\"target\":[\"https:\/\/abrelivros.org.br\/site\/estao-abertas-as-inscricoes-para-o-programa-de-apoio-a-pesquisa-da-bn\/\"]}]},{\"@type\":\"BreadcrumbList\",\"@id\":\"https:\/\/abrelivros.org.br\/site\/estao-abertas-as-inscricoes-para-o-programa-de-apoio-a-pesquisa-da-bn\/#breadcrumb\",\"itemListElement\":[{\"@type\":\"ListItem\",\"position\":1,\"item\":{\"@type\":\"WebPage\",\"@id\":\"https:\/\/abrelivros.org.br\/site\/\",\"url\":\"https:\/\/abrelivros.org.br\/site\/\",\"name\":\"In\\u00edcio\"}},{\"@type\":\"ListItem\",\"position\":2,\"item\":{\"@type\":\"WebPage\",\"@id\":\"https:\/\/abrelivros.org.br\/site\/category\/noticias\/\",\"url\":\"https:\/\/abrelivros.org.br\/site\/category\/noticias\/\",\"name\":\"Not\\u00edcias\"}},{\"@type\":\"ListItem\",\"position\":3,\"item\":{\"@type\":\"WebPage\",\"@id\":\"https:\/\/abrelivros.org.br\/site\/category\/noticias\/noticias-da-imprensa\/\",\"url\":\"https:\/\/abrelivros.org.br\/site\/category\/noticias\/noticias-da-imprensa\/\",\"name\":\"Not\\u00edcias da imprensa\"}},{\"@type\":\"ListItem\",\"position\":4,\"item\":{\"@type\":\"WebPage\",\"@id\":\"https:\/\/abrelivros.org.br\/site\/estao-abertas-as-inscricoes-para-o-programa-de-apoio-a-pesquisa-da-bn\/\",\"url\":\"https:\/\/abrelivros.org.br\/site\/estao-abertas-as-inscricoes-para-o-programa-de-apoio-a-pesquisa-da-bn\/\",\"name\":\"Est\\u00e3o abertas as inscri\\u00e7\\u00f5es para o Programa de Apoio \\u00e0 Pesquisa da BN\"}}]},{\"@type\":\"Person\",\"@id\":\"https:\/\/abrelivros.org.br\/site\/#\/schema\/person\/65db80e26409802ce15ac5feec6a15fd\",\"name\":\"Reda\\u00e7\\u00e3o Abrelivros\",\"image\":{\"@type\":\"ImageObject\",\"@id\":\"https:\/\/abrelivros.org.br\/site\/#personlogo\",\"inLanguage\":\"pt-BR\",\"url\":\"https:\/\/secure.gravatar.com\/avatar\/c4e57f9c7e3482965bd428192061218520756c39080b1d1820b679fa5e9af192?s=96&d=mm&r=g\",\"caption\":\"Reda\\u00e7\\u00e3o Abrelivros\"}}]}<\/script>\n<!-- \/ Yoast SEO plugin. -->","_links":{"self":[{"href":"https:\/\/abrelivros.org.br\/site\/wp-json\/wp\/v2\/posts\/14440","targetHints":{"allow":["GET"]}}],"collection":[{"href":"https:\/\/abrelivros.org.br\/site\/wp-json\/wp\/v2\/posts"}],"about":[{"href":"https:\/\/abrelivros.org.br\/site\/wp-json\/wp\/v2\/types\/post"}],"author":[{"embeddable":true,"href":"https:\/\/abrelivros.org.br\/site\/wp-json\/wp\/v2\/users\/4"}],"replies":[{"embeddable":true,"href":"https:\/\/abrelivros.org.br\/site\/wp-json\/wp\/v2\/comments?post=14440"}],"version-history":[{"count":2,"href":"https:\/\/abrelivros.org.br\/site\/wp-json\/wp\/v2\/posts\/14440\/revisions"}],"predecessor-version":[{"id":14442,"href":"https:\/\/abrelivros.org.br\/site\/wp-json\/wp\/v2\/posts\/14440\/revisions\/14442"}],"wp:attachment":[{"href":"https:\/\/abrelivros.org.br\/site\/wp-json\/wp\/v2\/media?parent=14440"}],"wp:term":[{"taxonomy":"category","embeddable":true,"href":"https:\/\/abrelivros.org.br\/site\/wp-json\/wp\/v2\/categories?post=14440"},{"taxonomy":"post_tag","embeddable":true,"href":"https:\/\/abrelivros.org.br\/site\/wp-json\/wp\/v2\/tags?post=14440"}],"curies":[{"name":"wp","href":"https:\/\/api.w.org\/{rel}","templated":true}]}}